{"id":88744,"date":"2019-10-24T13:11:10","date_gmt":"2019-10-24T10:11:10","guid":{"rendered":"http:\/\/arantv.az\/?p=88744"},"modified":"2019-10-24T13:11:10","modified_gmt":"2019-10-24T10:11:10","slug":"ekspert-institusional-islahatlar-az%c9%99rbaycanda-makroiqtisadi-sabitliyi-t%c9%99min-edib","status":"publish","type":"post","link":"https:\/\/arantv.az\/?p=88744","title":{"rendered":"Ekspert: &#8220;\u0130nstitusional islahatlar Az\u0259rbaycanda makroiqtisadi sabitliyi t\u0259min edib&#8221;"},"content":{"rendered":"<blockquote><p><em><strong>Az\u0259rbaycanda son ill\u0259rd\u0259 d\u00f6vl\u0259t ba\u015f\u00e7\u0131s\u0131n\u0131n r\u0259hb\u0259rliyi alt\u0131nda ke\u00e7irilmi\u015f d\u0259rin iqtisadi islahatlar \u00f6lk\u0259nin qeyri-neft sektorunun inki\u015faf\u0131na m\u00fch\u00fcm t\u0259kan verib.<\/strong><\/em><\/p><\/blockquote>\n<p><strong>ARANTV.AZ<\/strong>\u00a0 x\u0259b\u0259r verir ki, bunu\u00a0<a href=\"https:\/\/az.trend.az\/\" target=\"_blank\" rel=\"noopener\">Trend<\/a>-\u0259 Az\u0259rbaycan D\u00f6vl\u0259t \u0130qtisad Universitetinin professoru, ekspert El\u015fad M\u0259mm\u0259dov deyib.<\/p>\n<p>O bildirib ki, islahatlar prosesind\u0259 \u00f6lk\u0259 makroiqtisadi sabitliyi t\u0259min edib, el\u0259c\u0259 d\u0259 milli valyutan\u0131n dayan\u0131ql\u0131 m\u0259z\u0259nn\u0259si t\u0259min olunub:<\/p>\n<p>&#8220;\u0130slahatlar n\u0259tic\u0259sind\u0259 bu ilin yanvar-sentyabr aylar\u0131nda \u00fcmumi daxili m\u0259hsulun \u00f6t\u0259n ilin eyni d\u00f6vr\u00fc il\u0259 m\u00fcqayis\u0259d\u0259 2,5 faiz art\u0131b. Neft s\u0259nayesind\u0259 15 faizd\u0259n \u00e7ox art\u0131m \u0259ld\u0259 olunub, k\u0259nd t\u0259s\u0259rr\u00fcfat\u0131nda art\u0131m tempi 7 faiz\u0259 b\u0259rab\u0259r olub. Az\u0259rbaycan\u0131n xarici borcu a\u015fa\u011f\u0131 s\u0259viyy\u0259d\u0259dir &#8211; \u00fcmumi daxili m\u0259hsulun 17 faizi. \u00d6lk\u0259nin q\u0131z\u0131l-valyuta ehtiyatlar\u0131 \u0259h\u0259miyy\u0259tli d\u0259r\u0259c\u0259d\u0259 art\u0131b. B\u00fct\u00fcn bunlar iqtisadi sah\u0259d\u0259 apar\u0131lan irimiqyasl\u0131 islahatlar\u0131n n\u0259tic\u0259sidir. Qeyd etm\u0259k laz\u0131md\u0131r ki, sosial y\u00f6n\u00fcml\u00fc islahatlara, pensiya, \u0259m\u0259k haqlar\u0131n\u0131n art\u0131r\u0131lmas\u0131na baxmayaraq \u00f6lk\u0259d\u0259 inflyasiya 2,5 faizd\u0259n \u00e7ox olmay\u0131b. Bununla bel\u0259, irimiqyasl\u0131 islahatlara baxmayaraq d\u00f6vl\u0259t b\u00fcdc\u0259sind\u0259n milyardlarla manat v\u0259sait ayr\u0131l\u0131b&#8221;.<\/p>\n<p>Ekspert &#8220;Doing Business&#8221; hesabat\u0131nda Az\u0259rbaycan\u0131n biznes m\u00fchiti \u00fczr\u0259 25-ci yerd\u0259, islahat\u00e7\u0131 \u00f6lk\u0259l\u0259r aras\u0131nda ilk 20 \u00f6lk\u0259 aras\u0131nda yer almas\u0131n\u0131 m\u00fch\u00fcm fakt adland\u0131r\u0131b. O \u0259lav\u0259 edib ki, Az\u0259rbaycan\u0131n &#8220;Doing Business 2019&#8221; reytinqind\u0259 m\u00f6vqeyini yax\u015f\u0131la\u015fd\u0131rmas\u0131 son ill\u0259r \u0259rzind\u0259 planl\u0131 \u015f\u0259kild\u0259 realla\u015fd\u0131r\u0131lan ciddi institusional d\u0259yi\u015fiklikl\u0259rin n\u0259tic\u0259sidir:<\/p>\n<div>\n<div id=\"AdviadNativeVideo0\" class=\"AdviadNativeVideo\"><\/div>\n<\/div>\n<p>&#8220;Bu istiqam\u0259td\u0259 i\u015fl\u0259r davam etdirilir, h\u0259l\u0259 daha \u00e7ox s\u0259y g\u00f6st\u0259rm\u0259k laz\u0131md\u0131r, pul-kredit siyas\u0259tinin g\u00fccl\u0259nm\u0259sin\u0259 y\u00f6n\u0259lmi\u015f add\u0131mlar atmaq laz\u0131md\u0131r. Bu istiqam\u0259td\u0259 m\u0259qs\u0259dy\u00f6nl\u00fc i\u015f apar\u0131l\u0131r v\u0259 fikrimc\u0259, u\u00e7ot d\u0259r\u0259c\u0259s\u0259inin azald\u0131lmas\u0131 \u00f6lk\u0259d\u0259 dayan\u0131ql\u0131 makro v\u0259 biznes m\u00fchitinin t\u0259min olunmas\u0131na y\u00f6n\u0259lmi\u015f islahatlar prosesinin davam etm\u0259sinin n\u00fcmun\u0259sidir&#8221;.<\/p>\n","protected":false},"excerpt":{"rendered":"<p>Az\u0259rbaycanda son ill\u0259rd\u0259 d\u00f6vl\u0259t ba\u015f\u00e7\u0131s\u0131n\u0131n r\u0259hb\u0259rliyi alt\u0131nda ke\u00e7irilmi\u015f d\u0259rin iqtisadi islahatlar \u00f6lk\u0259nin qeyri-neft sektorunun inki\u015faf\u0131na m\u00fch\u00fcm t\u0259kan verib. ARANTV.AZ\u00a0 x\u0259b\u0259r verir ki, bunu\u00a0Trend-\u0259 Az\u0259rbaycan D\u00f6vl\u0259t \u0130qtisad Universitetinin professoru, ekspert El\u015fad M\u0259mm\u0259dov deyib. O bildirib ki, islahatlar prosesind\u0259 \u00f6lk\u0259 makroiqtisadi sabitliyi t\u0259min edib, el\u0259c\u0259 d\u0259 milli valyutan\u0131n dayan\u0131ql\u0131 m\u0259z\u0259nn\u0259si t\u0259min olunub: &#8220;\u0130slahatlar n\u0259tic\u0259sind\u0259 bu ilin yanvar-sentyabr aylar\u0131nda \u00fcmumi daxili m\u0259hsulun \u00f6t\u0259n ilin eyni d\u00f6vr\u00fc il\u0259 m\u00fcqayis\u0259d\u0259 2,5 faiz art\u0131b. Neft s\u0259nayesind\u0259 15 faizd\u0259n \u00e7ox art\u0131m \u0259ld\u0259 olunub, k\u0259nd t\u0259s\u0259rr\u00fcfat\u0131nda art\u0131m tempi 7 faiz\u0259 b\u0259rab\u0259r olub. Az\u0259rbaycan\u0131n xarici borcu a\u015fa\u011f\u0131 s\u0259viyy\u0259d\u0259dir &#8211;&hellip;<\/p>\n","protected":false},"author":2,"featured_media":88745,"comment_status":"closed","ping_status":"closed","sticky":false,"template":"","format":"standard","meta":{"om_disable_all_campaigns":false,"_monsterinsights_skip_tracking":false,"_monsterinsights_sitenote_active":false,"_monsterinsights_sitenote_note":"","_monsterinsights_sitenote_category":0},"categories":[1],"tags":[],"aioseo_notices":[],"gutentor_comment":0,"rttpg_featured_image_url":{"full":["https:\/\/arantv.az\/wp-content\/uploads\/2019\/10\/796767.jpg",800,600,false],"landscape":["https:\/\/arantv.az\/wp-content\/uploads\/2019\/10\/796767.jpg",800,600,false],"portraits":["https:\/\/arantv.az\/wp-content\/uploads\/2019\/10\/796767.jpg",800,600,false],"thumbnail":["https:\/\/arantv.az\/wp-content\/uploads\/2019\/10\/796767-150x150.jpg",150,150,true],"medium":["https:\/\/arantv.az\/wp-content\/uploads\/2019\/10\/796767-300x225.jpg",300,225,true],"large":["https:\/\/arantv.az\/wp-content\/uploads\/2019\/10\/796767.jpg",640,480,false],"1536x1536":["https:\/\/arantv.az\/wp-content\/uploads\/2019\/10\/796767.jpg",800,600,false],"2048x2048":["https:\/\/arantv.az\/wp-content\/uploads\/2019\/10\/796767.jpg",800,600,false],"post-thumbnail":["https:\/\/arantv.az\/wp-content\/uploads\/2019\/10\/796767-240x172.jpg",240,172,true],"advps-thumb-one":["https:\/\/arantv.az\/wp-content\/uploads\/2019\/10\/796767.jpg",800,600,false]},"rttpg_author":{"display_name":"V\u00fcsal Rafiqo\u011flu","author_link":"https:\/\/arantv.az\/?author=2"},"rttpg_comment":0,"rttpg_category":"<a href=\"https:\/\/arantv.az\/?cat=1\" rel=\"category\">C\u0259miyy\u0259t<\/a>","rttpg_excerpt":"Az\u0259rbaycanda son ill\u0259rd\u0259 d\u00f6vl\u0259t ba\u015f\u00e7\u0131s\u0131n\u0131n r\u0259hb\u0259rliyi alt\u0131nda ke\u00e7irilmi\u015f d\u0259rin iqtisadi islahatlar \u00f6lk\u0259nin qeyri-neft sektorunun inki\u015faf\u0131na m\u00fch\u00fcm t\u0259kan verib. ARANTV.AZ\u00a0 x\u0259b\u0259r verir ki, bunu\u00a0Trend-\u0259 Az\u0259rbaycan D\u00f6vl\u0259t \u0130qtisad Universitetinin professoru, ekspert El\u015fad M\u0259mm\u0259dov deyib. O bildirib ki, islahatlar prosesind\u0259 \u00f6lk\u0259 makroiqtisadi sabitliyi t\u0259min edib, el\u0259c\u0259 d\u0259 milli valyutan\u0131n dayan\u0131ql\u0131 m\u0259z\u0259nn\u0259si t\u0259min olunub: &#8220;\u0130slahatlar n\u0259tic\u0259sind\u0259 bu ilin yanvar-sentyabr&hellip;","_links":{"self":[{"href":"https:\/\/arantv.az\/index.php?rest_route=\/wp\/v2\/posts\/88744"}],"collection":[{"href":"https:\/\/arantv.az\/index.php?rest_route=\/wp\/v2\/posts"}],"about":[{"href":"https:\/\/arantv.az\/index.php?rest_route=\/wp\/v2\/types\/post"}],"author":[{"embeddable":true,"href":"https:\/\/arantv.az\/index.php?rest_route=\/wp\/v2\/users\/2"}],"replies":[{"embeddable":true,"href":"https:\/\/arantv.az\/index.php?rest_route=%2Fwp%2Fv2%2Fcomments&post=88744"}],"version-history":[{"count":0,"href":"https:\/\/arantv.az\/index.php?rest_route=\/wp\/v2\/posts\/88744\/revisions"}],"wp:featuredmedia":[{"embeddable":true,"href":"https:\/\/arantv.az\/index.php?rest_route=\/wp\/v2\/media\/88745"}],"wp:attachment":[{"href":"https:\/\/arantv.az\/index.php?rest_route=%2Fwp%2Fv2%2Fmedia&parent=88744"}],"wp:term":[{"taxonomy":"category","embeddable":true,"href":"https:\/\/arantv.az\/index.php?rest_route=%2Fwp%2Fv2%2Fcategories&post=88744"},{"taxonomy":"post_tag","embeddable":true,"href":"https:\/\/arantv.az\/index.php?rest_route=%2Fwp%2Fv2%2Ftags&post=88744"}],"curies":[{"name":"wp","href":"https:\/\/api.w.org\/{rel}","templated":true}]}}