{"id":88748,"date":"2019-10-24T13:12:50","date_gmt":"2019-10-24T10:12:50","guid":{"rendered":"http:\/\/arantv.az\/?p=88748"},"modified":"2019-10-24T13:12:50","modified_gmt":"2019-10-24T10:12:50","slug":"g%c9%99l%c9%99n-il-pensiya-v%c9%99-%c9%99m%c9%99khaqlari-artirilacaq","status":"publish","type":"post","link":"https:\/\/arantv.az\/?p=88748","title":{"rendered":"G\u0259l\u0259n il pensiya v\u0259 \u0259m\u0259khaqlar\u0131 art\u0131r\u0131lacaq"},"content":{"rendered":"<p><strong>2020-ci ild\u0259 b\u0259zi sah\u0259l\u0259r \u00fczr\u0259 \u0259m\u0259khaqlar\u0131n\u0131n art\u0131r\u0131lmas\u0131 n\u0259z\u0259rd\u0259 tutulur.<\/strong><\/p>\n<p><strong>ARANTV.AZ<\/strong>\u00a0 APA-ya istinad\u0259n x\u0259b\u0259r verir ki, Az\u0259rbaycan Respublikas\u0131n\u0131n 2020-ci il d\u00f6vl\u0259t b\u00fcdc\u0259sinin z\u0259rfind\u0259 qeyd edilib ki, sosialy\u00f6n\u00fcml\u00fc siyas\u0259tin prioritetliyi 2020-ci ild\u0259 d\u0259 saxlan\u0131lmaqla, b\u0259zi sah\u0259l\u0259r \u00fczr\u0259 \u0259m\u0259khaqlar\u0131n\u0131n art\u0131r\u0131lmas\u0131 n\u0259z\u0259rd\u0259 tutulur.<\/p>\n<p>2020-ci il \u00fc\u00e7\u00fcn d\u00f6vl\u0259t b\u00fcdc\u0259sinin sosialy\u00f6n\u00fcml\u00fc x\u0259rcl\u0259ri (b\u00fcdc\u0259 x\u0259rcl\u0259rinin iqtisadi t\u0259snifat\u0131na uy\u011fun olaraq \u0259m\u0259yin \u00f6d\u0259ni\u015fi, pensiya v\u0259 m\u00fcavin\u0259tl\u0259r, d\u0259rman, sar\u011f\u0131 l\u0259vazimatlar\u0131 v\u0259 materiallar\u0131n\u0131n,\u00a0 \u0259rzaq m\u0259hsullar\u0131n\u0131n al\u0131nmas\u0131 x\u0259rcl\u0259rinin c\u0259mi) 10 373,7 milyon manat m\u0259bl\u0259\u011find\u0259 proqnozla\u015fd\u0131r\u0131l\u0131b ki, bud a 2019-cu ill\u0259 m\u00fcqayis\u0259d\u0259 2605,8 milyon manta v\u0259 ya 33,5 faiz \u00e7oxdur.<\/p>\n<p>Sosialy\u00f6n\u00fcml\u00fc x\u0259rcl\u0259r d\u00f6vl\u0259t b\u00fcdc\u0259si x\u0259rcl\u0259rinin t\u0259rkibind\u0259 x\u00fcsusi \u00e7\u0259kisi 38,5 faiz t\u0259\u015fkil ed\u0259c\u0259kdir ki, bud a 2019-cu ill\u0259 m\u00fcqayis\u0259d\u0259 7,7 faiz-b\u0259nd \u00e7oxdur.<\/p>\n<div>\n<div id=\"AdviadNativeVideo0\" class=\"AdviadNativeVideo\"><\/div>\n<\/div>\n<p>Qeyd ed\u0259k ki, 2020-ci il d\u00f6vl\u0259t b\u00fcdc\u0259sinin z\u0259rfin\u0259 daxil olan qanun layih\u0259l\u0259ri Milli M\u0259clisin noyabr\u0131n 12-i, 13-\u00fc v\u0259 14-d\u0259 ke\u00e7iril\u0259c\u0259k plenar iclaslar\u0131nda m\u00fczakir\u0259y\u0259 \u00e7\u0131xar\u0131lacaq.<\/p>\n","protected":false},"excerpt":{"rendered":"<p>2020-ci ild\u0259 b\u0259zi sah\u0259l\u0259r \u00fczr\u0259 \u0259m\u0259khaqlar\u0131n\u0131n art\u0131r\u0131lmas\u0131 n\u0259z\u0259rd\u0259 tutulur. ARANTV.AZ\u00a0 APA-ya istinad\u0259n x\u0259b\u0259r verir ki, Az\u0259rbaycan Respublikas\u0131n\u0131n 2020-ci il d\u00f6vl\u0259t b\u00fcdc\u0259sinin z\u0259rfind\u0259 qeyd edilib ki, sosialy\u00f6n\u00fcml\u00fc siyas\u0259tin prioritetliyi 2020-ci ild\u0259 d\u0259 saxlan\u0131lmaqla, b\u0259zi sah\u0259l\u0259r \u00fczr\u0259 \u0259m\u0259khaqlar\u0131n\u0131n art\u0131r\u0131lmas\u0131 n\u0259z\u0259rd\u0259 tutulur. 2020-ci il \u00fc\u00e7\u00fcn d\u00f6vl\u0259t b\u00fcdc\u0259sinin sosialy\u00f6n\u00fcml\u00fc x\u0259rcl\u0259ri (b\u00fcdc\u0259 x\u0259rcl\u0259rinin iqtisadi t\u0259snifat\u0131na uy\u011fun olaraq \u0259m\u0259yin \u00f6d\u0259ni\u015fi, pensiya v\u0259 m\u00fcavin\u0259tl\u0259r, d\u0259rman, sar\u011f\u0131 l\u0259vazimatlar\u0131 v\u0259 materiallar\u0131n\u0131n,\u00a0 \u0259rzaq m\u0259hsullar\u0131n\u0131n al\u0131nmas\u0131 x\u0259rcl\u0259rinin c\u0259mi) 10 373,7 milyon manat m\u0259bl\u0259\u011find\u0259 proqnozla\u015fd\u0131r\u0131l\u0131b ki, bud a 2019-cu ill\u0259 m\u00fcqayis\u0259d\u0259 2605,8 milyon manta v\u0259 ya 33,5 faiz \u00e7oxdur. Sosialy\u00f6n\u00fcml\u00fc x\u0259rcl\u0259r d\u00f6vl\u0259t&hellip;<\/p>\n","protected":false},"author":2,"featured_media":88749,"comment_status":"closed","ping_status":"closed","sticky":false,"template":"","format":"standard","meta":{"om_disable_all_campaigns":false,"_monsterinsights_skip_tracking":false,"_monsterinsights_sitenote_active":false,"_monsterinsights_sitenote_note":"","_monsterinsights_sitenote_category":0},"categories":[1],"tags":[],"aioseo_notices":[],"gutentor_comment":0,"rttpg_featured_image_url":{"full":["https:\/\/arantv.az\/wp-content\/uploads\/2019\/10\/valyuta_manat_0125.jpg",800,600,false],"landscape":["https:\/\/arantv.az\/wp-content\/uploads\/2019\/10\/valyuta_manat_0125.jpg",800,600,false],"portraits":["https:\/\/arantv.az\/wp-content\/uploads\/2019\/10\/valyuta_manat_0125.jpg",800,600,false],"thumbnail":["https:\/\/arantv.az\/wp-content\/uploads\/2019\/10\/valyuta_manat_0125-150x150.jpg",150,150,true],"medium":["https:\/\/arantv.az\/wp-content\/uploads\/2019\/10\/valyuta_manat_0125-300x225.jpg",300,225,true],"large":["https:\/\/arantv.az\/wp-content\/uploads\/2019\/10\/valyuta_manat_0125.jpg",640,480,false],"1536x1536":["https:\/\/arantv.az\/wp-content\/uploads\/2019\/10\/valyuta_manat_0125.jpg",800,600,false],"2048x2048":["https:\/\/arantv.az\/wp-content\/uploads\/2019\/10\/valyuta_manat_0125.jpg",800,600,false],"post-thumbnail":["https:\/\/arantv.az\/wp-content\/uploads\/2019\/10\/valyuta_manat_0125-240x172.jpg",240,172,true],"advps-thumb-one":["https:\/\/arantv.az\/wp-content\/uploads\/2019\/10\/valyuta_manat_0125.jpg",800,600,false]},"rttpg_author":{"display_name":"V\u00fcsal Rafiqo\u011flu","author_link":"https:\/\/arantv.az\/?author=2"},"rttpg_comment":0,"rttpg_category":"<a href=\"https:\/\/arantv.az\/?cat=1\" rel=\"category\">C\u0259miyy\u0259t<\/a>","rttpg_excerpt":"2020-ci ild\u0259 b\u0259zi sah\u0259l\u0259r \u00fczr\u0259 \u0259m\u0259khaqlar\u0131n\u0131n art\u0131r\u0131lmas\u0131 n\u0259z\u0259rd\u0259 tutulur. ARANTV.AZ\u00a0 APA-ya istinad\u0259n x\u0259b\u0259r verir ki, Az\u0259rbaycan Respublikas\u0131n\u0131n 2020-ci il d\u00f6vl\u0259t b\u00fcdc\u0259sinin z\u0259rfind\u0259 qeyd edilib ki, sosialy\u00f6n\u00fcml\u00fc siyas\u0259tin prioritetliyi 2020-ci ild\u0259 d\u0259 saxlan\u0131lmaqla, b\u0259zi sah\u0259l\u0259r \u00fczr\u0259 \u0259m\u0259khaqlar\u0131n\u0131n art\u0131r\u0131lmas\u0131 n\u0259z\u0259rd\u0259 tutulur. 2020-ci il \u00fc\u00e7\u00fcn d\u00f6vl\u0259t b\u00fcdc\u0259sinin sosialy\u00f6n\u00fcml\u00fc x\u0259rcl\u0259ri (b\u00fcdc\u0259 x\u0259rcl\u0259rinin iqtisadi t\u0259snifat\u0131na uy\u011fun olaraq \u0259m\u0259yin \u00f6d\u0259ni\u015fi, pensiya&hellip;","_links":{"self":[{"href":"https:\/\/arantv.az\/index.php?rest_route=\/wp\/v2\/posts\/88748"}],"collection":[{"href":"https:\/\/arantv.az\/index.php?rest_route=\/wp\/v2\/posts"}],"about":[{"href":"https:\/\/arantv.az\/index.php?rest_route=\/wp\/v2\/types\/post"}],"author":[{"embeddable":true,"href":"https:\/\/arantv.az\/index.php?rest_route=\/wp\/v2\/users\/2"}],"replies":[{"embeddable":true,"href":"https:\/\/arantv.az\/index.php?rest_route=%2Fwp%2Fv2%2Fcomments&post=88748"}],"version-history":[{"count":0,"href":"https:\/\/arantv.az\/index.php?rest_route=\/wp\/v2\/posts\/88748\/revisions"}],"wp:featuredmedia":[{"embeddable":true,"href":"https:\/\/arantv.az\/index.php?rest_route=\/wp\/v2\/media\/88749"}],"wp:attachment":[{"href":"https:\/\/arantv.az\/index.php?rest_route=%2Fwp%2Fv2%2Fmedia&parent=88748"}],"wp:term":[{"taxonomy":"category","embeddable":true,"href":"https:\/\/arantv.az\/index.php?rest_route=%2Fwp%2Fv2%2Fcategories&post=88748"},{"taxonomy":"post_tag","embeddable":true,"href":"https:\/\/arantv.az\/index.php?rest_route=%2Fwp%2Fv2%2Ftags&post=88748"}],"curies":[{"name":"wp","href":"https:\/\/api.w.org\/{rel}","templated":true}]}}