{"id":88756,"date":"2019-10-24T13:28:03","date_gmt":"2019-10-24T10:28:03","guid":{"rendered":"http:\/\/arantv.az\/?p=88756"},"modified":"2019-10-24T13:28:03","modified_gmt":"2019-10-24T10:28:03","slug":"az%c9%99rbaycanda-amansizliqla-oldurul%c9%99n-17-yasli-oglan-bel%c9%99-d%c9%99fn-edildi-foto","status":"publish","type":"post","link":"https:\/\/arantv.az\/?p=88756","title":{"rendered":"Az\u0259rbaycanda amans\u0131zl\u0131qla \u00f6ld\u00fcr\u00fcl\u0259n 17 ya\u015fl\u0131 o\u011flan bel\u0259 d\u0259fn edildi \u2013 FOTO"},"content":{"rendered":"<p>X\u0259b\u0259r verdiyimiz kimi oktyabr\u0131n 23-n\u0259 ke\u00e7\u0259n gec\u0259 G\u0259nc\u0259 \u015f\u0259h\u0259rind\u0259 yerl\u0259\u015f\u0259n \u00e7ayxanalardan birind\u0259 \u015f\u0259h\u0259r sakini 2002-ci il t\u0259v\u0259ll\u00fcdl\u00fc Verdiyev \u018fzim El\u015fad o\u011flu q\u0259tl\u0259 yetirilib.<\/p>\n<p>17 ya\u015fl\u0131 \u018fzim d\u00fcn\u0259n G\u0259nc\u0259d\u0259 d\u0259fn edilib.<\/p>\n<div id=\"AdviadNativeVideo0\" class=\"AdviadNativeVideo\"><\/div>\n<p>M\u0259rhumun d\u0259fn m\u0259rasimind\u0259n \u00e7\u0259kilmi\u015f g\u00f6r\u00fcnt\u00fcn\u00fc t\u0259qdim edirik.<\/p>\n<p>Qeyd ed\u0259k ki, 17 ya\u015fl\u0131 o\u011flan \u015f\u0259h\u0259rin&#8221; Ba\u011fmanlar&#8221; adlanan \u0259razisind\u0259 b\u0131\u00e7aqlan\u0131b. Bel\u0259 ki, 10-cu sinif \u015fagirdi olan M\u0259mm\u0259dov Elg\u00fcn R\u00f6v\u015f\u0259n o\u011flu \u018fzimin \u00fcr\u0259k nahiy\u0259sin\u0259 b\u0131\u00e7aqla z\u0259rb\u0259 endirib. X\u0259st\u0259xanaya \u00e7atd\u0131r\u0131lan g\u0259nc orada v\u0259fat edib.<\/p>\n<p>Faktla ba\u011fl\u0131 cinay\u0259t i\u015fi a\u00e7\u0131l\u0131b, istintaq gedir.<br \/>\n<img class=\"imgbcode\" src=\"https:\/\/sonxeber.az\/uploads\/bbbbbbbbbbbbbvvvvvvvvvvv.jpg\" alt=\"Az\u0259rbaycanda amans\u0131zl\u0131qla \u00f6ld\u00fcr\u00fcl\u0259n 17 ya\u015fl\u0131 o\u011flan bel\u0259 d\u0259fn edildi \u2013 FOTO\" \/><img class=\"imgbcode\" src=\"https:\/\/sonxeber.az\/uploads\/bbbbbbbbbbbbbbfgdfgfgdfg.jpg\" alt=\"Az\u0259rbaycanda amans\u0131zl\u0131qla \u00f6ld\u00fcr\u00fcl\u0259n 17 ya\u015fl\u0131 o\u011flan bel\u0259 d\u0259fn edildi \u2013 FOTO\" \/>publika.az<\/p>\n","protected":false},"excerpt":{"rendered":"<p>X\u0259b\u0259r verdiyimiz kimi oktyabr\u0131n 23-n\u0259 ke\u00e7\u0259n gec\u0259 G\u0259nc\u0259 \u015f\u0259h\u0259rind\u0259 yerl\u0259\u015f\u0259n \u00e7ayxanalardan birind\u0259 \u015f\u0259h\u0259r sakini 2002-ci il t\u0259v\u0259ll\u00fcdl\u00fc Verdiyev \u018fzim El\u015fad o\u011flu q\u0259tl\u0259 yetirilib. 17 ya\u015fl\u0131 \u018fzim d\u00fcn\u0259n G\u0259nc\u0259d\u0259 d\u0259fn edilib. M\u0259rhumun d\u0259fn m\u0259rasimind\u0259n \u00e7\u0259kilmi\u015f g\u00f6r\u00fcnt\u00fcn\u00fc t\u0259qdim edirik. Qeyd ed\u0259k ki, 17 ya\u015fl\u0131 o\u011flan \u015f\u0259h\u0259rin&#8221; Ba\u011fmanlar&#8221; adlanan \u0259razisind\u0259 b\u0131\u00e7aqlan\u0131b. Bel\u0259 ki, 10-cu sinif \u015fagirdi olan M\u0259mm\u0259dov Elg\u00fcn R\u00f6v\u015f\u0259n o\u011flu \u018fzimin \u00fcr\u0259k nahiy\u0259sin\u0259 b\u0131\u00e7aqla z\u0259rb\u0259 endirib. X\u0259st\u0259xanaya \u00e7atd\u0131r\u0131lan g\u0259nc orada v\u0259fat edib. Faktla ba\u011fl\u0131 cinay\u0259t i\u015fi a\u00e7\u0131l\u0131b, istintaq gedir. publika.az<\/p>\n","protected":false},"author":2,"featured_media":88757,"comment_status":"closed","ping_status":"closed","sticky":false,"template":"","format":"standard","meta":{"om_disable_all_campaigns":false,"_monsterinsights_skip_tracking":false,"_monsterinsights_sitenote_active":false,"_monsterinsights_sitenote_note":"","_monsterinsights_sitenote_category":0},"categories":[5],"tags":[],"aioseo_notices":[],"gutentor_comment":0,"rttpg_featured_image_url":{"full":["https:\/\/arantv.az\/wp-content\/uploads\/2019\/10\/bbbbbbbbbbbbbvvvvvvvvvvv.jpg",649,365,false],"landscape":["https:\/\/arantv.az\/wp-content\/uploads\/2019\/10\/bbbbbbbbbbbbbvvvvvvvvvvv.jpg",649,365,false],"portraits":["https:\/\/arantv.az\/wp-content\/uploads\/2019\/10\/bbbbbbbbbbbbbvvvvvvvvvvv.jpg",649,365,false],"thumbnail":["https:\/\/arantv.az\/wp-content\/uploads\/2019\/10\/bbbbbbbbbbbbbvvvvvvvvvvv-150x150.jpg",150,150,true],"medium":["https:\/\/arantv.az\/wp-content\/uploads\/2019\/10\/bbbbbbbbbbbbbvvvvvvvvvvv-300x169.jpg",300,169,true],"large":["https:\/\/arantv.az\/wp-content\/uploads\/2019\/10\/bbbbbbbbbbbbbvvvvvvvvvvv.jpg",640,360,false],"1536x1536":["https:\/\/arantv.az\/wp-content\/uploads\/2019\/10\/bbbbbbbbbbbbbvvvvvvvvvvv.jpg",649,365,false],"2048x2048":["https:\/\/arantv.az\/wp-content\/uploads\/2019\/10\/bbbbbbbbbbbbbvvvvvvvvvvv.jpg",649,365,false],"post-thumbnail":["https:\/\/arantv.az\/wp-content\/uploads\/2019\/10\/bbbbbbbbbbbbbvvvvvvvvvvv-240x172.jpg",240,172,true],"advps-thumb-one":["https:\/\/arantv.az\/wp-content\/uploads\/2019\/10\/bbbbbbbbbbbbbvvvvvvvvvvv.jpg",649,365,false]},"rttpg_author":{"display_name":"V\u00fcsal Rafiqo\u011flu","author_link":"https:\/\/arantv.az\/?author=2"},"rttpg_comment":0,"rttpg_category":"<a href=\"https:\/\/arantv.az\/?cat=5\" rel=\"category\">Hadis\u0259<\/a>","rttpg_excerpt":"X\u0259b\u0259r verdiyimiz kimi oktyabr\u0131n 23-n\u0259 ke\u00e7\u0259n gec\u0259 G\u0259nc\u0259 \u015f\u0259h\u0259rind\u0259 yerl\u0259\u015f\u0259n \u00e7ayxanalardan birind\u0259 \u015f\u0259h\u0259r sakini 2002-ci il t\u0259v\u0259ll\u00fcdl\u00fc Verdiyev \u018fzim El\u015fad o\u011flu q\u0259tl\u0259 yetirilib. 17 ya\u015fl\u0131 \u018fzim d\u00fcn\u0259n G\u0259nc\u0259d\u0259 d\u0259fn edilib. M\u0259rhumun d\u0259fn m\u0259rasimind\u0259n \u00e7\u0259kilmi\u015f g\u00f6r\u00fcnt\u00fcn\u00fc t\u0259qdim edirik. Qeyd ed\u0259k ki, 17 ya\u015fl\u0131 o\u011flan \u015f\u0259h\u0259rin&#8221; Ba\u011fmanlar&#8221; adlanan \u0259razisind\u0259 b\u0131\u00e7aqlan\u0131b. Bel\u0259 ki, 10-cu sinif \u015fagirdi olan M\u0259mm\u0259dov&hellip;","_links":{"self":[{"href":"https:\/\/arantv.az\/index.php?rest_route=\/wp\/v2\/posts\/88756"}],"collection":[{"href":"https:\/\/arantv.az\/index.php?rest_route=\/wp\/v2\/posts"}],"about":[{"href":"https:\/\/arantv.az\/index.php?rest_route=\/wp\/v2\/types\/post"}],"author":[{"embeddable":true,"href":"https:\/\/arantv.az\/index.php?rest_route=\/wp\/v2\/users\/2"}],"replies":[{"embeddable":true,"href":"https:\/\/arantv.az\/index.php?rest_route=%2Fwp%2Fv2%2Fcomments&post=88756"}],"version-history":[{"count":0,"href":"https:\/\/arantv.az\/index.php?rest_route=\/wp\/v2\/posts\/88756\/revisions"}],"wp:featuredmedia":[{"embeddable":true,"href":"https:\/\/arantv.az\/index.php?rest_route=\/wp\/v2\/media\/88757"}],"wp:attachment":[{"href":"https:\/\/arantv.az\/index.php?rest_route=%2Fwp%2Fv2%2Fmedia&parent=88756"}],"wp:term":[{"taxonomy":"category","embeddable":true,"href":"https:\/\/arantv.az\/index.php?rest_route=%2Fwp%2Fv2%2Fcategories&post=88756"},{"taxonomy":"post_tag","embeddable":true,"href":"https:\/\/arantv.az\/index.php?rest_route=%2Fwp%2Fv2%2Ftags&post=88756"}],"curies":[{"name":"wp","href":"https:\/\/api.w.org\/{rel}","templated":true}]}}