{"id":88764,"date":"2019-10-24T13:49:07","date_gmt":"2019-10-24T10:49:07","guid":{"rendered":"http:\/\/arantv.az\/?p=88764"},"modified":"2019-10-24T13:49:07","modified_gmt":"2019-10-24T10:49:07","slug":"prezident-ilham-%c9%99liyev-dilar%c9%99-seyidzad%c9%99ni-s%c9%99r%c9%99f-ordeni-il%c9%99-t%c9%99ltif-edib","status":"publish","type":"post","link":"https:\/\/arantv.az\/?p=88764","title":{"rendered":"Prezident \u0130lham \u018fliyev Dilar\u0259 Seyidzad\u0259ni &#8220;\u015e\u0259r\u0259f&#8221; ordeni il\u0259 t\u0259ltif edib"},"content":{"rendered":"<p>Prezident \u0130lham \u018fliyev D.B.Seyidzad\u0259nin &#8220;\u015e\u0259r\u0259f&#8221; ordeni il\u0259 t\u0259ltif edilm\u0259si haqq\u0131nda s\u0259r\u0259ncam imzalay\u0131b.<\/p>\n<p><strong>ARANNTV.AZ<\/strong>\u00a0\u00a0<a href=\"https:\/\/azertag.az\/\" target=\"_blank\" rel=\"noopener\">AZ\u018fRTAC<\/a>-a\u00a0sitinad\u0259n x\u0259b\u0259r verir ki, s\u0259r\u0259ncamda deyilir:<\/p>\n<p>Az\u0259rbaycan Respublikas\u0131 Konstitusiyas\u0131n\u0131n 109-cu madd\u0259sinin 23-c\u00fc b\u0259ndini r\u0259hb\u0259r tutaraq q\u0259rara al\u0131ram:<\/p>\n<p>Az\u0259rbaycan Respublikas\u0131nda d\u00f6vl\u0259t qullu\u011funda uzunm\u00fcdd\u0259tli s\u0259m\u0259r\u0259li f\u0259aliyy\u0259tin\u0259 g\u00f6r\u0259 Dilar\u0259 Ba\u011f\u0131r q\u0131z\u0131 Seyidzad\u0259 &#8220;\u015e\u0259r\u0259f&#8221; ordeni il\u0259 t\u0259ltif edilsin.<\/p>\n","protected":false},"excerpt":{"rendered":"<p>Prezident \u0130lham \u018fliyev D.B.Seyidzad\u0259nin &#8220;\u015e\u0259r\u0259f&#8221; ordeni il\u0259 t\u0259ltif edilm\u0259si haqq\u0131nda s\u0259r\u0259ncam imzalay\u0131b. ARANNTV.AZ\u00a0\u00a0AZ\u018fRTAC-a\u00a0sitinad\u0259n x\u0259b\u0259r verir ki, s\u0259r\u0259ncamda deyilir: Az\u0259rbaycan Respublikas\u0131 Konstitusiyas\u0131n\u0131n 109-cu madd\u0259sinin 23-c\u00fc b\u0259ndini r\u0259hb\u0259r tutaraq q\u0259rara al\u0131ram: Az\u0259rbaycan Respublikas\u0131nda d\u00f6vl\u0259t qullu\u011funda uzunm\u00fcdd\u0259tli s\u0259m\u0259r\u0259li f\u0259aliyy\u0259tin\u0259 g\u00f6r\u0259 Dilar\u0259 Ba\u011f\u0131r q\u0131z\u0131 Seyidzad\u0259 &#8220;\u015e\u0259r\u0259f&#8221; ordeni il\u0259 t\u0259ltif edilsin.<\/p>\n","protected":false},"author":2,"featured_media":88765,"comment_status":"closed","ping_status":"closed","sticky":false,"template":"","format":"standard","meta":{"om_disable_all_campaigns":false,"_monsterinsights_skip_tracking":false,"_monsterinsights_sitenote_active":false,"_monsterinsights_sitenote_note":"","_monsterinsights_sitenote_category":0},"categories":[4],"tags":[],"aioseo_notices":[],"gutentor_comment":0,"rttpg_featured_image_url":{"full":["https:\/\/arantv.az\/wp-content\/uploads\/2019\/10\/2018_ilham_aliyev_01-6.jpg",1200,900,false],"landscape":["https:\/\/arantv.az\/wp-content\/uploads\/2019\/10\/2018_ilham_aliyev_01-6.jpg",1200,900,false],"portraits":["https:\/\/arantv.az\/wp-content\/uploads\/2019\/10\/2018_ilham_aliyev_01-6.jpg",1200,900,false],"thumbnail":["https:\/\/arantv.az\/wp-content\/uploads\/2019\/10\/2018_ilham_aliyev_01-6-150x150.jpg",150,150,true],"medium":["https:\/\/arantv.az\/wp-content\/uploads\/2019\/10\/2018_ilham_aliyev_01-6-300x225.jpg",300,225,true],"large":["https:\/\/arantv.az\/wp-content\/uploads\/2019\/10\/2018_ilham_aliyev_01-6-1024x768.jpg",640,480,true],"1536x1536":["https:\/\/arantv.az\/wp-content\/uploads\/2019\/10\/2018_ilham_aliyev_01-6.jpg",1200,900,false],"2048x2048":["https:\/\/arantv.az\/wp-content\/uploads\/2019\/10\/2018_ilham_aliyev_01-6.jpg",1200,900,false],"post-thumbnail":["https:\/\/arantv.az\/wp-content\/uploads\/2019\/10\/2018_ilham_aliyev_01-6-240x172.jpg",240,172,true],"advps-thumb-one":["https:\/\/arantv.az\/wp-content\/uploads\/2019\/10\/2018_ilham_aliyev_01-6-1200x620.jpg",1200,620,true]},"rttpg_author":{"display_name":"V\u00fcsal Rafiqo\u011flu","author_link":"https:\/\/arantv.az\/?author=2"},"rttpg_comment":0,"rttpg_category":"<a href=\"https:\/\/arantv.az\/?cat=4\" rel=\"category\">Siyas\u0259t<\/a>","rttpg_excerpt":"Prezident \u0130lham \u018fliyev D.B.Seyidzad\u0259nin &#8220;\u015e\u0259r\u0259f&#8221; ordeni il\u0259 t\u0259ltif edilm\u0259si haqq\u0131nda s\u0259r\u0259ncam imzalay\u0131b. ARANNTV.AZ\u00a0\u00a0AZ\u018fRTAC-a\u00a0sitinad\u0259n x\u0259b\u0259r verir ki, s\u0259r\u0259ncamda deyilir: Az\u0259rbaycan Respublikas\u0131 Konstitusiyas\u0131n\u0131n 109-cu madd\u0259sinin 23-c\u00fc b\u0259ndini r\u0259hb\u0259r tutaraq q\u0259rara al\u0131ram: Az\u0259rbaycan Respublikas\u0131nda d\u00f6vl\u0259t qullu\u011funda uzunm\u00fcdd\u0259tli s\u0259m\u0259r\u0259li f\u0259aliyy\u0259tin\u0259 g\u00f6r\u0259 Dilar\u0259 Ba\u011f\u0131r q\u0131z\u0131 Seyidzad\u0259 &#8220;\u015e\u0259r\u0259f&#8221; ordeni il\u0259 t\u0259ltif edilsin.","_links":{"self":[{"href":"https:\/\/arantv.az\/index.php?rest_route=\/wp\/v2\/posts\/88764"}],"collection":[{"href":"https:\/\/arantv.az\/index.php?rest_route=\/wp\/v2\/posts"}],"about":[{"href":"https:\/\/arantv.az\/index.php?rest_route=\/wp\/v2\/types\/post"}],"author":[{"embeddable":true,"href":"https:\/\/arantv.az\/index.php?rest_route=\/wp\/v2\/users\/2"}],"replies":[{"embeddable":true,"href":"https:\/\/arantv.az\/index.php?rest_route=%2Fwp%2Fv2%2Fcomments&post=88764"}],"version-history":[{"count":0,"href":"https:\/\/arantv.az\/index.php?rest_route=\/wp\/v2\/posts\/88764\/revisions"}],"wp:featuredmedia":[{"embeddable":true,"href":"https:\/\/arantv.az\/index.php?rest_route=\/wp\/v2\/media\/88765"}],"wp:attachment":[{"href":"https:\/\/arantv.az\/index.php?rest_route=%2Fwp%2Fv2%2Fmedia&parent=88764"}],"wp:term":[{"taxonomy":"category","embeddable":true,"href":"https:\/\/arantv.az\/index.php?rest_route=%2Fwp%2Fv2%2Fcategories&post=88764"},{"taxonomy":"post_tag","embeddable":true,"href":"https:\/\/arantv.az\/index.php?rest_route=%2Fwp%2Fv2%2Ftags&post=88764"}],"curies":[{"name":"wp","href":"https:\/\/api.w.org\/{rel}","templated":true}]}}