{"id":88772,"date":"2019-10-24T13:54:12","date_gmt":"2019-10-24T10:54:12","guid":{"rendered":"http:\/\/arantv.az\/?p=88772"},"modified":"2019-10-24T13:54:12","modified_gmt":"2019-10-24T10:54:12","slug":"kuba-prezidenti-az%c9%99rbaycana-g%c9%99ldi","status":"publish","type":"post","link":"https:\/\/arantv.az\/?p=88772","title":{"rendered":"Kuba Prezidenti Az\u0259rbaycana g\u0259ldi"},"content":{"rendered":"<p>Kuba Respublikas\u0131n\u0131n Prezidenti Migel Diaz-Kanel Qo\u015fulmama H\u0259r\u0259kat\u0131na \u00fczv \u00f6lk\u0259l\u0259rin d\u00f6vl\u0259t v\u0259 h\u00f6kum\u0259t ba\u015f\u00e7\u0131lar\u0131n\u0131n XVIII Zirv\u0259 G\u00f6r\u00fc\u015f\u00fcnd\u0259 i\u015ftirak etm\u0259k \u00fc\u00e7\u00fcn oktyabr\u0131n 24-d\u0259 Az\u0259rbaycan Respublikas\u0131na s\u0259f\u0259r\u0259 g\u0259lib.<\/p>\n<div id=\"AdviadNativeVideo0\" class=\"AdviadNativeVideo\"><\/div>\n<p><strong>ARANTV.AZ<\/strong> x\u0259b\u0259r verir ki, h\u0259r iki \u00f6lk\u0259nin d\u00f6vl\u0259t bayraqlar\u0131n\u0131n dal\u011faland\u0131\u011f\u0131 Heyd\u0259r \u018fliyev Beyn\u0259lxalq Aeroportunda ali qona\u011f\u0131n \u015f\u0259r\u0259fin\u0259 f\u0259xri qarovul d\u0259st\u0259si d\u00fcz\u00fcl\u00fcb.<\/p>\n<p>Kuba Prezidenti Migel Diaz-Kaneli hava liman\u0131nda Az\u0259rbaycan Respublikas\u0131 Ba\u015f Nazirinin m\u00fcavini \u018fli \u018fhm\u0259dov, Xarici \u0130\u015fl\u0259r nazirinin m\u00fcavini Nadir H\u00fcseynov v\u0259 dig\u0259r r\u0259smi \u015f\u0259xsl\u0259r qar\u015f\u0131lay\u0131blar.az\u0259rtac<\/p>\n","protected":false},"excerpt":{"rendered":"<p>Kuba Respublikas\u0131n\u0131n Prezidenti Migel Diaz-Kanel Qo\u015fulmama H\u0259r\u0259kat\u0131na \u00fczv \u00f6lk\u0259l\u0259rin d\u00f6vl\u0259t v\u0259 h\u00f6kum\u0259t ba\u015f\u00e7\u0131lar\u0131n\u0131n XVIII Zirv\u0259 G\u00f6r\u00fc\u015f\u00fcnd\u0259 i\u015ftirak etm\u0259k \u00fc\u00e7\u00fcn oktyabr\u0131n 24-d\u0259 Az\u0259rbaycan Respublikas\u0131na s\u0259f\u0259r\u0259 g\u0259lib. ARANTV.AZ x\u0259b\u0259r verir ki, h\u0259r iki \u00f6lk\u0259nin d\u00f6vl\u0259t bayraqlar\u0131n\u0131n dal\u011faland\u0131\u011f\u0131 Heyd\u0259r \u018fliyev Beyn\u0259lxalq Aeroportunda ali qona\u011f\u0131n \u015f\u0259r\u0259fin\u0259 f\u0259xri qarovul d\u0259st\u0259si d\u00fcz\u00fcl\u00fcb. Kuba Prezidenti Migel Diaz-Kaneli hava liman\u0131nda Az\u0259rbaycan Respublikas\u0131 Ba\u015f Nazirinin m\u00fcavini \u018fli \u018fhm\u0259dov, Xarici \u0130\u015fl\u0259r nazirinin m\u00fcavini Nadir H\u00fcseynov v\u0259 dig\u0259r r\u0259smi \u015f\u0259xsl\u0259r qar\u015f\u0131lay\u0131blar.az\u0259rtac<\/p>\n","protected":false},"author":2,"featured_media":88773,"comment_status":"closed","ping_status":"closed","sticky":false,"template":"","format":"standard","meta":{"om_disable_all_campaigns":false,"_monsterinsights_skip_tracking":false,"_monsterinsights_sitenote_active":false,"_monsterinsights_sitenote_note":"","_monsterinsights_sitenote_category":0},"categories":[4],"tags":[],"aioseo_notices":[],"gutentor_comment":0,"rttpg_featured_image_url":{"full":["https:\/\/arantv.az\/wp-content\/uploads\/2019\/10\/5d9f709dae5ac90e45719117.jpg",620,349,false],"landscape":["https:\/\/arantv.az\/wp-content\/uploads\/2019\/10\/5d9f709dae5ac90e45719117.jpg",620,349,false],"portraits":["https:\/\/arantv.az\/wp-content\/uploads\/2019\/10\/5d9f709dae5ac90e45719117.jpg",620,349,false],"thumbnail":["https:\/\/arantv.az\/wp-content\/uploads\/2019\/10\/5d9f709dae5ac90e45719117-150x150.jpg",150,150,true],"medium":["https:\/\/arantv.az\/wp-content\/uploads\/2019\/10\/5d9f709dae5ac90e45719117-300x169.jpg",300,169,true],"large":["https:\/\/arantv.az\/wp-content\/uploads\/2019\/10\/5d9f709dae5ac90e45719117.jpg",620,349,false],"1536x1536":["https:\/\/arantv.az\/wp-content\/uploads\/2019\/10\/5d9f709dae5ac90e45719117.jpg",620,349,false],"2048x2048":["https:\/\/arantv.az\/wp-content\/uploads\/2019\/10\/5d9f709dae5ac90e45719117.jpg",620,349,false],"post-thumbnail":["https:\/\/arantv.az\/wp-content\/uploads\/2019\/10\/5d9f709dae5ac90e45719117-240x172.jpg",240,172,true],"advps-thumb-one":["https:\/\/arantv.az\/wp-content\/uploads\/2019\/10\/5d9f709dae5ac90e45719117.jpg",620,349,false]},"rttpg_author":{"display_name":"V\u00fcsal Rafiqo\u011flu","author_link":"https:\/\/arantv.az\/?author=2"},"rttpg_comment":0,"rttpg_category":"<a href=\"https:\/\/arantv.az\/?cat=4\" rel=\"category\">Siyas\u0259t<\/a>","rttpg_excerpt":"Kuba Respublikas\u0131n\u0131n Prezidenti Migel Diaz-Kanel Qo\u015fulmama H\u0259r\u0259kat\u0131na \u00fczv \u00f6lk\u0259l\u0259rin d\u00f6vl\u0259t v\u0259 h\u00f6kum\u0259t ba\u015f\u00e7\u0131lar\u0131n\u0131n XVIII Zirv\u0259 G\u00f6r\u00fc\u015f\u00fcnd\u0259 i\u015ftirak etm\u0259k \u00fc\u00e7\u00fcn oktyabr\u0131n 24-d\u0259 Az\u0259rbaycan Respublikas\u0131na s\u0259f\u0259r\u0259 g\u0259lib. ARANTV.AZ x\u0259b\u0259r verir ki, h\u0259r iki \u00f6lk\u0259nin d\u00f6vl\u0259t bayraqlar\u0131n\u0131n dal\u011faland\u0131\u011f\u0131 Heyd\u0259r \u018fliyev Beyn\u0259lxalq Aeroportunda ali qona\u011f\u0131n \u015f\u0259r\u0259fin\u0259 f\u0259xri qarovul d\u0259st\u0259si d\u00fcz\u00fcl\u00fcb. Kuba Prezidenti Migel Diaz-Kaneli hava liman\u0131nda Az\u0259rbaycan Respublikas\u0131 Ba\u015f&hellip;","_links":{"self":[{"href":"https:\/\/arantv.az\/index.php?rest_route=\/wp\/v2\/posts\/88772"}],"collection":[{"href":"https:\/\/arantv.az\/index.php?rest_route=\/wp\/v2\/posts"}],"about":[{"href":"https:\/\/arantv.az\/index.php?rest_route=\/wp\/v2\/types\/post"}],"author":[{"embeddable":true,"href":"https:\/\/arantv.az\/index.php?rest_route=\/wp\/v2\/users\/2"}],"replies":[{"embeddable":true,"href":"https:\/\/arantv.az\/index.php?rest_route=%2Fwp%2Fv2%2Fcomments&post=88772"}],"version-history":[{"count":0,"href":"https:\/\/arantv.az\/index.php?rest_route=\/wp\/v2\/posts\/88772\/revisions"}],"wp:featuredmedia":[{"embeddable":true,"href":"https:\/\/arantv.az\/index.php?rest_route=\/wp\/v2\/media\/88773"}],"wp:attachment":[{"href":"https:\/\/arantv.az\/index.php?rest_route=%2Fwp%2Fv2%2Fmedia&parent=88772"}],"wp:term":[{"taxonomy":"category","embeddable":true,"href":"https:\/\/arantv.az\/index.php?rest_route=%2Fwp%2Fv2%2Fcategories&post=88772"},{"taxonomy":"post_tag","embeddable":true,"href":"https:\/\/arantv.az\/index.php?rest_route=%2Fwp%2Fv2%2Ftags&post=88772"}],"curies":[{"name":"wp","href":"https:\/\/api.w.org\/{rel}","templated":true}]}}