{"id":88788,"date":"2019-10-24T14:41:02","date_gmt":"2019-10-24T11:41:02","guid":{"rendered":"http:\/\/arantv.az\/?p=88788"},"modified":"2019-10-24T14:41:02","modified_gmt":"2019-10-24T11:41:02","slug":"samira-qazaxistanda-az%c9%99rbaycani-t%c9%99msil-ed%c9%99c%c9%99k","status":"publish","type":"post","link":"https:\/\/arantv.az\/?p=88788","title":{"rendered":"Samira Qazax\u0131standa Az\u0259rbaycan\u0131 t\u0259msil ed\u0259c\u0259k"},"content":{"rendered":"<p>H\u0259r il oldu\u011fu kimi bu il d\u0259 Qazax\u0131standa \u201cVoice Of Nursultan\u201d festival\u0131na bir \u00e7ox \u00f6lk\u0259l\u0259rd\u0259n ifa\u00e7\u0131lar d\u0259v\u0259t olunub. <strong>ARANTV.AZ<\/strong> x\u0259b\u0259r verir ki, festivalda Az\u0259rbaycan\u0131 \u00f6z musiqil\u0259ri il\u0259 m\u00fc\u011f\u0259nni Samira \u018ff\u0259ndi t\u0259msil ed\u0259c\u0259k. Portuqaliya, Ukrayna, G\u00fcrc\u00fcstan, Rusiya v\u0259 bir \u00e7ox \u00f6lk\u0259l\u0259rd\u0259n festivala qat\u0131lan ifa\u00e7\u0131lar kimi \u018ff\u0259ndi d\u0259 ay\u0131n 25-d\u0259 \u00f6z mahn\u0131lar\u0131 il\u0259, ay\u0131n 26-da is\u0259 qazax dilind\u0259 mahn\u0131 il\u0259 \u00e7\u0131x\u0131\u015f ed\u0259c\u0259k. Oktyabr\u0131n 28-da m\u00fc\u011f\u0259nni G\u0259ncl\u0259r v\u0259 \u0130dman Nazirliyinin d\u0259st\u0259yi il\u0259 Belarusiyan\u0131n Minsk \u015f\u0259h\u0259rind\u0259 Az\u0259rbaycan g\u0259ncl\u0259r g\u00fcn\u00fc m\u00fcnasib\u0259ti il\u0259 konsert proqram\u0131nda \u00e7\u0131x\u0131\u015f ed\u0259c\u0259k.<\/p>\n<p><img loading=\"lazy\" class=\"alignnone size-medium wp-image-88789\" src=\"https:\/\/arantv.az\/wp-content\/uploads\/2019\/10\/74442707_3067726046577078_4466259447987044352_n-199x300.jpg\" alt=\"\" width=\"199\" height=\"300\" \/><img loading=\"lazy\" class=\"alignnone size-medium wp-image-88790\" src=\"https:\/\/arantv.az\/wp-content\/uploads\/2019\/10\/72940295_957543721261958_488458470136217600_n-199x300.jpg\" alt=\"\" width=\"199\" height=\"300\" \/><img loading=\"lazy\" class=\"alignnone size-medium wp-image-88791\" src=\"https:\/\/arantv.az\/wp-content\/uploads\/2019\/10\/74604754_507157036541444_3919404085643575296_n-199x300.jpg\" alt=\"\" width=\"199\" height=\"300\" \/><\/p>\n","protected":false},"excerpt":{"rendered":"<p>H\u0259r il oldu\u011fu kimi bu il d\u0259 Qazax\u0131standa \u201cVoice Of Nursultan\u201d festival\u0131na bir \u00e7ox \u00f6lk\u0259l\u0259rd\u0259n ifa\u00e7\u0131lar d\u0259v\u0259t olunub. ARANTV.AZ x\u0259b\u0259r verir ki, festivalda Az\u0259rbaycan\u0131 \u00f6z musiqil\u0259ri il\u0259 m\u00fc\u011f\u0259nni Samira \u018ff\u0259ndi t\u0259msil ed\u0259c\u0259k. Portuqaliya, Ukrayna, G\u00fcrc\u00fcstan, Rusiya v\u0259 bir \u00e7ox \u00f6lk\u0259l\u0259rd\u0259n festivala qat\u0131lan ifa\u00e7\u0131lar kimi \u018ff\u0259ndi d\u0259 ay\u0131n 25-d\u0259 \u00f6z mahn\u0131lar\u0131 il\u0259, ay\u0131n 26-da is\u0259 qazax dilind\u0259 mahn\u0131 il\u0259 \u00e7\u0131x\u0131\u015f ed\u0259c\u0259k. Oktyabr\u0131n 28-da m\u00fc\u011f\u0259nni G\u0259ncl\u0259r v\u0259 \u0130dman Nazirliyinin d\u0259st\u0259yi il\u0259 Belarusiyan\u0131n Minsk \u015f\u0259h\u0259rind\u0259 Az\u0259rbaycan g\u0259ncl\u0259r g\u00fcn\u00fc m\u00fcnasib\u0259ti il\u0259 konsert proqram\u0131nda \u00e7\u0131x\u0131\u015f ed\u0259c\u0259k.<\/p>\n","protected":false},"author":2,"featured_media":88789,"comment_status":"closed","ping_status":"closed","sticky":false,"template":"","format":"standard","meta":{"om_disable_all_campaigns":false,"_monsterinsights_skip_tracking":false,"_monsterinsights_sitenote_active":false,"_monsterinsights_sitenote_note":"","_monsterinsights_sitenote_category":0},"categories":[20],"tags":[],"aioseo_notices":[],"gutentor_comment":0,"rttpg_featured_image_url":{"full":["https:\/\/arantv.az\/wp-content\/uploads\/2019\/10\/74442707_3067726046577078_4466259447987044352_n.jpg",359,540,false],"landscape":["https:\/\/arantv.az\/wp-content\/uploads\/2019\/10\/74442707_3067726046577078_4466259447987044352_n.jpg",359,540,false],"portraits":["https:\/\/arantv.az\/wp-content\/uploads\/2019\/10\/74442707_3067726046577078_4466259447987044352_n.jpg",359,540,false],"thumbnail":["https:\/\/arantv.az\/wp-content\/uploads\/2019\/10\/74442707_3067726046577078_4466259447987044352_n-150x150.jpg",150,150,true],"medium":["https:\/\/arantv.az\/wp-content\/uploads\/2019\/10\/74442707_3067726046577078_4466259447987044352_n-199x300.jpg",199,300,true],"large":["https:\/\/arantv.az\/wp-content\/uploads\/2019\/10\/74442707_3067726046577078_4466259447987044352_n.jpg",359,540,false],"1536x1536":["https:\/\/arantv.az\/wp-content\/uploads\/2019\/10\/74442707_3067726046577078_4466259447987044352_n.jpg",359,540,false],"2048x2048":["https:\/\/arantv.az\/wp-content\/uploads\/2019\/10\/74442707_3067726046577078_4466259447987044352_n.jpg",359,540,false],"post-thumbnail":["https:\/\/arantv.az\/wp-content\/uploads\/2019\/10\/74442707_3067726046577078_4466259447987044352_n-240x172.jpg",240,172,true],"advps-thumb-one":["https:\/\/arantv.az\/wp-content\/uploads\/2019\/10\/74442707_3067726046577078_4466259447987044352_n.jpg",359,540,false]},"rttpg_author":{"display_name":"V\u00fcsal Rafiqo\u011flu","author_link":"https:\/\/arantv.az\/?author=2"},"rttpg_comment":0,"rttpg_category":"<a href=\"https:\/\/arantv.az\/?cat=20\" rel=\"category\">\u015eou biznes<\/a>","rttpg_excerpt":"H\u0259r il oldu\u011fu kimi bu il d\u0259 Qazax\u0131standa \u201cVoice Of Nursultan\u201d festival\u0131na bir \u00e7ox \u00f6lk\u0259l\u0259rd\u0259n ifa\u00e7\u0131lar d\u0259v\u0259t olunub. ARANTV.AZ x\u0259b\u0259r verir ki, festivalda Az\u0259rbaycan\u0131 \u00f6z musiqil\u0259ri il\u0259 m\u00fc\u011f\u0259nni Samira \u018ff\u0259ndi t\u0259msil ed\u0259c\u0259k. Portuqaliya, Ukrayna, G\u00fcrc\u00fcstan, Rusiya v\u0259 bir \u00e7ox \u00f6lk\u0259l\u0259rd\u0259n festivala qat\u0131lan ifa\u00e7\u0131lar kimi \u018ff\u0259ndi d\u0259 ay\u0131n 25-d\u0259 \u00f6z mahn\u0131lar\u0131 il\u0259, ay\u0131n 26-da is\u0259 qazax&hellip;","_links":{"self":[{"href":"https:\/\/arantv.az\/index.php?rest_route=\/wp\/v2\/posts\/88788"}],"collection":[{"href":"https:\/\/arantv.az\/index.php?rest_route=\/wp\/v2\/posts"}],"about":[{"href":"https:\/\/arantv.az\/index.php?rest_route=\/wp\/v2\/types\/post"}],"author":[{"embeddable":true,"href":"https:\/\/arantv.az\/index.php?rest_route=\/wp\/v2\/users\/2"}],"replies":[{"embeddable":true,"href":"https:\/\/arantv.az\/index.php?rest_route=%2Fwp%2Fv2%2Fcomments&post=88788"}],"version-history":[{"count":0,"href":"https:\/\/arantv.az\/index.php?rest_route=\/wp\/v2\/posts\/88788\/revisions"}],"wp:featuredmedia":[{"embeddable":true,"href":"https:\/\/arantv.az\/index.php?rest_route=\/wp\/v2\/media\/88789"}],"wp:attachment":[{"href":"https:\/\/arantv.az\/index.php?rest_route=%2Fwp%2Fv2%2Fmedia&parent=88788"}],"wp:term":[{"taxonomy":"category","embeddable":true,"href":"https:\/\/arantv.az\/index.php?rest_route=%2Fwp%2Fv2%2Fcategories&post=88788"},{"taxonomy":"post_tag","embeddable":true,"href":"https:\/\/arantv.az\/index.php?rest_route=%2Fwp%2Fv2%2Ftags&post=88788"}],"curies":[{"name":"wp","href":"https:\/\/api.w.org\/{rel}","templated":true}]}}