{"id":88802,"date":"2019-10-24T15:05:45","date_gmt":"2019-10-24T12:05:45","guid":{"rendered":"http:\/\/arantv.az\/?p=88802"},"modified":"2019-10-24T15:05:45","modified_gmt":"2019-10-24T12:05:45","slug":"deputat-son-struktur-v%c9%99-kadr-d%c9%99yisiklikl%c9%99ri-iqtisadiyyatimizin-gucl%c9%99nm%c9%99sin%c9%99-s%c9%99b%c9%99b-olacaq","status":"publish","type":"post","link":"https:\/\/arantv.az\/?p=88802","title":{"rendered":"Deputat: &#8220;Son struktur v\u0259 kadr d\u0259yi\u015fiklikl\u0259ri iqtisadiyyat\u0131m\u0131z\u0131n g\u00fccl\u0259nm\u0259sin\u0259 s\u0259b\u0259b olacaq&#8221;"},"content":{"rendered":"<blockquote><p><em><strong>Prezident \u0130lham \u018fliyev t\u0259r\u0259find\u0259n son d\u00f6vrl\u0259rd\u0259 apar\u0131lan struktur v\u0259 kadr d\u0259yi\u015fiklikl\u0259ri g\u00fcn\u00fcn t\u0259l\u0259bi idi v\u0259 bu yenilikl\u0259r iqtisadiyyat\u0131m\u0131z\u0131n g\u00fccl\u0259nm\u0259sin\u0259, regionlar\u0131n sosial-iqtisadi inki\u015faf\u0131n\u0131n daha da s\u00fcr\u0259tl\u0259nm\u0259sin\u0259 s\u0259b\u0259b olacaq.<\/strong><\/em><\/p><\/blockquote>\n<p><strong>ARANTV.AZ<\/strong>\u00a0 x\u0259b\u0259r verir ki, bunu\u00a0<a href=\"https:\/\/az.trend.az\/\" target=\"_blank\" rel=\"noopener\">Trend<\/a>-\u0259 Milli M\u0259clisin deputat\u0131 Ayd\u0131n Mirz\u0259zad\u0259 deyib.<\/p>\n<p>Onun s\u00f6zl\u0259rin\u0259 g\u00f6r\u0259, Prezident \u0130lham \u018fliyevin son g\u00fcnl\u0259r apard\u0131\u011f\u0131 d\u0259yi\u015fiklikl\u0259rin \u0259sas m\u0259qs\u0259dl\u0259ri iqtisadiyyat\u0131n t\u0259l\u0259bl\u0259r\u0259 uy\u011fun \u015f\u0259kild\u0259 g\u00fccl\u0259ndirilm\u0259si, iqtisadi f\u0259all\u0131\u011f\u0131n art\u0131r\u0131lmas\u0131, qeyri-neft sektorunun inki\u015faf\u0131na diqq\u0259tin art\u0131r\u0131lmas\u0131d\u0131r:<\/p>\n<p>&#8220;Prezident h\u0259m Ba\u015f Nazirin m\u00fcavini t\u0259yin edilmi\u015f \u015eahin Mustafayevi, h\u0259m d\u0259 \u0130stisadiyyat naziri t\u0259yin edilmi\u015f Mikay\u0131l Cabbarovu q\u0259bul ed\u0259rk\u0259n bu m\u0259s\u0259l\u0259l\u0259r\u0259 \u00e7ox ciddi \u015f\u0259kild\u0259 toxundu. Bu, onu g\u00f6st\u0259rir ki, Prezident iqtisadiyyat\u0131m\u0131zda olan probleml\u0259rl\u0259, h\u0259lli g\u00f6zl\u0259nil\u0259n m\u0259s\u0259l\u0259l\u0259rl\u0259 ba\u011fl\u0131 yax\u015f\u0131 m\u0259lumatl\u0131d\u0131r v\u0259 h\u0259min m\u0259s\u0259l\u0259l\u0259rin h\u0259llini bu g\u00fcn yeni t\u0259yin edilmi\u015f h\u00f6kum\u0259t \u00fczvl\u0259ri qar\u015f\u0131s\u0131nda \u00e7ox ciddi \u015f\u0259kild\u0259 qoyur. Bunlardan biri d\u0259 k\u00f6lg\u0259 iqtisadiyyat\u0131 il\u0259 m\u00fcbariz\u0259dir&#8221;.<\/p>\n<p>Deputat \u0259lav\u0259 edib ki, d\u00fcnyan\u0131n b\u00fct\u00fcn \u00f6lk\u0259l\u0259rind\u0259 k\u00f6lg\u0259 iqtisadiyyat\u0131 var, amma bu informasiya bizi sakitl\u0259\u015fdirm\u0259m\u0259lidir. K\u00f6lg\u0259 iqtisadiyyat\u0131na qar\u015f\u0131 \u00e7ox ciddi m\u00fcbariz\u0259 apar\u0131lmal\u0131d\u0131r.<\/p>\n<p>A.Mirz\u0259zad\u0259nin fikrinc\u0259, bu g\u00fcn bu m\u0259s\u0259l\u0259 h\u00f6kum\u0259t qar\u015f\u0131s\u0131nda bir n\u00f6mr\u0259li m\u0259s\u0259l\u0259 kimi qoyulub:<\/p>\n<p>&#8220;K\u00f6lg\u0259 iqtisadiyyat\u0131n\u0131n leqalla\u015fd\u0131r\u0131lmas\u0131 v\u0259 onun qanun \u00e7\u0259r\u00e7iv\u0259sind\u0259 f\u0259aliyy\u0259t g\u00f6st\u0259rm\u0259si, b\u00fcdc\u0259y\u0259 daxilolmalar\u0131n art\u0131r\u0131lmas\u0131, paket \u00fcsulu il\u0259 \u0259m\u0259khaqq\u0131 alan insanlar\u0131n vergiy\u0259 v\u0259 sosial m\u00fcdafi\u0259y\u0259 c\u0259lb edilm\u0259si, onlar\u0131n g\u0259l\u0259c\u0259kd\u0259 yax\u015f\u0131 pensiya almas\u0131 bu g\u00fcn\u00fcn \u0259sas m\u0259s\u0259l\u0259l\u0259rind\u0259ndir. Hesab edir\u0259m ki, yeni t\u0259yin olunan \u015f\u0259xsl\u0259r iqtisadiyyat sah\u0259sinin t\u0259cr\u00fcb\u0259li insanlar\u0131 kimi bu m\u0259s\u0259l\u0259l\u0259ri h\u0259ll etm\u0259k g\u00fcc\u00fcnd\u0259dirl\u0259r.<\/p>\n<p>Prezidentin t\u00f6vsiy\u0259l\u0259ri n\u0259z\u0259r\u0259 al\u0131nmaqla, bu istiqam\u0259td\u0259 g\u00f6r\u00fcl\u0259n i\u015fl\u0259r g\u00fccl\u0259ndirilm\u0259li, yeni \u00fcsullar tap\u0131lmal\u0131, k\u00f6lg\u0259 iqtisadiyyat\u0131n\u0131n l\u0259\u011fvinin b\u00fct\u00fcn c\u0259miyy\u0259t \u00fc\u00e7\u00fcn faydal\u0131 olmas\u0131 bir daha n\u0259z\u0259r\u0259 \u00e7atd\u0131r\u0131lmal\u0131d\u0131r. Bu istiqam\u0259td\u0259 i\u015fl\u0259rin g\u00fccl\u0259n\u0259c\u0259yin\u0259 h\u0259r birimiz inan\u0131r\u0131q. Bunun edilm\u0259si b\u00fcdc\u0259nin b\u00f6y\u00fcm\u0259sin\u0259, \u0259m\u0259khaqlar\u0131 v\u0259 pensiyalar\u0131n artmas\u0131na, sosial proqramlar\u0131n h\u0259yata ke\u00e7irilm\u0259si \u00fc\u00e7\u00fcn i\u015fl\u0259rin s\u00fcr\u0259tl\u0259nm\u0259sin\u0259 s\u0259b\u0259b olacaq&#8221;.<\/p>\n","protected":false},"excerpt":{"rendered":"<p>Prezident \u0130lham \u018fliyev t\u0259r\u0259find\u0259n son d\u00f6vrl\u0259rd\u0259 apar\u0131lan struktur v\u0259 kadr d\u0259yi\u015fiklikl\u0259ri g\u00fcn\u00fcn t\u0259l\u0259bi idi v\u0259 bu yenilikl\u0259r iqtisadiyyat\u0131m\u0131z\u0131n g\u00fccl\u0259nm\u0259sin\u0259, regionlar\u0131n sosial-iqtisadi inki\u015faf\u0131n\u0131n daha da s\u00fcr\u0259tl\u0259nm\u0259sin\u0259 s\u0259b\u0259b olacaq. ARANTV.AZ\u00a0 x\u0259b\u0259r verir ki, bunu\u00a0Trend-\u0259 Milli M\u0259clisin deputat\u0131 Ayd\u0131n Mirz\u0259zad\u0259 deyib. Onun s\u00f6zl\u0259rin\u0259 g\u00f6r\u0259, Prezident \u0130lham \u018fliyevin son g\u00fcnl\u0259r apard\u0131\u011f\u0131 d\u0259yi\u015fiklikl\u0259rin \u0259sas m\u0259qs\u0259dl\u0259ri iqtisadiyyat\u0131n t\u0259l\u0259bl\u0259r\u0259 uy\u011fun \u015f\u0259kild\u0259 g\u00fccl\u0259ndirilm\u0259si, iqtisadi f\u0259all\u0131\u011f\u0131n art\u0131r\u0131lmas\u0131, qeyri-neft sektorunun inki\u015faf\u0131na diqq\u0259tin art\u0131r\u0131lmas\u0131d\u0131r: &#8220;Prezident h\u0259m Ba\u015f Nazirin m\u00fcavini t\u0259yin edilmi\u015f \u015eahin Mustafayevi, h\u0259m d\u0259 \u0130stisadiyyat naziri t\u0259yin edilmi\u015f Mikay\u0131l Cabbarovu q\u0259bul ed\u0259rk\u0259n bu m\u0259s\u0259l\u0259l\u0259r\u0259 \u00e7ox ciddi \u015f\u0259kild\u0259 toxundu. Bu, onu&hellip;<\/p>\n","protected":false},"author":2,"featured_media":88803,"comment_status":"closed","ping_status":"closed","sticky":false,"template":"","format":"standard","meta":{"om_disable_all_campaigns":false,"_monsterinsights_skip_tracking":false,"_monsterinsights_sitenote_active":false,"_monsterinsights_sitenote_note":"","_monsterinsights_sitenote_category":0},"categories":[4],"tags":[],"aioseo_notices":[],"gutentor_comment":0,"rttpg_featured_image_url":{"full":["https:\/\/arantv.az\/wp-content\/uploads\/2019\/10\/aydin_mirzezade_0412.jpg",800,600,false],"landscape":["https:\/\/arantv.az\/wp-content\/uploads\/2019\/10\/aydin_mirzezade_0412.jpg",800,600,false],"portraits":["https:\/\/arantv.az\/wp-content\/uploads\/2019\/10\/aydin_mirzezade_0412.jpg",800,600,false],"thumbnail":["https:\/\/arantv.az\/wp-content\/uploads\/2019\/10\/aydin_mirzezade_0412-150x150.jpg",150,150,true],"medium":["https:\/\/arantv.az\/wp-content\/uploads\/2019\/10\/aydin_mirzezade_0412-300x225.jpg",300,225,true],"large":["https:\/\/arantv.az\/wp-content\/uploads\/2019\/10\/aydin_mirzezade_0412.jpg",640,480,false],"1536x1536":["https:\/\/arantv.az\/wp-content\/uploads\/2019\/10\/aydin_mirzezade_0412.jpg",800,600,false],"2048x2048":["https:\/\/arantv.az\/wp-content\/uploads\/2019\/10\/aydin_mirzezade_0412.jpg",800,600,false],"post-thumbnail":["https:\/\/arantv.az\/wp-content\/uploads\/2019\/10\/aydin_mirzezade_0412-240x172.jpg",240,172,true],"advps-thumb-one":["https:\/\/arantv.az\/wp-content\/uploads\/2019\/10\/aydin_mirzezade_0412.jpg",800,600,false]},"rttpg_author":{"display_name":"V\u00fcsal Rafiqo\u011flu","author_link":"https:\/\/arantv.az\/?author=2"},"rttpg_comment":0,"rttpg_category":"<a href=\"https:\/\/arantv.az\/?cat=4\" rel=\"category\">Siyas\u0259t<\/a>","rttpg_excerpt":"Prezident \u0130lham \u018fliyev t\u0259r\u0259find\u0259n son d\u00f6vrl\u0259rd\u0259 apar\u0131lan struktur v\u0259 kadr d\u0259yi\u015fiklikl\u0259ri g\u00fcn\u00fcn t\u0259l\u0259bi idi v\u0259 bu yenilikl\u0259r iqtisadiyyat\u0131m\u0131z\u0131n g\u00fccl\u0259nm\u0259sin\u0259, regionlar\u0131n sosial-iqtisadi inki\u015faf\u0131n\u0131n daha da s\u00fcr\u0259tl\u0259nm\u0259sin\u0259 s\u0259b\u0259b olacaq. ARANTV.AZ\u00a0 x\u0259b\u0259r verir ki, bunu\u00a0Trend-\u0259 Milli M\u0259clisin deputat\u0131 Ayd\u0131n Mirz\u0259zad\u0259 deyib. Onun s\u00f6zl\u0259rin\u0259 g\u00f6r\u0259, Prezident \u0130lham \u018fliyevin son g\u00fcnl\u0259r apard\u0131\u011f\u0131 d\u0259yi\u015fiklikl\u0259rin \u0259sas m\u0259qs\u0259dl\u0259ri iqtisadiyyat\u0131n t\u0259l\u0259bl\u0259r\u0259 uy\u011fun \u015f\u0259kild\u0259 g\u00fccl\u0259ndirilm\u0259si,&hellip;","_links":{"self":[{"href":"https:\/\/arantv.az\/index.php?rest_route=\/wp\/v2\/posts\/88802"}],"collection":[{"href":"https:\/\/arantv.az\/index.php?rest_route=\/wp\/v2\/posts"}],"about":[{"href":"https:\/\/arantv.az\/index.php?rest_route=\/wp\/v2\/types\/post"}],"author":[{"embeddable":true,"href":"https:\/\/arantv.az\/index.php?rest_route=\/wp\/v2\/users\/2"}],"replies":[{"embeddable":true,"href":"https:\/\/arantv.az\/index.php?rest_route=%2Fwp%2Fv2%2Fcomments&post=88802"}],"version-history":[{"count":0,"href":"https:\/\/arantv.az\/index.php?rest_route=\/wp\/v2\/posts\/88802\/revisions"}],"wp:featuredmedia":[{"embeddable":true,"href":"https:\/\/arantv.az\/index.php?rest_route=\/wp\/v2\/media\/88803"}],"wp:attachment":[{"href":"https:\/\/arantv.az\/index.php?rest_route=%2Fwp%2Fv2%2Fmedia&parent=88802"}],"wp:term":[{"taxonomy":"category","embeddable":true,"href":"https:\/\/arantv.az\/index.php?rest_route=%2Fwp%2Fv2%2Fcategories&post=88802"},{"taxonomy":"post_tag","embeddable":true,"href":"https:\/\/arantv.az\/index.php?rest_route=%2Fwp%2Fv2%2Ftags&post=88802"}],"curies":[{"name":"wp","href":"https:\/\/api.w.org\/{rel}","templated":true}]}}