{"id":88806,"date":"2019-10-24T15:32:48","date_gmt":"2019-10-24T12:32:48","guid":{"rendered":"http:\/\/arantv.az\/?p=88806"},"modified":"2019-10-24T15:32:48","modified_gmt":"2019-10-24T12:32:48","slug":"ilham-%c9%99liyevin-t%c9%99brik-m%c9%99ktubu-parsonsa-catdirildi","status":"publish","type":"post","link":"https:\/\/arantv.az\/?p=88806","title":{"rendered":"\u0130lham \u018fliyevin t\u0259brik m\u0259ktubu Parsonsa \u00e7atd\u0131r\u0131ld\u0131"},"content":{"rendered":"<p>Milli Paralimpiya Komit\u0259sinin Prezidenti \u0130lqar R\u0259himov Beyn\u0259lxalq Paralimpiya Komit\u0259sinin (BPK) Almaniyan\u0131n Bonn \u015f\u0259h\u0259rind\u0259 ke\u00e7iril\u0259n t\u0259dbirl\u0259rind\u0259 i\u015ftirak edir.<\/p>\n<p><b>ARANTV.AZ\u00a0<\/b>x\u0259b\u0259r verir ki, o, bu g\u00fcn BPK-n\u0131n prezidenti Andr\u00fc Parsonsla g\u00f6r\u00fc\u015f\u00fcb.<\/p>\n<div id=\"AdviadNativeVideo0\" class=\"AdviadNativeVideo\"><\/div>\n<p>\u0130.R\u0259himov BPK-n\u0131n 30 illik yubileyi m\u00fcnasib\u0259ti il\u0259 Az\u0259rbaycan Respublikas\u0131n\u0131n Prezidenti \u0130lham \u018fliyevin t\u0259brik m\u0259ktubunu Endryu\u00a0Parsonsa t\u0259qdim edib. 42 ya\u015fl\u0131 braziliyal\u0131 Parsons t\u0259brik\u0259 v\u0259 diqq\u0259t\u0259 g\u00f6r\u0259 Prezident \u0130lham \u018fliyev\u0259 \u00f6z t\u0259\u015f\u0259kk\u00fcr\u00fcn\u00fc bildirib.<\/p>\n<p>Sonra paralimpiya h\u0259r\u0259kat\u0131n\u0131n inki\u015faf\u0131 sah\u0259sind\u0259 m\u00fczakir\u0259l\u0259r apar\u0131l\u0131b.oxu.az<\/p>\n","protected":false},"excerpt":{"rendered":"<p>Milli Paralimpiya Komit\u0259sinin Prezidenti \u0130lqar R\u0259himov Beyn\u0259lxalq Paralimpiya Komit\u0259sinin (BPK) Almaniyan\u0131n Bonn \u015f\u0259h\u0259rind\u0259 ke\u00e7iril\u0259n t\u0259dbirl\u0259rind\u0259 i\u015ftirak edir. ARANTV.AZ\u00a0x\u0259b\u0259r verir ki, o, bu g\u00fcn BPK-n\u0131n prezidenti Andr\u00fc Parsonsla g\u00f6r\u00fc\u015f\u00fcb. \u0130.R\u0259himov BPK-n\u0131n 30 illik yubileyi m\u00fcnasib\u0259ti il\u0259 Az\u0259rbaycan Respublikas\u0131n\u0131n Prezidenti \u0130lham \u018fliyevin t\u0259brik m\u0259ktubunu Endryu\u00a0Parsonsa t\u0259qdim edib. 42 ya\u015fl\u0131 braziliyal\u0131 Parsons t\u0259brik\u0259 v\u0259 diqq\u0259t\u0259 g\u00f6r\u0259 Prezident \u0130lham \u018fliyev\u0259 \u00f6z t\u0259\u015f\u0259kk\u00fcr\u00fcn\u00fc bildirib. Sonra paralimpiya h\u0259r\u0259kat\u0131n\u0131n inki\u015faf\u0131 sah\u0259sind\u0259 m\u00fczakir\u0259l\u0259r apar\u0131l\u0131b.oxu.az<\/p>\n","protected":false},"author":2,"featured_media":88807,"comment_status":"closed","ping_status":"closed","sticky":false,"template":"","format":"standard","meta":{"om_disable_all_campaigns":false,"_monsterinsights_skip_tracking":false,"_monsterinsights_sitenote_active":false,"_monsterinsights_sitenote_note":"","_monsterinsights_sitenote_category":0},"categories":[4],"tags":[],"aioseo_notices":[],"gutentor_comment":0,"rttpg_featured_image_url":{"full":["https:\/\/arantv.az\/wp-content\/uploads\/2019\/10\/251863b7-fd0a-414e-89e1-a078cb6de8f7.jpg",602,465,false],"landscape":["https:\/\/arantv.az\/wp-content\/uploads\/2019\/10\/251863b7-fd0a-414e-89e1-a078cb6de8f7.jpg",602,465,false],"portraits":["https:\/\/arantv.az\/wp-content\/uploads\/2019\/10\/251863b7-fd0a-414e-89e1-a078cb6de8f7.jpg",602,465,false],"thumbnail":["https:\/\/arantv.az\/wp-content\/uploads\/2019\/10\/251863b7-fd0a-414e-89e1-a078cb6de8f7-150x150.jpg",150,150,true],"medium":["https:\/\/arantv.az\/wp-content\/uploads\/2019\/10\/251863b7-fd0a-414e-89e1-a078cb6de8f7-300x232.jpg",300,232,true],"large":["https:\/\/arantv.az\/wp-content\/uploads\/2019\/10\/251863b7-fd0a-414e-89e1-a078cb6de8f7.jpg",602,465,false],"1536x1536":["https:\/\/arantv.az\/wp-content\/uploads\/2019\/10\/251863b7-fd0a-414e-89e1-a078cb6de8f7.jpg",602,465,false],"2048x2048":["https:\/\/arantv.az\/wp-content\/uploads\/2019\/10\/251863b7-fd0a-414e-89e1-a078cb6de8f7.jpg",602,465,false],"post-thumbnail":["https:\/\/arantv.az\/wp-content\/uploads\/2019\/10\/251863b7-fd0a-414e-89e1-a078cb6de8f7-240x172.jpg",240,172,true],"advps-thumb-one":["https:\/\/arantv.az\/wp-content\/uploads\/2019\/10\/251863b7-fd0a-414e-89e1-a078cb6de8f7.jpg",602,465,false]},"rttpg_author":{"display_name":"V\u00fcsal Rafiqo\u011flu","author_link":"https:\/\/arantv.az\/?author=2"},"rttpg_comment":0,"rttpg_category":"<a href=\"https:\/\/arantv.az\/?cat=4\" rel=\"category\">Siyas\u0259t<\/a>","rttpg_excerpt":"Milli Paralimpiya Komit\u0259sinin Prezidenti \u0130lqar R\u0259himov Beyn\u0259lxalq Paralimpiya Komit\u0259sinin (BPK) Almaniyan\u0131n Bonn \u015f\u0259h\u0259rind\u0259 ke\u00e7iril\u0259n t\u0259dbirl\u0259rind\u0259 i\u015ftirak edir. ARANTV.AZ\u00a0x\u0259b\u0259r verir ki, o, bu g\u00fcn BPK-n\u0131n prezidenti Andr\u00fc Parsonsla g\u00f6r\u00fc\u015f\u00fcb. \u0130.R\u0259himov BPK-n\u0131n 30 illik yubileyi m\u00fcnasib\u0259ti il\u0259 Az\u0259rbaycan Respublikas\u0131n\u0131n Prezidenti \u0130lham \u018fliyevin t\u0259brik m\u0259ktubunu Endryu\u00a0Parsonsa t\u0259qdim edib. 42 ya\u015fl\u0131 braziliyal\u0131 Parsons t\u0259brik\u0259 v\u0259 diqq\u0259t\u0259 g\u00f6r\u0259 Prezident \u0130lham&hellip;","_links":{"self":[{"href":"https:\/\/arantv.az\/index.php?rest_route=\/wp\/v2\/posts\/88806"}],"collection":[{"href":"https:\/\/arantv.az\/index.php?rest_route=\/wp\/v2\/posts"}],"about":[{"href":"https:\/\/arantv.az\/index.php?rest_route=\/wp\/v2\/types\/post"}],"author":[{"embeddable":true,"href":"https:\/\/arantv.az\/index.php?rest_route=\/wp\/v2\/users\/2"}],"replies":[{"embeddable":true,"href":"https:\/\/arantv.az\/index.php?rest_route=%2Fwp%2Fv2%2Fcomments&post=88806"}],"version-history":[{"count":0,"href":"https:\/\/arantv.az\/index.php?rest_route=\/wp\/v2\/posts\/88806\/revisions"}],"wp:featuredmedia":[{"embeddable":true,"href":"https:\/\/arantv.az\/index.php?rest_route=\/wp\/v2\/media\/88807"}],"wp:attachment":[{"href":"https:\/\/arantv.az\/index.php?rest_route=%2Fwp%2Fv2%2Fmedia&parent=88806"}],"wp:term":[{"taxonomy":"category","embeddable":true,"href":"https:\/\/arantv.az\/index.php?rest_route=%2Fwp%2Fv2%2Fcategories&post=88806"},{"taxonomy":"post_tag","embeddable":true,"href":"https:\/\/arantv.az\/index.php?rest_route=%2Fwp%2Fv2%2Ftags&post=88806"}],"curies":[{"name":"wp","href":"https:\/\/api.w.org\/{rel}","templated":true}]}}