{"id":88845,"date":"2019-10-24T16:19:52","date_gmt":"2019-10-24T13:19:52","guid":{"rendered":"http:\/\/arantv.az\/?p=88845"},"modified":"2019-10-24T16:19:52","modified_gmt":"2019-10-24T13:19:52","slug":"m%c9%99mm%c9%99d-musayev-iqtisadiyyat-nazirliyinin-strukturunun-genisl%c9%99ndirilm%c9%99si-sahibkarligin-inkisafina-muhum-tohf%c9%99-ver%c9%99c%c9%99k","status":"publish","type":"post","link":"https:\/\/arantv.az\/?p=88845","title":{"rendered":"M\u0259mm\u0259d Musayev: &#8220;\u0130qtisadiyyat Nazirliyinin strukturunun geni\u015fl\u0259ndirilm\u0259si sahibkarl\u0131\u011f\u0131n inki\u015faf\u0131na m\u00fch\u00fcm t\u00f6hf\u0259 ver\u0259c\u0259k&#8221;"},"content":{"rendered":"<blockquote><p><em><strong>Bu g\u00fcn Az\u0259rbaycanda qeydiyyatdan ke\u00e7\u0259n h\u00fcquqi \u015f\u0259xsl\u0259rin say\u0131 100 mind\u0259n, fiziki \u015f\u0259xsl\u0259rin say\u0131 is\u0259 900 mind\u0259n \u00e7oxdur.<\/strong><\/em><\/p><\/blockquote>\n<p><strong>ARANTV.AZ\u00a0<\/strong><a href=\"https:\/\/az.trend.az\/\" target=\"_blank\" rel=\"noopener\">Trend<\/a>-\u0259 istinad\u0259n x\u0259b\u0259r verir ki, bunu &#8220;Aqrarkredit&#8221; S\u0259hmdar Kredit T\u0259\u015fkilat\u0131n\u0131n \u0130dar\u0259 Hey\u0259tinin s\u0259dri, Sahibkarlar (\u0130\u015f\u0259g\u00f6t\u00fcr\u0259nl\u0259r) T\u0259\u015fkilatlar\u0131 Milli Konfederasiyas\u0131n\u0131n s\u0259dri M\u0259mm\u0259d Musayev bu g\u00fcn Yeni Az\u0259rbaycan Partiyas\u0131nda ke\u00e7iril\u0259n m\u0259tbuat konfrans\u0131nda deyib.<\/p>\n<p>M.Musayev bildirib ki, bu g\u00f6st\u0259rici Az\u0259rbaycanda h\u0259yata ke\u00e7iril\u0259n u\u011furlu islahatlar v\u0259 sahibkarl\u0131\u011f\u0131n inki\u015faf\u0131 \u00fc\u00e7\u00fcn yarad\u0131lan \u015f\u0259rait sah\u0259sind\u0259 m\u00fcmk\u00fcn olub.<\/p>\n<p>O qeyd edib ki, \u0130qtisadiyyat Nazirliyinin funksiyalar\u0131n\u0131n v\u0259 strukturunun geni\u015fl\u0259ndirilm\u0259si sahibkarl\u0131\u011f\u0131n inki\u015faf\u0131na m\u00fch\u00fcm t\u00f6hf\u0259 ver\u0259c\u0259k: &#8220;Bu nazirlik sahibkarlar \u00fc\u00e7\u00fcn \u0259n yax\u015f\u0131 yer olacaq. Sahibkarlar bir unvan tan\u0131yacaq v\u0259 b\u00fct\u00fcn m\u0259s\u0259l\u0259l\u0259rin h\u0259llini bir \u00fcnvanda tapacaqlar. Bu \u00e7ox m\u00fck\u0259mm\u0259l bir idar\u0259etm\u0259 mexanizmidir&#8221;.<\/p>\n","protected":false},"excerpt":{"rendered":"<p>Bu g\u00fcn Az\u0259rbaycanda qeydiyyatdan ke\u00e7\u0259n h\u00fcquqi \u015f\u0259xsl\u0259rin say\u0131 100 mind\u0259n, fiziki \u015f\u0259xsl\u0259rin say\u0131 is\u0259 900 mind\u0259n \u00e7oxdur. ARANTV.AZ\u00a0Trend-\u0259 istinad\u0259n x\u0259b\u0259r verir ki, bunu &#8220;Aqrarkredit&#8221; S\u0259hmdar Kredit T\u0259\u015fkilat\u0131n\u0131n \u0130dar\u0259 Hey\u0259tinin s\u0259dri, Sahibkarlar (\u0130\u015f\u0259g\u00f6t\u00fcr\u0259nl\u0259r) T\u0259\u015fkilatlar\u0131 Milli Konfederasiyas\u0131n\u0131n s\u0259dri M\u0259mm\u0259d Musayev bu g\u00fcn Yeni Az\u0259rbaycan Partiyas\u0131nda ke\u00e7iril\u0259n m\u0259tbuat konfrans\u0131nda deyib. M.Musayev bildirib ki, bu g\u00f6st\u0259rici Az\u0259rbaycanda h\u0259yata ke\u00e7iril\u0259n u\u011furlu islahatlar v\u0259 sahibkarl\u0131\u011f\u0131n inki\u015faf\u0131 \u00fc\u00e7\u00fcn yarad\u0131lan \u015f\u0259rait sah\u0259sind\u0259 m\u00fcmk\u00fcn olub. O qeyd edib ki, \u0130qtisadiyyat Nazirliyinin funksiyalar\u0131n\u0131n v\u0259 strukturunun geni\u015fl\u0259ndirilm\u0259si sahibkarl\u0131\u011f\u0131n inki\u015faf\u0131na m\u00fch\u00fcm t\u00f6hf\u0259 ver\u0259c\u0259k: &#8220;Bu nazirlik sahibkarlar \u00fc\u00e7\u00fcn \u0259n yax\u015f\u0131 yer olacaq. Sahibkarlar&hellip;<\/p>\n","protected":false},"author":2,"featured_media":88846,"comment_status":"closed","ping_status":"closed","sticky":false,"template":"","format":"standard","meta":{"om_disable_all_campaigns":false,"_monsterinsights_skip_tracking":false,"_monsterinsights_sitenote_active":false,"_monsterinsights_sitenote_note":"","_monsterinsights_sitenote_category":0},"categories":[1],"tags":[],"aioseo_notices":[],"gutentor_comment":0,"rttpg_featured_image_url":{"full":["https:\/\/arantv.az\/wp-content\/uploads\/2019\/10\/memmed_musayev.jpg",587,440,false],"landscape":["https:\/\/arantv.az\/wp-content\/uploads\/2019\/10\/memmed_musayev.jpg",587,440,false],"portraits":["https:\/\/arantv.az\/wp-content\/uploads\/2019\/10\/memmed_musayev.jpg",587,440,false],"thumbnail":["https:\/\/arantv.az\/wp-content\/uploads\/2019\/10\/memmed_musayev-150x150.jpg",150,150,true],"medium":["https:\/\/arantv.az\/wp-content\/uploads\/2019\/10\/memmed_musayev-300x225.jpg",300,225,true],"large":["https:\/\/arantv.az\/wp-content\/uploads\/2019\/10\/memmed_musayev.jpg",587,440,false],"1536x1536":["https:\/\/arantv.az\/wp-content\/uploads\/2019\/10\/memmed_musayev.jpg",587,440,false],"2048x2048":["https:\/\/arantv.az\/wp-content\/uploads\/2019\/10\/memmed_musayev.jpg",587,440,false],"post-thumbnail":["https:\/\/arantv.az\/wp-content\/uploads\/2019\/10\/memmed_musayev-240x172.jpg",240,172,true],"advps-thumb-one":["https:\/\/arantv.az\/wp-content\/uploads\/2019\/10\/memmed_musayev.jpg",587,440,false]},"rttpg_author":{"display_name":"V\u00fcsal Rafiqo\u011flu","author_link":"https:\/\/arantv.az\/?author=2"},"rttpg_comment":0,"rttpg_category":"<a href=\"https:\/\/arantv.az\/?cat=1\" rel=\"category\">C\u0259miyy\u0259t<\/a>","rttpg_excerpt":"Bu g\u00fcn Az\u0259rbaycanda qeydiyyatdan ke\u00e7\u0259n h\u00fcquqi \u015f\u0259xsl\u0259rin say\u0131 100 mind\u0259n, fiziki \u015f\u0259xsl\u0259rin say\u0131 is\u0259 900 mind\u0259n \u00e7oxdur. ARANTV.AZ\u00a0Trend-\u0259 istinad\u0259n x\u0259b\u0259r verir ki, bunu &#8220;Aqrarkredit&#8221; S\u0259hmdar Kredit T\u0259\u015fkilat\u0131n\u0131n \u0130dar\u0259 Hey\u0259tinin s\u0259dri, Sahibkarlar (\u0130\u015f\u0259g\u00f6t\u00fcr\u0259nl\u0259r) T\u0259\u015fkilatlar\u0131 Milli Konfederasiyas\u0131n\u0131n s\u0259dri M\u0259mm\u0259d Musayev bu g\u00fcn Yeni Az\u0259rbaycan Partiyas\u0131nda ke\u00e7iril\u0259n m\u0259tbuat konfrans\u0131nda deyib. M.Musayev bildirib ki, bu g\u00f6st\u0259rici Az\u0259rbaycanda h\u0259yata ke\u00e7iril\u0259n&hellip;","_links":{"self":[{"href":"https:\/\/arantv.az\/index.php?rest_route=\/wp\/v2\/posts\/88845"}],"collection":[{"href":"https:\/\/arantv.az\/index.php?rest_route=\/wp\/v2\/posts"}],"about":[{"href":"https:\/\/arantv.az\/index.php?rest_route=\/wp\/v2\/types\/post"}],"author":[{"embeddable":true,"href":"https:\/\/arantv.az\/index.php?rest_route=\/wp\/v2\/users\/2"}],"replies":[{"embeddable":true,"href":"https:\/\/arantv.az\/index.php?rest_route=%2Fwp%2Fv2%2Fcomments&post=88845"}],"version-history":[{"count":0,"href":"https:\/\/arantv.az\/index.php?rest_route=\/wp\/v2\/posts\/88845\/revisions"}],"wp:featuredmedia":[{"embeddable":true,"href":"https:\/\/arantv.az\/index.php?rest_route=\/wp\/v2\/media\/88846"}],"wp:attachment":[{"href":"https:\/\/arantv.az\/index.php?rest_route=%2Fwp%2Fv2%2Fmedia&parent=88845"}],"wp:term":[{"taxonomy":"category","embeddable":true,"href":"https:\/\/arantv.az\/index.php?rest_route=%2Fwp%2Fv2%2Fcategories&post=88845"},{"taxonomy":"post_tag","embeddable":true,"href":"https:\/\/arantv.az\/index.php?rest_route=%2Fwp%2Fv2%2Ftags&post=88845"}],"curies":[{"name":"wp","href":"https:\/\/api.w.org\/{rel}","templated":true}]}}