{"id":88907,"date":"2019-10-25T08:04:21","date_gmt":"2019-10-25T05:04:21","guid":{"rendered":"http:\/\/arantv.az\/?p=88907"},"modified":"2019-10-25T08:04:21","modified_gmt":"2019-10-25T05:04:21","slug":"pensiyalarla-bagli-inanilmaz-t%c9%99klif-63-yasa-endirilm%c9%99li-v%c9%99-amerikada-oldugu-kimi","status":"publish","type":"post","link":"https:\/\/arantv.az\/?p=88907","title":{"rendered":"Pensiyalarla ba\u011fl\u0131 \u0130NANILMAZ T\u018fKL\u0130F: 63 ya\u015fa endirilm\u0259li v\u0259 Amerikada oldu\u011fu kimi&#8230;"},"content":{"rendered":"<p><strong>\u201cHaz\u0131rda \u0259n \u00e7ox m\u00fcraci\u0259t edil\u0259n, el\u0259c\u0259 d\u0259 m\u00fczakir\u0259 olunan sosial proqram \u00fcnvanl\u0131 sosial yard\u0131m proqram\u0131d\u0131r. Bizim qiym\u0259tl\u0259ndirm\u0259 d\u0259 g\u00f6st\u0259rir ki, \u00fcnvanl\u0131 sosial yard\u0131m proqram\u0131n\u0131n t\u0259kmill\u0259\u015fdirilm\u0259sin\u0259 ehtiyac var\u201d.<\/strong><\/p>\n<p><b>ARANTV.AZ\u00a0<\/b>x\u0259b\u0259r verir ki, bunu \u0130qtisadi v\u0259 Sosial \u0130nki\u015faf M\u0259rk\u0259zinin r\u0259hb\u0259ri (CESD), iqtisad\u00e7\u0131 ekspert V\u00fcqar Bayramov qeyd edib.<\/p>\n<p><img loading=\"lazy\" src=\"https:\/\/publika.az\/storage\/2018\/07\/17\/vuqar-bayramov.jpg\" alt=\"\" width=\"600\" height=\"358\" \/><\/p>\n<p>Ekspert CESD-nin sosial istiqam\u0259td\u0259 hans\u0131 islahatlar\u0131n apar\u0131lmas\u0131n\u0131 il\u0259 ba\u011fl\u0131 haz\u0131rlad\u0131\u011f\u0131 mexanizmin q\u0131sa t\u0259svirini t\u0259qdim edib:<\/p>\n<p>\u201cBiz t\u0259klif edirik ki, proqram\u0131n re-brendinqi h\u0259yata ke\u00e7irilsin. Monitorinql\u0259rimiz g\u00f6st\u0259rir ki, v\u0259t\u0259nda\u015flar aras\u0131nda da \u00fcnvanl\u0131 sosial yard\u0131m proqram\u0131na \u201c\u015fe\u015f-qo\u015fa\u201d ad\u0131 verilib. \u00c7\u00fcnki bu proqram icra edilm\u0259y\u0259 ba\u015flayan zaman, uzun m\u00fcdd\u0259t \u00fcnvanl\u0131 sosial yard\u0131m proqram\u0131 \u00e7\u0259r\u00e7iv\u0259sind\u0259 6 ay m\u0259murun, 6 ay \u00fcnvanl\u0131 sosial yard\u0131m alacaq v\u0259t\u0259nda\u015f\u0131n prinsipi, y\u0259ni \u201c6-6\u201d prinsipi il\u0259 \u0259laq\u0259lidir. Do\u011frudur, art\u0131q bu probleml\u0259r aradan qald\u0131rl\u0131b. Amma bu s\u00f6z\u00fcged\u0259n proqrama olan inam\u0131n formala\u015fmas\u0131na s\u0259b\u0259b olmur. Haz\u0131rda da \u00fcnvanl\u0131 sosial yard\u0131m proqram\u0131n\u0131n ictimaiyy\u0259t aras\u0131ndak\u0131 reputasiyas\u0131 kifay\u0259t q\u0259d\u0259r pisdir. \u00dcmumiyy\u0259tl\u0259, bu ad\u0131 d\u0259yi\u015fm\u0259d\u0259n h\u0259min proqram \u00e7\u0259r\u00e7iv\u0259sind\u0259 islahatlar\u0131n apar\u0131lmas\u0131 praktiki olaraq m\u00fcmk\u00fcns\u00fczd\u00fcr. Eyni zamanda, proqram \u00e7\u0259r\u00e7iv\u0259sind\u0259 m\u00fcraci\u0259t mexanizmin asanla\u015fd\u0131r\u0131lmas\u0131 v\u0259 m\u00fcraci\u0259t ed\u0259nl\u0259rinin say\u0131n\u0131n art\u0131r\u0131lmas\u0131 \u00f6n\u0259mlidir. M\u0259s\u0259l\u0259n, mobil telefonu \u00fc\u00e7\u00fcn ail\u0259nin adamba\u015f\u0131na son 12 (on iki) ay \u0259rzind\u0259 x\u0259rcinin orta ayl\u0131q m\u0259bl\u0259\u011finin n\u0259 \u00fc\u00e7\u00fcn n\u0259z\u0259r\u0259 al\u0131nmas\u0131 anla\u015f\u0131ql\u0131 deyil. X\u00fcsus\u0259n, kommunal xidm\u0259tl\u0259rl\u0259 ba\u011fl\u0131 d\u0259yi\u015fiklikl\u0259r apar\u0131lmal\u0131d\u0131r. Eyni zamanda, kommunal xidm\u0259tl\u0259rin pay\u0131n\u0131n da d\u0259yi\u015fdirilm\u0259sin\u0259 v\u0259 \u00fcnvanl\u0131 sosial yard\u0131mdan istifad\u0259 ed\u0259c\u0259k v\u0259t\u0259nda\u015flar\u0131m\u0131z\u0131n say\u0131n\u0131n art\u0131r\u0131lmas\u0131na, bununla yana\u015f\u0131, m\u0259bl\u0259\u011f\u0259 bax\u0131lmas\u0131na v\u0259 art\u0131r\u0131lmas\u0131na ehtiyac var. \u00c7\u00fcnki minium \u0259m\u0259k haqq\u0131 art\u0131r\u0131ld\u0131qdan sonra \u00fcnvanl\u0131 sosial yard\u0131m proqram\u0131 \u00e7\u0259r\u00e7iv\u0259sind\u0259 v\u0259saitin d\u0259 h\u0259cminin minimum istehlak meyar\u0131na deyil, minimum \u0259m\u0259k haqq\u0131na uy\u011funla\u015fd\u0131r\u0131lmas\u0131 vacibdir ki, daha \u00e7ox v\u0259t\u0259nda\u015f\u0131m\u0131z m\u0259hz \u00fcnvanl\u0131 sosial yard\u0131m proqram\u0131ndan faydalana bilsin v\u0259 proqram \u00e7\u0259r\u00e7iv\u0259sind\u0259 v\u0259t\u0259nda\u015fa \u00f6d\u0259nil\u0259n v\u0259saiti art\u0131rmaq m\u00fcmk\u00fcn olsun\u201d.<\/p>\n<p>Ekspert qeyd edib ki, \u00f6z\u00fcn\u00fcm\u0259\u015f\u011fulluq proqram\u0131n\u0131n t\u0259kmill\u0259\u015fdirilm\u0259sin\u0259 d\u0259 ehtiyac var:<\/p>\n<p>\u201c\u018fvv\u0259lki d\u00f6vrl\u0259rd\u0259, x\u00fcsus\u0259n mal-qaran\u0131n ucuz al\u0131b baha r\u0259smil\u0259\u015fdirilm\u0259si il\u0259 ba\u011fl\u0131 xeyli faktlar m\u0259tbuata t\u0259qdim olunmu\u015fdu. Bu da onun g\u00f6st\u0259rir ki, m\u0259\u015f\u011fulluq proqram\u0131n\u0131n da t\u0259kmil\u0259\u015fdirilm\u0259sin\u0259 ehtiyac var. Bu proqramda i\u015ftirak ed\u0259n v\u0259t\u0259nda\u015flar k\u0259nd t\u0259s\u0259rr\u00fcfat\u0131 il\u0259 m\u0259\u015f\u011ful olmaq ist\u0259y\u0259rl\u0259rs\u0259, onlara laz\u0131m olan v\u0259saitl\u0259rinin \u00f6zl\u0259rinin almas\u0131na imkan yarad\u0131lmal\u0131d\u0131r. H\u0259min \u015f\u0259xs heyv\u0259ndarl\u0131q v\u0259 ya dig\u0259r k\u0259nd t\u0259s\u0259rr\u00fcfat\u0131 m\u0259hsulunun istehsal\u0131 il\u0259 m\u0259\u015f\u011fuldursa, \u00f6z\u00fc birba\u015fa sat\u0131c\u0131 il\u0259 raz\u0131la\u015fmal\u0131d\u0131r, d\u00f6vl\u0259t is\u0259 h\u0259min pulu sat\u0131c\u0131ya \u00f6d\u0259m\u0259lidir. N\u0259tic\u0259d\u0259 bu da d\u00f6vriyy\u0259 v\u0259saitl\u0259rinin qiym\u0259tl\u0259rinin \u015fi\u015firdilm\u0259si il\u0259 ba\u011fl\u0131 \u015f\u00fcbh\u0259l\u0259ri aradan qald\u0131racaq v\u0259 imkan ver\u0259c\u0259k ki, \u00f6z biznesini qurmaq ist\u0259y\u0259n \u015f\u0259xs \u00f6z\u00fc se\u00e7im etsin. Dig\u0259r t\u0259r\u0259fd\u0259n, \u00f6z\u00fcn\u00fcm\u0259\u015f\u011fulluq proqram\u0131 \u00e7\u0259r\u00e7iv\u0259sind\u0259 yaln\u0131z mal-qaran\u0131n al\u0131nmas\u0131 deyil, h\u0259m d\u0259 dig\u0259r istiqam\u0259tl\u0259r\u0259 daha \u00e7ox v\u0259saitin ayr\u0131lmas\u0131 v\u0259 \u00f6d\u0259nil\u0259c\u0259k v\u0259saitl\u0259rl\u0259 ba\u011fl\u0131 limitl\u0259rin art\u0131r\u0131lmas\u0131na ehtiyac var. D\u00fczd\u00fcr, haz\u0131rda aqrar sektordan ba\u015fqa istiqam\u0259tl\u0259r\u0259 d\u0259 v\u0259sait ayr\u0131l\u0131r. Amma bunun da sisteml\u0259\u015fdirilm\u0259sin\u0259 ehtiyac var. X\u00fcsus\u0259n d\u0259 pay\u0131z aylar\u0131nda mal-qara alan v\u0259t\u0259nda\u015flar\u0131m\u0131z \u00fc\u00e7\u00fcn \u0259lav\u0259 x\u0259rcl\u0259r yaran\u0131r. Mal-qaran\u0131n t\u0259bii art\u0131m\u0131 ad\u0259t\u0259n zaman t\u0259l\u0259b edir. Bir ne\u00e7\u0259 ay \u0259rzind\u0259 onun yem\u0259 v\u0259 dig\u0259r x\u0259rcinin \u00f6d\u0259nilm\u0259sin\u0259 ehtiyac var ki, bu da x\u00fcsus\u0259n d\u0259 \u00fcnvanl\u0131 sosial yard\u0131m alan, maliyy\u0259 imkanlar\u0131 g\u00fccl\u00fc olmayan v\u0259t\u0259nda\u015flar\u0131m\u0131z \u00fc\u00e7\u00fcn \u0259lav\u0259 x\u0259rcdir. Bununla yana\u015f\u0131, dig\u0259r istiqam\u0259tl\u0259r\u0259, x\u00fcsus\u0259n, s\u0259n\u0259tkarl\u0131\u011fa da v\u0259saitl\u0259rin ayr\u0131lmas\u0131na ehtiyac var ki, m\u0259\u015f\u011fulluq proqram\u0131 daha \u00e7ox aqrar sektor \u00fczr\u0259 k\u00f6kl\u0259nm\u0259sin\u201d.<\/p>\n<p>Bundan ba\u015fqa, V\u00fcqar Bayramov pensiya islahatlar\u0131 \u00fczr\u0259 \u201cAmerikan modeli\u201dnin t\u0259tbiq edilm\u0259sini t\u0259klif edir:<\/p>\n<p>\u201cPensiya islahatlar\u0131n\u0131n davam etdirilm\u0259si d\u0259 vacib amill\u0259rd\u0259ndir. Pensiya islahatlar\u0131 \u00fczr\u0259 \u201cAmerikan modeli\u201dni t\u0259klif edirik. Bel\u0259 ki, el\u0259 v\u0259t\u0259nda\u015flar\u0131m\u0131z var ki, onlar\u0131n pensiya kapital\u0131 kifay\u0259t q\u0259d\u0259r b\u00f6y\u00fckd\u00fcr. B\u0259zi hallarda h\u0259tta 150 min manatdan \u00e7ox pensiya kapital\u0131 olan v\u0259t\u0259nda\u015flar\u0131m\u0131z var. \u201cAmerikan modeli\u201dnd\u0259 oldu\u011fu kimi, h\u0259min v\u0259t\u0259nda\u015flar\u0131m\u0131za daha tez pensiyaya \u00e7\u0131xmaq v\u0259 buna uy\u011fun olaraq da kapitallar\u0131n bir hiss\u0259sini 65 ya\u015f\u0131na \u00e7atmadan istifad\u0259 etm\u0259k h\u00fcquqi verilm\u0259lidir. Biz t\u0259klif edirik ki, minimum pensiya kapital\u0131 il\u0259 yana\u015f\u0131, h\u0259m d\u0259 orta pensiya kapital\u0131 anlay\u0131\u015f\u0131 da qanunvericiliy\u0259 daxil edilsin. Orta pensiya kapital\u0131 \u00e7ox olan v\u0259t\u0259nda\u015flar\u0131m\u0131z 65 ya\u015f\u0131 tamam olmadan pensiyaya \u00e7\u0131xmaq h\u00fcququ \u0259ld\u0259 etsin. M\u0259s\u0259l\u0259n, bir s\u0131ra inki\u015faf etm\u0259kd\u0259 olan \u00f6lk\u0259l\u0259rd\u0259, o c\u00fcml\u0259d\u0259 qon\u015fu Rusiyada oldu\u011fu kimi \u0259m\u0259k pensiyas\u0131 ya\u015fa g\u00f6r\u0259 pensiyaya \u00e7\u0131xma vaxtlar\u0131n\u0131n f\u0259rql\u0259ndirilm\u0259sin\u0259 ehtiyac var.<\/p>\n<p>V\u0259t\u0259nda\u015fa imkan verilm\u0259lidir ki, ya\u015fa g\u00f6r\u0259 pensiyaya daha tez \u00e7\u0131xs\u0131n. Bizim pensiya qanunvericiliyind\u0259 pensiya \u00fczr\u0259 m\u00fcavin\u0259tl\u0259rin daha tez, \u0259m\u0259k pensiya ya\u015f\u0131ndan tez m\u00fc\u0259yy\u0259nl\u0259\u015fdirilm\u0259si m\u0259qs\u0259d\u0259uy\u011fun olard\u0131. Bu da imkan ver\u0259c\u0259k ki, ya\u015fa g\u00f6r\u0259 pensiya \u0259m\u0259k pensiyas\u0131 il\u0259 m\u00fcqayis\u0259d\u0259 daha tez m\u00fc\u0259yy\u0259nl\u0259\u015fsin, v\u0259t\u0259nda\u015f daha tez ya\u015fa g\u00f6r\u0259 pensiyadan istifad\u0259 ed\u0259 bilsin. Az\u0259rbaycanda \u0259m\u0259k pensiyas\u0131 h\u00fcququ olmayan v\u0259t\u0259nda\u015flar\u0131m\u0131z 67 ya\u015f\u0131nda m\u00fcavin\u0259tl\u0259r alma\u011fa ba\u015flay\u0131r. Biz bu r\u0259q\u0259min d\u0259yi\u015fdirilm\u0259si v\u0259t\u0259nda\u015fa 63 ya\u015f\u0131 tamam olduqdan sonra qocal\u0131q m\u00fcavinat\u0131 almaq h\u00fcququnun verilm\u0259sini t\u0259klif edirik.<\/p>\n<p>Eyni zamanda minimum pensiya art\u0131qdan sonra t\u0259l\u0259b edil\u0259n minimum pensiya kapital\u0131nda da art\u0131mlar var v\u0259 buna bax\u0131lmas\u0131na, h\u0259min minimumlar\u0131n da t\u0259nziml\u0259nm\u0259sin\u0259 ehtiyac var. Minimum pensiya m\u0259bl\u0259\u011fi art\u0131qdan sonra d\u00f6vl\u0259tin m\u00fc\u0259yy\u0259n hiss\u0259ni \u00f6z hesab\u0131na kompensasiya etm\u0259s\u0131 m\u0259qs\u0259d\u0259 uy\u011fundur. O bax\u0131mdan biz t\u0259klif edirik ki, minimum pensiya kapital\u0131 il\u0259 ba\u011fl\u0131 r\u0259q\u0259ml\u0259r\u0259 bax\u0131lmas\u0131 v\u0259 d\u0259yi\u015fdirilm\u0259si vacibdir ki, daha \u00e7ox v\u0259t\u0259nda\u015flar\u0131m\u0131z \u0259m\u0259k pensiyas\u0131ndan istifad\u0259 ed\u0259 bilsin.<\/p>\n<p>N\u0259z\u0259r\u0259 alsaq ki, orta ya\u015f m\u00fcdd\u0259ti uzun deyil. B\u0259zi hallarda v\u0259t\u0259nda\u015flar\u0131m\u0131z pensiyaya \u00e7\u0131xmadan \u00f6nc\u0259 d\u00fcnyas\u0131n\u0131 d\u0259yi\u015fl\u0259r. Bu da onlara o y\u0131\u011f\u0131mlardan istifad\u0259 etm\u0259y\u0259 imkan vermir.<\/p>\n<p>Pensiya y\u0131\u011f\u0131mlar\u0131nda varisliyin t\u0259tbiqi d\u0259 \u00f6n\u0259mlidir. B\u0259zi hallarda v\u0259t\u0259nda\u015flar\u0131m\u0131z y\u0131\u011f\u0131m edirl\u0259r, amma, pensiya ya\u015f\u0131 tamam olmadan d\u00fcnyalar\u0131n\u0131 d\u0259yi\u015firl\u0259r. H\u0259min v\u0259t\u0259nda\u015flar\u0131m\u0131z\u0131n y\u0131\u011f\u0131mlar\u0131n\u0131n onlar\u0131n varisl\u0259ri t\u0259r\u0259find\u0259n istifad\u0259 edilm\u0259sin\u0259 imkan yarad\u0131lmal\u0131d\u0131r\u201d.<\/p>\n<p>Dig\u0259r t\u0259r\u0259fd\u0259n, x\u00fcsus\u0259n, \u0259lillik d\u0259r\u0259c\u0259si olan v\u0259t\u0259nda\u015flar \u00fc\u00e7\u00fcn m\u00fcavin\u0259tl\u0259rin m\u0259bl\u0259\u011fin\u0259 bax\u0131lmas\u0131na v\u0259 art\u0131r\u0131lmas\u0131na ehtiyac var: \u201cBu il birinci paketd\u0259 h\u0259min m\u00fcavin\u0259tl\u0259rin art\u0131r\u0131lmas\u0131 il\u0259 ba\u011fl\u0131 q\u0259rar q\u0259bul edilib. Bu prosesin davaml\u0131 olmas\u0131na v\u0259 x\u00fcsus\u0259n d\u0259 birinci qrup \u0259lill\u0259r \u00fc\u00e7\u00fcn sosial m\u00fcavin\u0259tin m\u0259bl\u0259\u011finin art\u0131ralaraq \u0259n az\u0131 minimum \u0259m\u0259k haqq\u0131 s\u0259viyy\u0259sin\u0259 \u00e7atd\u0131r\u0131lmas\u0131na ehtiyac var ki, h\u0259min v\u0259tnda\u015flar\u0131m\u0131z\u0131n sosial t\u0259minat\u0131 il\u0259 ba\u011fl\u0131 h\u0259r hans\u0131 bir \u00e7\u0259tinlik olmas\u0131n. O bax\u0131mdan minimum pensiya, minimum \u0259m\u0259k haqq\u0131 il\u0259 yana\u015f\u0131, x\u00fcsus\u0259n d\u0259 \u0259lillik d\u0259r\u0259c\u0259l\u0259ri \u00fczr\u0259 sosial m\u00fcvin\u0259t m\u0259bl\u0259\u011fl\u0259rinin art\u0131r\u0131lmas\u0131 prioritet olmal\u0131d\u0131r. N\u0259tic\u0259 etibaril\u0259 n\u00f6vb\u0259ti aylarda bu istiqam\u0259td\u0259 add\u0131mlar\u0131n at\u0131lmas\u0131na ehtiyac var.<\/p>\n<p>\u00d6z\u0259l pensiya fondunun yarad\u0131lmas\u0131 prosesinin s\u00fcr\u0259tl\u0259ndirilm\u0259si v\u0259 v\u0259t\u0259nda\u015flar\u0131m\u0131za \u00f6z\u0259l pensiya fondlar\u0131nda y\u0131\u011f\u0131m imkan\u0131 verilm\u0259sin\u0259 d\u0259 ehtiyac var. Eyni zamanda h\u0259min fondlarda y\u0131\u011f\u0131lacaq v\u0259saitin xarici valyutalara indeksasiyas\u0131 \u00f6n\u0259mlidir ki, g\u0259l\u0259c\u0259kd\u0259 m\u0259z\u0259nn\u0259d\u0259ki d\u0259yi\u015fiklikl\u0259r yaranarsa fondak\u0131 y\u0131\u011f\u0131mlara birba\u015fa t\u0259sir g\u00f6st\u0259rm\u0259sin v\u0259 onlar\u0131n d\u0259y\u0259rsizl\u0259\u015fdirilm\u0259sin\u0259 g\u0259tirib \u00e7\u0131xarmas\u0131n\u201d.Publika.az<\/p>\n","protected":false},"excerpt":{"rendered":"<p>\u201cHaz\u0131rda \u0259n \u00e7ox m\u00fcraci\u0259t edil\u0259n, el\u0259c\u0259 d\u0259 m\u00fczakir\u0259 olunan sosial proqram \u00fcnvanl\u0131 sosial yard\u0131m proqram\u0131d\u0131r. Bizim qiym\u0259tl\u0259ndirm\u0259 d\u0259 g\u00f6st\u0259rir ki, \u00fcnvanl\u0131 sosial yard\u0131m proqram\u0131n\u0131n t\u0259kmill\u0259\u015fdirilm\u0259sin\u0259 ehtiyac var\u201d. ARANTV.AZ\u00a0x\u0259b\u0259r verir ki, bunu \u0130qtisadi v\u0259 Sosial \u0130nki\u015faf M\u0259rk\u0259zinin r\u0259hb\u0259ri (CESD), iqtisad\u00e7\u0131 ekspert V\u00fcqar Bayramov qeyd edib. Ekspert CESD-nin sosial istiqam\u0259td\u0259 hans\u0131 islahatlar\u0131n apar\u0131lmas\u0131n\u0131 il\u0259 ba\u011fl\u0131 haz\u0131rlad\u0131\u011f\u0131 mexanizmin q\u0131sa t\u0259svirini t\u0259qdim edib: \u201cBiz t\u0259klif edirik ki, proqram\u0131n re-brendinqi h\u0259yata ke\u00e7irilsin. Monitorinql\u0259rimiz g\u00f6st\u0259rir ki, v\u0259t\u0259nda\u015flar aras\u0131nda da \u00fcnvanl\u0131 sosial yard\u0131m proqram\u0131na \u201c\u015fe\u015f-qo\u015fa\u201d ad\u0131 verilib. \u00c7\u00fcnki bu proqram icra edilm\u0259y\u0259 ba\u015flayan zaman, uzun m\u00fcdd\u0259t \u00fcnvanl\u0131&hellip;<\/p>\n","protected":false},"author":2,"featured_media":88266,"comment_status":"closed","ping_status":"closed","sticky":false,"template":"","format":"standard","meta":{"om_disable_all_campaigns":false,"_monsterinsights_skip_tracking":false,"_monsterinsights_sitenote_active":false,"_monsterinsights_sitenote_note":"","_monsterinsights_sitenote_category":0},"categories":[1],"tags":[],"aioseo_notices":[],"gutentor_comment":0,"rttpg_featured_image_url":{"full":["https:\/\/arantv.az\/wp-content\/uploads\/2019\/10\/1571817664_0295fadd-9775-4c69-beca-424581e0ebad_640.jpg",549,297,false],"landscape":["https:\/\/arantv.az\/wp-content\/uploads\/2019\/10\/1571817664_0295fadd-9775-4c69-beca-424581e0ebad_640.jpg",549,297,false],"portraits":["https:\/\/arantv.az\/wp-content\/uploads\/2019\/10\/1571817664_0295fadd-9775-4c69-beca-424581e0ebad_640.jpg",549,297,false],"thumbnail":["https:\/\/arantv.az\/wp-content\/uploads\/2019\/10\/1571817664_0295fadd-9775-4c69-beca-424581e0ebad_640-150x150.jpg",150,150,true],"medium":["https:\/\/arantv.az\/wp-content\/uploads\/2019\/10\/1571817664_0295fadd-9775-4c69-beca-424581e0ebad_640-300x162.jpg",300,162,true],"large":["https:\/\/arantv.az\/wp-content\/uploads\/2019\/10\/1571817664_0295fadd-9775-4c69-beca-424581e0ebad_640.jpg",549,297,false],"1536x1536":["https:\/\/arantv.az\/wp-content\/uploads\/2019\/10\/1571817664_0295fadd-9775-4c69-beca-424581e0ebad_640.jpg",549,297,false],"2048x2048":["https:\/\/arantv.az\/wp-content\/uploads\/2019\/10\/1571817664_0295fadd-9775-4c69-beca-424581e0ebad_640.jpg",549,297,false],"post-thumbnail":["https:\/\/arantv.az\/wp-content\/uploads\/2019\/10\/1571817664_0295fadd-9775-4c69-beca-424581e0ebad_640-240x172.jpg",240,172,true],"advps-thumb-one":["https:\/\/arantv.az\/wp-content\/uploads\/2019\/10\/1571817664_0295fadd-9775-4c69-beca-424581e0ebad_640.jpg",549,297,false]},"rttpg_author":{"display_name":"V\u00fcsal Rafiqo\u011flu","author_link":"https:\/\/arantv.az\/?author=2"},"rttpg_comment":0,"rttpg_category":"<a href=\"https:\/\/arantv.az\/?cat=1\" rel=\"category\">C\u0259miyy\u0259t<\/a>","rttpg_excerpt":"\u201cHaz\u0131rda \u0259n \u00e7ox m\u00fcraci\u0259t edil\u0259n, el\u0259c\u0259 d\u0259 m\u00fczakir\u0259 olunan sosial proqram \u00fcnvanl\u0131 sosial yard\u0131m proqram\u0131d\u0131r. Bizim qiym\u0259tl\u0259ndirm\u0259 d\u0259 g\u00f6st\u0259rir ki, \u00fcnvanl\u0131 sosial yard\u0131m proqram\u0131n\u0131n t\u0259kmill\u0259\u015fdirilm\u0259sin\u0259 ehtiyac var\u201d. ARANTV.AZ\u00a0x\u0259b\u0259r verir ki, bunu \u0130qtisadi v\u0259 Sosial \u0130nki\u015faf M\u0259rk\u0259zinin r\u0259hb\u0259ri (CESD), iqtisad\u00e7\u0131 ekspert V\u00fcqar Bayramov qeyd edib. Ekspert CESD-nin sosial istiqam\u0259td\u0259 hans\u0131 islahatlar\u0131n apar\u0131lmas\u0131n\u0131 il\u0259 ba\u011fl\u0131 haz\u0131rlad\u0131\u011f\u0131 mexanizmin&hellip;","_links":{"self":[{"href":"https:\/\/arantv.az\/index.php?rest_route=\/wp\/v2\/posts\/88907"}],"collection":[{"href":"https:\/\/arantv.az\/index.php?rest_route=\/wp\/v2\/posts"}],"about":[{"href":"https:\/\/arantv.az\/index.php?rest_route=\/wp\/v2\/types\/post"}],"author":[{"embeddable":true,"href":"https:\/\/arantv.az\/index.php?rest_route=\/wp\/v2\/users\/2"}],"replies":[{"embeddable":true,"href":"https:\/\/arantv.az\/index.php?rest_route=%2Fwp%2Fv2%2Fcomments&post=88907"}],"version-history":[{"count":0,"href":"https:\/\/arantv.az\/index.php?rest_route=\/wp\/v2\/posts\/88907\/revisions"}],"wp:featuredmedia":[{"embeddable":true,"href":"https:\/\/arantv.az\/index.php?rest_route=\/wp\/v2\/media\/88266"}],"wp:attachment":[{"href":"https:\/\/arantv.az\/index.php?rest_route=%2Fwp%2Fv2%2Fmedia&parent=88907"}],"wp:term":[{"taxonomy":"category","embeddable":true,"href":"https:\/\/arantv.az\/index.php?rest_route=%2Fwp%2Fv2%2Fcategories&post=88907"},{"taxonomy":"post_tag","embeddable":true,"href":"https:\/\/arantv.az\/index.php?rest_route=%2Fwp%2Fv2%2Ftags&post=88907"}],"curies":[{"name":"wp","href":"https:\/\/api.w.org\/{rel}","templated":true}]}}