{"id":88922,"date":"2019-10-25T08:32:01","date_gmt":"2019-10-25T05:32:01","guid":{"rendered":"http:\/\/arantv.az\/?p=88922"},"modified":"2019-10-25T08:32:01","modified_gmt":"2019-10-25T05:32:01","slug":"s%c9%99hiyy%c9%99-nazirliyi-l%c9%99gv-edilir","status":"publish","type":"post","link":"https:\/\/arantv.az\/?p=88922","title":{"rendered":"S\u0259hiyy\u0259 Nazirliyi l\u0259\u011fv edilir"},"content":{"rendered":"<p>Prezident \u0130lham \u018fliyevin kadr v\u0259 struktur d\u0259yi\u015fiklikl\u0259ri davam edir.<\/p>\n<p>Yax\u0131n g\u00fcnl\u0259rd\u0259 daha iki nazirliyin birl\u0259\u015fdirlim\u0259si planla\u015fd\u0131r\u0131l\u0131r. S\u00f6hb\u0259t S\u0259hiyy\u0259 Nazirliyi il\u0259 \u018fm\u0259k v\u0259 \u018fhalinin Sosial M\u00fcdafi\u0259 Nazirliyind\u0259n gedir.<\/p>\n<p>Bildirilir ki, bununla ba\u011fl\u0131 laz\u0131m olan b\u00fct\u00fcn i\u015fl\u0259r yekunla\u015f\u0131b. Yax\u0131n g\u00fcnl\u0259rd\u0259 nazirlikl\u0259rin birl\u0259\u015fdirilm\u0259si bar\u0259d\u0259 s\u0259r\u0259ncam imzalanacaq.<\/p>\n<div><\/div>\n<p>M\u0259s\u0259l\u0259 il\u0259 ba\u011fl\u0131 BakuPost-a dan\u0131\u015fan tan\u0131nm\u0131\u015f ekspert R\u00f6v\u015f\u0259n A\u011fayev hesab edir ki, adlar\u0131 \u00e7\u0259kil\u0259n iki nazirliyin birl\u0259\u015fdirilm\u0259si lab\u00fcdd\u00fcr v\u0259 bir \u00e7ox \u00f6lk\u0259l\u0259rd\u0259 s\u0259hiyy\u0259 sistemi sosial m\u00fcdafi\u0259 sisteminin t\u0259rkib hiss\u0259si kimi, eyni qurum t\u0259r\u0259find\u0259n idar\u0259 olunur:<\/p>\n<p>&#8220;D\u00fcnyada s\u0259hiyy\u0259 sistemi il\u0259 sosial m\u00fcdafi\u0259 sistemi qurumlar\u0131n\u0131n bir yerd\u0259 olmas\u0131 t\u0259cr\u00fcb\u0259si geni\u015f yay\u0131l\u0131b. \u00c7ox uza\u011fa getm\u0259y\u0259k, el\u0259 bizim region \u00f6lk\u0259l\u0259rind\u0259 &#8211; Rusiya v\u0259 G\u00fcrc\u00fcstanda bu, s\u0131naqdan ke\u00e7irilib. N\u0259z\u0259r\u0259 al\u0131n ki, s\u0259hiyy\u0259 b\u00fct\u00f6vl\u00fckd\u0259 sosial m\u00fcdafi\u0259nin t\u0259rkib hiss\u0259sidir. H\u0259m d\u0259 onu n\u0259z\u0259r\u0259 al\u0131n ki, yanvar ay\u0131n\u0131n 1-d\u0259n S\u0259hiyy\u0259 Nazirliyini t\u0259s\u0259rr\u00fcfat funksiyalar\u0131, x\u0259st\u0259xanalar\u0131n idar\u0259 edilm\u0259si funksiyalar\u0131 tam m\u0259hdudla\u015fd\u0131r\u0131l\u0131r. Bilirsiz ki, bu i\u015fl\u0259ri T\u018fB\u0130B h\u0259yata ke\u00e7ir\u0259c\u0259k. Bundan sonra S\u0259hiyy\u0259 Nazirliyinin \u0259sas i\u015fi s\u0259hiyy\u0259 siyas\u0259tinin h\u0259yata ke\u00e7irilm\u0259si olacaq. Bu da \u00e7ox rahat \u015f\u0259kild\u0259 \u018fm\u0259k v\u0259 \u018fhalinin Sosial M\u00fcdafi\u0259si Nazirliyinin t\u0259rkibind\u0259 h\u0259yata ke\u00e7iril\u0259 bil\u0259r. Y\u0259qin ki, \u018f\u018fSMN-nin t\u0259rkibind\u0259 s\u0259hiyy\u0259 siyas\u0259tini h\u0259yata ke\u00e7ir\u0259n bir departament yarad\u0131lacaq.<\/p>\n<p>Y\u0259ni, S\u0259hiyy\u0259 Nazirliyinin l\u0259\u011fv edilm\u0259si v\u0259 \u018f\u018fSMN-\u0259 birl\u0259\u015fdirilmsi tamamil\u0259 m\u0259qbul bir modeldir\u201d.<\/p>\n","protected":false},"excerpt":{"rendered":"<p>Prezident \u0130lham \u018fliyevin kadr v\u0259 struktur d\u0259yi\u015fiklikl\u0259ri davam edir. Yax\u0131n g\u00fcnl\u0259rd\u0259 daha iki nazirliyin birl\u0259\u015fdirlim\u0259si planla\u015fd\u0131r\u0131l\u0131r. S\u00f6hb\u0259t S\u0259hiyy\u0259 Nazirliyi il\u0259 \u018fm\u0259k v\u0259 \u018fhalinin Sosial M\u00fcdafi\u0259 Nazirliyind\u0259n gedir. Bildirilir ki, bununla ba\u011fl\u0131 laz\u0131m olan b\u00fct\u00fcn i\u015fl\u0259r yekunla\u015f\u0131b. Yax\u0131n g\u00fcnl\u0259rd\u0259 nazirlikl\u0259rin birl\u0259\u015fdirilm\u0259si bar\u0259d\u0259 s\u0259r\u0259ncam imzalanacaq. M\u0259s\u0259l\u0259 il\u0259 ba\u011fl\u0131 BakuPost-a dan\u0131\u015fan tan\u0131nm\u0131\u015f ekspert R\u00f6v\u015f\u0259n A\u011fayev hesab edir ki, adlar\u0131 \u00e7\u0259kil\u0259n iki nazirliyin birl\u0259\u015fdirilm\u0259si lab\u00fcdd\u00fcr v\u0259 bir \u00e7ox \u00f6lk\u0259l\u0259rd\u0259 s\u0259hiyy\u0259 sistemi sosial m\u00fcdafi\u0259 sisteminin t\u0259rkib hiss\u0259si kimi, eyni qurum t\u0259r\u0259find\u0259n idar\u0259 olunur: &#8220;D\u00fcnyada s\u0259hiyy\u0259 sistemi il\u0259 sosial m\u00fcdafi\u0259 sistemi qurumlar\u0131n\u0131n bir yerd\u0259 olmas\u0131 t\u0259cr\u00fcb\u0259si&hellip;<\/p>\n","protected":false},"author":2,"featured_media":88923,"comment_status":"closed","ping_status":"closed","sticky":false,"template":"","format":"standard","meta":{"om_disable_all_campaigns":false,"_monsterinsights_skip_tracking":false,"_monsterinsights_sitenote_active":false,"_monsterinsights_sitenote_note":"","_monsterinsights_sitenote_category":0},"categories":[1],"tags":[],"aioseo_notices":[],"gutentor_comment":0,"rttpg_featured_image_url":{"full":["https:\/\/arantv.az\/wp-content\/uploads\/2019\/10\/sehiyye.jpg",620,350,false],"landscape":["https:\/\/arantv.az\/wp-content\/uploads\/2019\/10\/sehiyye.jpg",620,350,false],"portraits":["https:\/\/arantv.az\/wp-content\/uploads\/2019\/10\/sehiyye.jpg",620,350,false],"thumbnail":["https:\/\/arantv.az\/wp-content\/uploads\/2019\/10\/sehiyye-150x150.jpg",150,150,true],"medium":["https:\/\/arantv.az\/wp-content\/uploads\/2019\/10\/sehiyye-300x169.jpg",300,169,true],"large":["https:\/\/arantv.az\/wp-content\/uploads\/2019\/10\/sehiyye.jpg",620,350,false],"1536x1536":["https:\/\/arantv.az\/wp-content\/uploads\/2019\/10\/sehiyye.jpg",620,350,false],"2048x2048":["https:\/\/arantv.az\/wp-content\/uploads\/2019\/10\/sehiyye.jpg",620,350,false],"post-thumbnail":["https:\/\/arantv.az\/wp-content\/uploads\/2019\/10\/sehiyye-240x172.jpg",240,172,true],"advps-thumb-one":["https:\/\/arantv.az\/wp-content\/uploads\/2019\/10\/sehiyye.jpg",620,350,false]},"rttpg_author":{"display_name":"V\u00fcsal Rafiqo\u011flu","author_link":"https:\/\/arantv.az\/?author=2"},"rttpg_comment":0,"rttpg_category":"<a href=\"https:\/\/arantv.az\/?cat=1\" rel=\"category\">C\u0259miyy\u0259t<\/a>","rttpg_excerpt":"Prezident \u0130lham \u018fliyevin kadr v\u0259 struktur d\u0259yi\u015fiklikl\u0259ri davam edir. Yax\u0131n g\u00fcnl\u0259rd\u0259 daha iki nazirliyin birl\u0259\u015fdirlim\u0259si planla\u015fd\u0131r\u0131l\u0131r. S\u00f6hb\u0259t S\u0259hiyy\u0259 Nazirliyi il\u0259 \u018fm\u0259k v\u0259 \u018fhalinin Sosial M\u00fcdafi\u0259 Nazirliyind\u0259n gedir. Bildirilir ki, bununla ba\u011fl\u0131 laz\u0131m olan b\u00fct\u00fcn i\u015fl\u0259r yekunla\u015f\u0131b. Yax\u0131n g\u00fcnl\u0259rd\u0259 nazirlikl\u0259rin birl\u0259\u015fdirilm\u0259si bar\u0259d\u0259 s\u0259r\u0259ncam imzalanacaq. M\u0259s\u0259l\u0259 il\u0259 ba\u011fl\u0131 BakuPost-a dan\u0131\u015fan tan\u0131nm\u0131\u015f ekspert R\u00f6v\u015f\u0259n A\u011fayev hesab edir ki,&hellip;","_links":{"self":[{"href":"https:\/\/arantv.az\/index.php?rest_route=\/wp\/v2\/posts\/88922"}],"collection":[{"href":"https:\/\/arantv.az\/index.php?rest_route=\/wp\/v2\/posts"}],"about":[{"href":"https:\/\/arantv.az\/index.php?rest_route=\/wp\/v2\/types\/post"}],"author":[{"embeddable":true,"href":"https:\/\/arantv.az\/index.php?rest_route=\/wp\/v2\/users\/2"}],"replies":[{"embeddable":true,"href":"https:\/\/arantv.az\/index.php?rest_route=%2Fwp%2Fv2%2Fcomments&post=88922"}],"version-history":[{"count":0,"href":"https:\/\/arantv.az\/index.php?rest_route=\/wp\/v2\/posts\/88922\/revisions"}],"wp:featuredmedia":[{"embeddable":true,"href":"https:\/\/arantv.az\/index.php?rest_route=\/wp\/v2\/media\/88923"}],"wp:attachment":[{"href":"https:\/\/arantv.az\/index.php?rest_route=%2Fwp%2Fv2%2Fmedia&parent=88922"}],"wp:term":[{"taxonomy":"category","embeddable":true,"href":"https:\/\/arantv.az\/index.php?rest_route=%2Fwp%2Fv2%2Fcategories&post=88922"},{"taxonomy":"post_tag","embeddable":true,"href":"https:\/\/arantv.az\/index.php?rest_route=%2Fwp%2Fv2%2Ftags&post=88922"}],"curies":[{"name":"wp","href":"https:\/\/api.w.org\/{rel}","templated":true}]}}