{"id":88926,"date":"2019-10-25T08:35:41","date_gmt":"2019-10-25T05:35:41","guid":{"rendered":"http:\/\/arantv.az\/?p=88926"},"modified":"2019-10-25T08:35:41","modified_gmt":"2019-10-25T05:35:41","slug":"milli-m%c9%99clisin-%c9%99n-yasli-uzvl%c9%99ri-kiml%c9%99rdir-siyahi","status":"publish","type":"post","link":"https:\/\/arantv.az\/?p=88926","title":{"rendered":"Milli M\u0259clisin \u0259n ya\u015fl\u0131 \u00fczvl\u0259ri kiml\u0259rdir? &#8211; S\u0130YAHI"},"content":{"rendered":"<p>2020-ci ilin noyabr\u0131nda Az\u0259rbaycanda n\u00f6vb\u0259ti \u2013 VI \u00e7a\u011f\u0131r\u0131\u015f Milli M\u0259clis\u0259 se\u00e7kil\u0259r ke\u00e7iril\u0259c\u0259k. N\u00f6vb\u0259ti se\u00e7kil\u0259rd\u0259n sonra parlamentin daha da g\u0259ncl\u0259\u015fm\u0259si g\u00f6zl\u0259nilir. Bunun s\u0259b\u0259bi is\u0259 Prezident \u0130lham \u018fliyevin \u00f6lk\u0259d\u0259 apar\u0131lan islahatlar\u0131n bir hiss\u0259si olaraq, d\u00f6vl\u0259t strukturlar\u0131nda kadrlar\u0131n yenil\u0259nm\u0259sini z\u0259ruri hesab etm\u0259sidir. N\u00f6vb\u0259ti parlament se\u00e7kil\u0259rind\u0259 ya\u015fca daha g\u0259nc olanlar\u0131n deputatl\u0131\u011fa namiz\u0259dlikl\u0259rini ir\u0259li s\u00fcr\u0259c\u0259yini s\u00f6yl\u0259m\u0259k olar.<\/p>\n<p>Prezident \u0130lham \u018fliyev Hac\u0131bala Abutal\u0131bov v\u0259 \u018fli H\u0259s\u0259novun Ba\u015f nazirin m\u00fcavini v\u0259zif\u0259sind\u0259n azad edilm\u0259si bar\u0259d\u0259 s\u0259r\u0259ncamlar imzalay\u0131b.<\/p>\n<p>\u00d6lk\u0259 ba\u015f\u00e7\u0131s\u0131 daha sonra h\u0259r iki \u015f\u0259xsi v\u0259zif\u0259d\u0259n azad olunmas\u0131 il\u0259 ba\u011fl\u0131 verdiyi \u0259riz\u0259l\u0259rl\u0259 \u0259laq\u0259dar q\u0259bul edib.<\/p>\n<div id=\"AdviadNativeVideo0\" class=\"AdviadNativeVideo\"><\/div>\n<p>Prezident g\u00f6r\u00fc\u015fl\u0259rd\u0259\u00a0ya\u015f\u0131 70-i ke\u00e7\u0259n, iqtidarda t\u0259msil olunan m\u0259murlar\u0131n da istefa \u0259riz\u0259si t\u0259qdim ed\u0259c\u0259yin\u0259 \u00fcmidli oldu\u011funu bildirib.<\/p>\n<p>Ba\u015flanan islahatlar\u0131n parlamentd\u0259n d\u0259 yan ke\u00e7m\u0259y\u0259c\u0259yi \u015f\u00fcbh\u0259sizdir. D\u00fczd\u00fcr, Milli M\u0259clis se\u00e7kili orqand\u0131r v\u0259 hakimiyy\u0259tin qanunverici qanad\u0131n\u0131 t\u0259msil edir.<\/p>\n<p>Y\u0259ni qanunverici orqanda deputat olmaq t\u0259yinatla deyil, se\u00e7ki yolu il\u0259 m\u00fcmk\u00fcnd\u00fcr.<\/p>\n<p>\u018fslind\u0259, qanun \u00e7\u0259r\u00e7iv\u0259sind\u0259 h\u0259r bir v\u0259t\u0259nda\u015f\u0131n deputatl\u0131\u011fa namiz\u0259dliyini verm\u0259k h\u00fcququ var, bununla ba\u011fl\u0131 ya\u015f senzi yoxdur.<\/p>\n<p>Konstitusiyan\u0131n 85-ci madd\u0259sin\u0259 \u0259sas\u0259n, Az\u0259rbaycan Respublikas\u0131n\u0131n se\u00e7kil\u0259rd\u0259 i\u015ftirak etm\u0259k h\u00fcququna malik olan h\u0259r bir v\u0259t\u0259nda\u015f\u0131 qanunla m\u00fc\u0259yy\u0259n edilmi\u015f qaydada Milli M\u0259clisinin deputat\u0131 se\u00e7il\u0259 bil\u0259r.<\/p>\n<p>\u0130kili v\u0259t\u0259nda\u015fl\u0131\u011f\u0131 olan, ba\u015fqa d\u00f6vl\u0259tl\u0259r qar\u015f\u0131s\u0131nda \u00f6hd\u0259liyi olan, icra v\u0259 ya m\u0259hk\u0259m\u0259 hakimiyy\u0259ti sisteml\u0259rind\u0259 qulluq ed\u0259n, elmi, pedaqoji v\u0259 yarad\u0131c\u0131l\u0131q f\u0259aliyy\u0259ti istisna olmaqla, ba\u015fqa \u00f6d\u0259ni\u015fli f\u0259aliyy\u0259tl\u0259 m\u0259\u015f\u011ful olanlar, din xadiml\u0259ri, f\u0259aliyy\u0259t qabiliyy\u0259tsizliyi m\u0259hk\u0259m\u0259 t\u0259r\u0259find\u0259n t\u0259sdiq edil\u0259n, a\u011f\u0131r cinay\u0259tl\u0259r\u0259 g\u00f6r\u0259 m\u0259hkum olunmu\u015f \u015f\u0259xsl\u0259r, m\u0259hk\u0259m\u0259nin qanuni q\u00fcvv\u0259y\u0259 minmi\u015f h\u00f6km\u00fc il\u0259 azadl\u0131qdan m\u0259hrumetm\u0259 yerl\u0259rind\u0259 c\u0259za \u00e7\u0259k\u0259n \u015f\u0259xsl\u0259r deputat se\u00e7il\u0259 bilm\u0259zl\u0259r.<\/p>\n<p>Bu \u015f\u0259rtl\u0259r \u00e7\u0259r\u00e7iv\u0259sind\u0259 ham\u0131 deputatl\u0131\u011fa iddia ed\u0259 bil\u0259r. Amma&#8230;<\/p>\n<p>Haz\u0131rda Milli M\u0259clisd\u0259 65-69 ya\u015fl\u0131 deputatlar\u0131n say\u0131 16-d\u0131r. Onlar\u0131n siyah\u0131s\u0131n\u0131 t\u0259qdim edirik.<\/p>\n<p><strong>Rasim Musab\u0259yov<\/strong>\u00a0(68 ya\u015f\u0131 var, bit\u0259r\u0259f deputatd\u0131r),\u00a0<strong>Eldar Quliyev<\/strong>\u00a0(YAP \u00fczv\u00fcd\u00fcr, 68 ya\u015f\u0131 var),\u00a0<strong>\u015e\u0259ms\u0259ddin Hac\u0131yev<\/strong>\u00a0(YAP \u00fczv\u00fcd\u00fcr, 69 ya\u015f\u0131 var) Az\u0259rbaycan Sosial Demokrat Partiyas\u0131n\u0131n s\u0259dri\u00a0<strong>Araz \u018flizad\u0259<\/strong>\u00a0(69 ya\u015f),\u00a0<strong>Mirkaz\u0131m Kaz\u0131mov<\/strong>\u00a0(YAP \u00fczv\u00fcd\u00fcr, 69 ya\u015f\u0131 var), V\u0259t\u0259nda\u015f H\u0259mr\u0259yliyi Partiyas\u0131n\u0131n \u00fczv\u00fc\u00a0<strong>F\u0259zail \u0130brahimli<\/strong>\u00a0(68 ya\u015f) ,\u00a0<strong>Elmira Axundova\u00a0<\/strong>(bit\u0259r\u0259fdir, 66 ya\u015f\u0131 var),\u00a0<strong>Cavan\u015fir Pa\u015fazad\u0259<\/strong>\u00a0(YAP \u00fczv\u00fcd\u00fcr, 66 ya\u015f\u0131 var),\u00a0<strong>Tahir Rzayev<\/strong>\u00a0(YAP \u00fczv\u00fcd\u00fcr, 69 ya\u015f\u0131 var), bit\u0259r\u0259f\u00a0<strong>Aqil Abbas<\/strong>\u00a0(66 ya\u015f), V\u0259t\u0259nda\u015f Birliyi Partiyas\u0131n\u0131n s\u0259dri\u00a0<strong>Sabir Hac\u0131yev<\/strong>\u00a0(65 ya\u015f), bit\u0259r\u0259f deputat\u00a0<strong>\u018fli M\u0259simli<\/strong>\u00a0(66 ya\u015f), YAP \u00fczv\u00fc\u00a0<strong>Aqiy\u0259 Nax\u00e7\u0131vanl\u0131<\/strong>\u00a0(69 ya\u015f), YAP \u00fczv\u00fc\u00a0<strong>B\u0259xtiyar Sad\u0131qov<\/strong>\u00a0(68 ya\u015f) , YAP \u00fczv\u00fc\u00a0<strong>Elman M\u0259mm\u0259dov<\/strong>\u00a0(69 ya\u015f), bit\u0259r\u0259f\u00a0<strong>G\u00f6vh\u0259r Bax\u015f\u0259liyeva<\/strong>\u00a0(65 ya\u015f).<\/p>\n<p>Parlamentd\u0259 do\u011fum tarixi daha da \u0259vv\u0259l\u0259 ged\u0259n \u201cya\u015fl\u0131 qvardiya\u201dn\u0131n n\u00fcmay\u0259nd\u0259l\u0259ri d\u0259 az deyil. Ya\u015f\u0131 70-80 ya\u015f aras\u0131nda olan deputatlar\u0131n say\u0131 20 n\u0259f\u0259rdir.<\/p>\n<p>\u0130ndi is\u0259 onlar\u0131n adlar\u0131n\u0131 yazaq. YAP \u00fczv\u00fc\u00a0<strong>\u0130sa H\u0259bibb\u0259ylinin<\/strong>\u00a070 ya\u015f\u0131 var. Onunla eyni partiyada t\u0259msil olunan\u00a0<strong>Eldar \u0130brahimovun<\/strong>\u00a074, bit\u0259r\u0259f\u00a0<strong>Mad\u0259r Musayevin<\/strong>\u00a072, YAP \u00fczv\u00fc\u00a0<strong>Mixail Zabelinin<\/strong>\u00a073, bit\u0259r\u0259f\u00a0<strong>Ziyad S\u0259m\u0259dzad\u0259nin<\/strong>\u00a079, YAP \u00fczv\u00fc\u00a0<strong>H\u00fcseynbala Mir\u0259l\u0259movun<\/strong>\u00a074, bit\u0259r\u0259f \u00a0<strong>Vahid \u018fhm\u0259dovun<\/strong>\u00a072, YAP \u00fczv\u00fc\u00a0<strong>Yevda Abramovun<\/strong>\u00a071, YAP \u00fczv\u00fc\u00a0<strong>Tahir S\u00fcleymanovun<\/strong>\u00a071, bit\u0259r\u0259f\u00a0<strong>\u018flia\u011fa H\u00fcseynovun<\/strong>\u00a072, Ana V\u0259t\u0259n Partiyas\u0131n\u0131n s\u0259dri\u00a0<strong>F\u0259zail A\u011famal\u0131n\u0131n<\/strong>\u00a072, YAP \u00fczv\u00fc\u00a0<strong>Arif R\u0259himzad\u0259nin\u00a0<\/strong>78, YAP \u00fczv\u00fc\u00a0<strong>\u018fhliman \u018fmiraslanovun<\/strong>\u00a072, Az\u0259rbaycan Sosial Rifah Partiyas\u0131n\u0131n s\u0259dri\u00a0<strong>Xanh\u00fcseyn Kaz\u0131ml\u0131n\u0131n<\/strong>\u00a077, YAP \u00fczv\u00fc\u00a0<strong>Hadi R\u0259c\u0259blinin<\/strong>\u00a072, bit\u0259r\u0259f\u00a0<strong>Elxan S\u00fcleymanovun<\/strong>\u00a079, bit\u0259r\u0259f mill\u0259t v\u0259kili\u00a0<strong>Mahir Aslanovun<\/strong>\u00a070, Milli M\u0259clisin vitse-spikeri\u00a0<strong>Valeh \u018fl\u0259sg\u0259rovun<\/strong>\u00a073, YAP \u00fczv\u00fc\u00a0<strong>Rafiq M\u0259mm\u0259dh\u0259s\u0259novun<\/strong>\u00a074, bit\u0259r\u0259f deputat\u00a0<strong>Flora Qas\u0131movan\u0131n<\/strong>\u00a072 ya\u015f\u0131 var.<\/p>\n<p>Siyah\u0131 bununla bitmir. Milli M\u0259clisd\u0259 ya\u015f\u0131 80-i ke\u00e7\u0259n deputatlar da var. Onlar\u0131n say\u0131 d\u00f6rdd\u00fcr.<\/p>\n<p>Parlamentin \u0259n ya\u015fl\u0131 \u00fczvl\u0259ri\u00a0bit\u0259r\u0259f\u00a0<strong>Zeyn\u0259b Xanlarova<\/strong>\u00a0(83 ya\u015f), YAP-\u00e7\u0131\u00a0<strong>A\u011facan Ab\u0131yev<\/strong>\u00a0(82 ya\u015f) bit\u0259r\u0259f\u00a0<strong>F\u0259ttah Heyd\u0259rov<\/strong>\u00a0(81 ya\u015f) v\u0259 YAP-\u00e7\u0131\u00a0<strong>Yaqub Mahmudovdur<\/strong>\u00a0(80 ya\u015f).<\/p>\n<p>Prezident \u0130lham \u018fliyevin mesaj\u0131ndan sonra Yeni Az\u0259rbaycan Partiyas\u0131n\u0131n ya\u015f\u0131 70-i ke\u00e7\u0259n \u015f\u0259xsl\u0259ri deyil, daha g\u0259nc olanlar\u0131n\u0131 ir\u0259li \u00e7\u0259k\u0259c\u0259yi g\u00f6zl\u0259nil\u0259ndir. Ancaq Prezidentin \u00e7a\u011f\u0131r\u0131\u015f\u0131na dig\u0259r partiya \u00fczv\u00fc olan v\u0259 ya bit\u0259r\u0259f deputatlar\u0131n da \u0259m\u0259l ed\u0259c\u0259yini s\u00f6yl\u0259m\u0259k m\u00fcmk\u00fcnd\u00fcr.<\/p>\n<p>\u00c7\u00fcnki deputatlar\u0131n ham\u0131s\u0131 d\u0259f\u0259l\u0259rl\u0259 Prezidentin siyas\u0259tini, apard\u0131\u011f\u0131 kadr islahatlar\u0131n\u0131 d\u0259st\u0259kl\u0259dikl\u0259rini bildiribl\u0259r.<\/p>\n","protected":false},"excerpt":{"rendered":"<p>2020-ci ilin noyabr\u0131nda Az\u0259rbaycanda n\u00f6vb\u0259ti \u2013 VI \u00e7a\u011f\u0131r\u0131\u015f Milli M\u0259clis\u0259 se\u00e7kil\u0259r ke\u00e7iril\u0259c\u0259k. N\u00f6vb\u0259ti se\u00e7kil\u0259rd\u0259n sonra parlamentin daha da g\u0259ncl\u0259\u015fm\u0259si g\u00f6zl\u0259nilir. Bunun s\u0259b\u0259bi is\u0259 Prezident \u0130lham \u018fliyevin \u00f6lk\u0259d\u0259 apar\u0131lan islahatlar\u0131n bir hiss\u0259si olaraq, d\u00f6vl\u0259t strukturlar\u0131nda kadrlar\u0131n yenil\u0259nm\u0259sini z\u0259ruri hesab etm\u0259sidir. N\u00f6vb\u0259ti parlament se\u00e7kil\u0259rind\u0259 ya\u015fca daha g\u0259nc olanlar\u0131n deputatl\u0131\u011fa namiz\u0259dlikl\u0259rini ir\u0259li s\u00fcr\u0259c\u0259yini s\u00f6yl\u0259m\u0259k olar. Prezident \u0130lham \u018fliyev Hac\u0131bala Abutal\u0131bov v\u0259 \u018fli H\u0259s\u0259novun Ba\u015f nazirin m\u00fcavini v\u0259zif\u0259sind\u0259n azad edilm\u0259si bar\u0259d\u0259 s\u0259r\u0259ncamlar imzalay\u0131b. \u00d6lk\u0259 ba\u015f\u00e7\u0131s\u0131 daha sonra h\u0259r iki \u015f\u0259xsi v\u0259zif\u0259d\u0259n azad olunmas\u0131 il\u0259 ba\u011fl\u0131 verdiyi \u0259riz\u0259l\u0259rl\u0259 \u0259laq\u0259dar q\u0259bul edib. Prezident g\u00f6r\u00fc\u015fl\u0259rd\u0259\u00a0ya\u015f\u0131 70-i ke\u00e7\u0259n,&hellip;<\/p>\n","protected":false},"author":2,"featured_media":88927,"comment_status":"closed","ping_status":"closed","sticky":false,"template":"","format":"standard","meta":{"om_disable_all_campaigns":false,"_monsterinsights_skip_tracking":false,"_monsterinsights_sitenote_active":false,"_monsterinsights_sitenote_note":"","_monsterinsights_sitenote_category":0},"categories":[4],"tags":[],"aioseo_notices":[],"gutentor_comment":0,"rttpg_featured_image_url":{"full":["https:\/\/arantv.az\/wp-content\/uploads\/2019\/10\/FotoJet__1_-removebg-preview-1-1.jpg",617,405,false],"landscape":["https:\/\/arantv.az\/wp-content\/uploads\/2019\/10\/FotoJet__1_-removebg-preview-1-1.jpg",617,405,false],"portraits":["https:\/\/arantv.az\/wp-content\/uploads\/2019\/10\/FotoJet__1_-removebg-preview-1-1.jpg",617,405,false],"thumbnail":["https:\/\/arantv.az\/wp-content\/uploads\/2019\/10\/FotoJet__1_-removebg-preview-1-1-150x150.jpg",150,150,true],"medium":["https:\/\/arantv.az\/wp-content\/uploads\/2019\/10\/FotoJet__1_-removebg-preview-1-1-300x197.jpg",300,197,true],"large":["https:\/\/arantv.az\/wp-content\/uploads\/2019\/10\/FotoJet__1_-removebg-preview-1-1.jpg",617,405,false],"1536x1536":["https:\/\/arantv.az\/wp-content\/uploads\/2019\/10\/FotoJet__1_-removebg-preview-1-1.jpg",617,405,false],"2048x2048":["https:\/\/arantv.az\/wp-content\/uploads\/2019\/10\/FotoJet__1_-removebg-preview-1-1.jpg",617,405,false],"post-thumbnail":["https:\/\/arantv.az\/wp-content\/uploads\/2019\/10\/FotoJet__1_-removebg-preview-1-1-240x172.jpg",240,172,true],"advps-thumb-one":["https:\/\/arantv.az\/wp-content\/uploads\/2019\/10\/FotoJet__1_-removebg-preview-1-1.jpg",617,405,false]},"rttpg_author":{"display_name":"V\u00fcsal Rafiqo\u011flu","author_link":"https:\/\/arantv.az\/?author=2"},"rttpg_comment":0,"rttpg_category":"<a href=\"https:\/\/arantv.az\/?cat=4\" rel=\"category\">Siyas\u0259t<\/a>","rttpg_excerpt":"2020-ci ilin noyabr\u0131nda Az\u0259rbaycanda n\u00f6vb\u0259ti \u2013 VI \u00e7a\u011f\u0131r\u0131\u015f Milli M\u0259clis\u0259 se\u00e7kil\u0259r ke\u00e7iril\u0259c\u0259k. N\u00f6vb\u0259ti se\u00e7kil\u0259rd\u0259n sonra parlamentin daha da g\u0259ncl\u0259\u015fm\u0259si g\u00f6zl\u0259nilir. Bunun s\u0259b\u0259bi is\u0259 Prezident \u0130lham \u018fliyevin \u00f6lk\u0259d\u0259 apar\u0131lan islahatlar\u0131n bir hiss\u0259si olaraq, d\u00f6vl\u0259t strukturlar\u0131nda kadrlar\u0131n yenil\u0259nm\u0259sini z\u0259ruri hesab etm\u0259sidir. N\u00f6vb\u0259ti parlament se\u00e7kil\u0259rind\u0259 ya\u015fca daha g\u0259nc olanlar\u0131n deputatl\u0131\u011fa namiz\u0259dlikl\u0259rini ir\u0259li s\u00fcr\u0259c\u0259yini s\u00f6yl\u0259m\u0259k olar. Prezident \u0130lham \u018fliyev&hellip;","_links":{"self":[{"href":"https:\/\/arantv.az\/index.php?rest_route=\/wp\/v2\/posts\/88926"}],"collection":[{"href":"https:\/\/arantv.az\/index.php?rest_route=\/wp\/v2\/posts"}],"about":[{"href":"https:\/\/arantv.az\/index.php?rest_route=\/wp\/v2\/types\/post"}],"author":[{"embeddable":true,"href":"https:\/\/arantv.az\/index.php?rest_route=\/wp\/v2\/users\/2"}],"replies":[{"embeddable":true,"href":"https:\/\/arantv.az\/index.php?rest_route=%2Fwp%2Fv2%2Fcomments&post=88926"}],"version-history":[{"count":0,"href":"https:\/\/arantv.az\/index.php?rest_route=\/wp\/v2\/posts\/88926\/revisions"}],"wp:featuredmedia":[{"embeddable":true,"href":"https:\/\/arantv.az\/index.php?rest_route=\/wp\/v2\/media\/88927"}],"wp:attachment":[{"href":"https:\/\/arantv.az\/index.php?rest_route=%2Fwp%2Fv2%2Fmedia&parent=88926"}],"wp:term":[{"taxonomy":"category","embeddable":true,"href":"https:\/\/arantv.az\/index.php?rest_route=%2Fwp%2Fv2%2Fcategories&post=88926"},{"taxonomy":"post_tag","embeddable":true,"href":"https:\/\/arantv.az\/index.php?rest_route=%2Fwp%2Fv2%2Ftags&post=88926"}],"curies":[{"name":"wp","href":"https:\/\/api.w.org\/{rel}","templated":true}]}}