{"id":88930,"date":"2019-10-25T08:36:58","date_gmt":"2019-10-25T05:36:58","guid":{"rendered":"http:\/\/arantv.az\/?p=88930"},"modified":"2019-10-25T08:36:58","modified_gmt":"2019-10-25T05:36:58","slug":"zohrab-mnatsakanyan-londonda-c%c9%99tin-suallar-qarsisinda-aciz-qaldi","status":"publish","type":"post","link":"https:\/\/arantv.az\/?p=88930","title":{"rendered":"Z\u00f6hrab Mnatsakanyan Londonda \u00e7\u0259tin suallar qar\u015f\u0131s\u0131nda aciz qald\u0131"},"content":{"rendered":"<p>21-22 oktyabr 2019-cu il tarixl\u0259rind\u0259 B\u00f6y\u00fck Britaniyada i\u015f\u00e7i s\u0259f\u0259rd\u0259 olan Erm\u0259nistan\u0131n xarici i\u015fl\u0259r naziri Z\u00f6hrab Mnatsakanyan BBC telekanal\u0131n\u0131n \u201cHard Talk\u201d\u00a0verili\u015find\u0259 i\u015ftirak edib. BBC-d\u0259 m\u00fct\u0259madi olaraq yay\u0131mlanan h\u0259min verili\u015fd\u0259 d\u00fcnyan\u0131n m\u00fcxt\u0259lif \u00f6lk\u0259l\u0259rind\u0259n olan siyasi-ictimai xadiml\u0259r i\u015ftirak edir, apar\u0131c\u0131n\u0131n bu v\u0259 ya dig\u0259r m\u00f6vzuda \u00e7\u0259tin v\u0259 ziddiyy\u0259tli suallar\u0131na cavab verm\u0259li olurlar. Z.Mnatsakanyan da bu c\u00fcr suallar qar\u015f\u0131s\u0131nda \u00e7\u0131x\u0131lmaz v\u0259 \u00e7a\u015fq\u0131n v\u0259ziyy\u0259td\u0259 qal\u0131b.<\/p>\n<p><strong>ARANTV.AZ<\/strong>-\u0131n m\u0259lumat\u0131na g\u00f6r\u0259, verili\u015fin apar\u0131c\u0131s\u0131 Stefen Sakur Erm\u0259nistan\u0131 \u201cstrateji \u0259h\u0259miyy\u0259tli ki\u00e7ik d\u00f6vl\u0259t\u201d\u00a0adland\u0131r\u0131b v\u0259 verili\u015fin \u0259sas m\u00f6vzusunu \u201csiyasi m\u0259nada Erm\u0259nistan Q\u0259rb, yoxsa \u015e\u0259rq\u0259 bax\u0131r?\u201d\u00a0formas\u0131nda qoyub.<\/p>\n<p>\u0130lk suallar Erm\u0259nistanda \u00f6t\u0259n il ba\u015f ver\u0259n \u201cM\u0259xm\u0259ri inqilab\u201dla \u0259laq\u0259dar olub. Apar\u0131c\u0131 haz\u0131rk\u0131 Erm\u0259nistan h\u00f6kum\u0259tinin tamamil\u0259 yeni Erm\u0259nistan \u00fczr\u0259 \u00e7al\u0131\u015fd\u0131\u011f\u0131n\u0131 iddia etm\u0259sin\u0259 baxmayaraq, skeptikl\u0259rin is\u0259 bunun \u0259ksin\u0259 he\u00e7 bir d\u0259yi\u015fikliyin ba\u015f verm\u0259diyini dem\u0259sin\u0259 istinad ed\u0259r\u0259k bu bar\u0259d\u0259 Z.Mnatsakanyan\u0131n fikirl\u0259rini soru\u015fub.<\/p>\n<div id=\"AdviadNativeVideo0\" class=\"AdviadNativeVideo\"><\/div>\n<p>\u00c7\u0259tin v\u0259ziyy\u0259td\u0259 qalan Erm\u0259nistan xarici i\u015fl\u0259r naziri \u201cd\u0259rid\u0259n- qab\u0131qdan \u00e7\u0131xaraq\u201d\u00a0apar\u0131c\u0131n\u0131 inand\u0131rma\u011fa \u00e7al\u0131\u015f\u0131b ki, guya d\u0259yi\u015fiklikl\u0259r edilm\u0259si v\u0259 \u00f6lk\u0259d\u0259 korrupsiyan\u0131n tamamil\u0259 l\u0259\u011fv edilm\u0259si \u00fczr\u0259 siyasi irad\u0259 m\u00f6vcuddur, lakin institutsional t\u0259cr\u00fcb\u0259nin qurulmas\u0131 vaxt aparan amildir.<\/p>\n<p>Daxili siyas\u0259t m\u0259s\u0259l\u0259l\u0259rind\u0259 g\u00f6zl\u0259nil\u0259n d\u0259yi\u015fikliyin ba\u015f verm\u0259m\u0259si il\u0259 ba\u011fl\u0131 suallardan sonra S.Sakur Erm\u0259nistan xarici i\u015fl\u0259r nazirin\u0259 Da\u011fl\u0131q Qaraba\u011f m\u0259s\u0259l\u0259sind\u0259 d\u0259 d\u0259yi\u015fiklikl\u0259rin g\u00f6zl\u0259nil\u0259n oldu\u011funu, lakin Erm\u0259nistan h\u00f6kum\u0259tinin m\u00fcnaqi\u015f\u0259y\u0259 m\u00fcnasib\u0259td\u0259 yeni t\u0259s\u0259vv\u00fcr ortaya qoymad\u0131\u011f\u0131n\u0131 deyib.<\/p>\n<p>Z.Mnatsakanyan \u00e7a\u015fq\u0131nl\u0131\u011f\u0131n\u0131 gizl\u0259tm\u0259y\u0259 \u00e7al\u0131\u015faraq v\u0259 tosta b\u0259nz\u0259r \u00e7\u0131x\u0131\u015f ed\u0259r\u0259k s\u00fclh, s\u00fclh\u00fcn faydalar\u0131 bar\u0259d\u0259 dan\u0131\u015fma\u011fa ba\u015flay\u0131b.<\/p>\n<p>\u200bVerili\u015fin apar\u0131c\u0131s\u0131 m\u00f6vzunu davam etdir\u0259r\u0259k Pa\u015finyan\u0131n dedikl\u0259rinin beyn\u0259lxalq h\u00fcquq, BMT v\u0259 dig\u0259r m\u00fcst\u0259qil beyn\u0259lxalq t\u0259\u015fkilatlar\u0131n m\u00f6vqeyin\u0259 zidd oldu\u011funu \u0259lav\u0259 edib, x\u00fcsus\u0259n d\u0259 h\u0259min g\u00fcn Ba\u015f nazirin 80-90-c\u0131 ill\u0259r m\u00fcharib\u0259si vaxt\u0131 s\u0259sl\u0259n\u0259n sloqanlarla m\u00fc\u015fayi\u0259t olunan unifikasiya (Qaraba\u011f\u0131n Erm\u0259nistanla birl\u0259\u015fdirilm\u0259si) \u00e7a\u011f\u0131r\u0131\u015flar\u0131 fonunda bunu s\u00fclh jesti kimi q\u0259bul etm\u0259yin \u00e7\u0259tin oldu\u011funu bildirib.<\/p>\n<p>Z\u00f6hrab Mnatsakanyan d\u0259rin nokauta d\u00fc\u015fd\u00fc. Maraql\u0131d\u0131r, o, h\u0259min an al\u00e7ald\u0131\u011f\u0131n\u0131 anlay\u0131rd\u0131m\u0131: d\u00fcnyan\u0131n \u0259n tan\u0131nm\u0131\u015f telekanallar\u0131ndan biri, \u00e7oxmilyonlu auditoriya v\u0259 bel\u0259 bir biab\u0131r\u00e7\u0131l\u0131q. \u018fs\u0259bi t\u0259b\u0259ss\u00fcm, s\u00f6zl\u0259rd\u0259 daimi b\u00fcdr\u0259m\u0259, a\u00e7\u0131q-ayd\u0131n diskomfort v\u0259 m\u0259ntiqsiz fikirl\u0259r \u2013 bunlar bu g\u00fcn Mnatsakanyan\u0131n \u201cd\u0259rs\u0259\u201d\u00a0haz\u0131r olmad\u0131\u011f\u0131n\u0131n ayd\u0131n g\u00f6st\u0259ricil\u0259ri idi. Nec\u0259 dey\u0259rl\u0259r, \u201cg\u00fcnd\u0259liy\u0259 iki, valideynl\u0259r is\u0259 m\u0259kt\u0259b\u0259\u201d.<\/p>\n<p>Bu proqramda Erm\u0259nistan Xarici \u0130\u015fl\u0259r naziri b\u00fct\u00fcn m\u00fcasir Erm\u0259nistan\u0131n kollektiv simas\u0131n\u0131n g\u00f6st\u0259ricisi idi: s\u0259rs\u0259m v\u0259 absurd, ilk t\u0259\u0259ss\u00fcratda &#8211; \u00e7ox s\u0259liq\u0259li v\u0259 adekvat, amma \u0259slind\u0259 &#8211; dayaz d\u00fc\u015f\u00fcnc\u0259li, s\u0259rs\u0259m v\u0259 aqressiv.<\/p>\n<p>Erm\u0259nistan eyn\u0259n \u00f6z xarici i\u015fl\u0259r naziri kimi, Qaraba\u011f\u0131n i\u015f\u011fal\u0131 il\u0259 ba\u011fl\u0131 d\u00fczg\u00fcn arqumentl\u0259rl\u0259 qar\u015f\u0131la\u015fd\u0131qda sars\u0131n\u0131r, k\u00fcnc\u0259 s\u0131x\u0131l\u0131r v\u0259 absurd bir \u015feyl\u0259r s\u00f6yl\u0259yir. Buna g\u00f6r\u0259 d\u0259 t\u0259\u0259cc\u00fcbl\u00fc deyil ki, nec\u0259 ki Erm\u0259nistan beyn\u0259lxalq m\u00fcnasib\u0259tl\u0259rd\u0259 al\u00e7alm\u0131\u015f bir d\u00f6vl\u0259tdir, naziri d\u0259 BBC-d\u0259ki tok-\u015fouda al\u00e7ald\u0131.<\/p>\n<p>Erm\u0259nistan X\u0130N r\u0259hb\u0259rinin uy\u011funsuz b\u0259yanatlar\u0131ndan g\u00f6r\u00fcnd\u00fcy\u00fc kimi, Yerevan dan\u0131\u015f\u0131qlardan yay\u0131nmaq \u00fc\u00e7\u00fcn h\u0259l\u0259 d\u0259 b\u0259han\u0259l\u0259r axtar\u0131r. H\u0259qiq\u0259t\u0259n m\u00fcnaqi\u015f\u0259nin s\u00fclh yolu il\u0259 h\u0259llind\u0259 maraql\u0131 olan t\u0259r\u0259f Erm\u0259nistan\u0131n etdiyi kimi dan\u0131\u015f\u0131qlar prosesin\u0259 mane olmaq \u00fc\u00e7\u00fcn b\u0259han\u0259 v\u0259 s\u0259b\u0259b axtarmamal\u0131d\u0131r. \u018fvv\u0259lc\u0259, bu, Qaraba\u011f separat\u00e7\u0131lar\u0131n\u0131n dan\u0131\u015f\u0131qlarda i\u015ftirak etm\u0259si idi. T\u0259\u015f\u0259bb\u00fcs d\u0259st\u0259kl\u0259nm\u0259y\u0259nd\u0259n sonra, proses\u0259 \u0259ng\u0259l olmaq \u00fc\u00e7\u00fcn yeni ideyalar ortaya \u00e7\u0131xd\u0131.<\/p>\n<p>S\u00fclh dan\u0131\u015f\u0131qlar\u0131n\u0131n sabotaj edilm\u0259si \u00fc\u00e7\u00fcn Erm\u0259nistan r\u0259hb\u0259rliyinin arsenal\u0131nda g\u00f6r\u0259s\u0259n daha n\u0259 ideyalar var?Trend<\/p>\n","protected":false},"excerpt":{"rendered":"<p>21-22 oktyabr 2019-cu il tarixl\u0259rind\u0259 B\u00f6y\u00fck Britaniyada i\u015f\u00e7i s\u0259f\u0259rd\u0259 olan Erm\u0259nistan\u0131n xarici i\u015fl\u0259r naziri Z\u00f6hrab Mnatsakanyan BBC telekanal\u0131n\u0131n \u201cHard Talk\u201d\u00a0verili\u015find\u0259 i\u015ftirak edib. BBC-d\u0259 m\u00fct\u0259madi olaraq yay\u0131mlanan h\u0259min verili\u015fd\u0259 d\u00fcnyan\u0131n m\u00fcxt\u0259lif \u00f6lk\u0259l\u0259rind\u0259n olan siyasi-ictimai xadiml\u0259r i\u015ftirak edir, apar\u0131c\u0131n\u0131n bu v\u0259 ya dig\u0259r m\u00f6vzuda \u00e7\u0259tin v\u0259 ziddiyy\u0259tli suallar\u0131na cavab verm\u0259li olurlar. Z.Mnatsakanyan da bu c\u00fcr suallar qar\u015f\u0131s\u0131nda \u00e7\u0131x\u0131lmaz v\u0259 \u00e7a\u015fq\u0131n v\u0259ziyy\u0259td\u0259 qal\u0131b. ARANTV.AZ-\u0131n m\u0259lumat\u0131na g\u00f6r\u0259, verili\u015fin apar\u0131c\u0131s\u0131 Stefen Sakur Erm\u0259nistan\u0131 \u201cstrateji \u0259h\u0259miyy\u0259tli ki\u00e7ik d\u00f6vl\u0259t\u201d\u00a0adland\u0131r\u0131b v\u0259 verili\u015fin \u0259sas m\u00f6vzusunu \u201csiyasi m\u0259nada Erm\u0259nistan Q\u0259rb, yoxsa \u015e\u0259rq\u0259 bax\u0131r?\u201d\u00a0formas\u0131nda qoyub. \u0130lk suallar Erm\u0259nistanda \u00f6t\u0259n il ba\u015f&hellip;<\/p>\n","protected":false},"author":2,"featured_media":88931,"comment_status":"closed","ping_status":"closed","sticky":false,"template":"","format":"standard","meta":{"om_disable_all_campaigns":false,"_monsterinsights_skip_tracking":false,"_monsterinsights_sitenote_active":false,"_monsterinsights_sitenote_note":"","_monsterinsights_sitenote_category":0},"categories":[4],"tags":[],"aioseo_notices":[],"gutentor_comment":0,"rttpg_featured_image_url":{"full":["https:\/\/arantv.az\/wp-content\/uploads\/2019\/10\/f5c04d42332c9e_5c04d42332ce1-770x510.jpg",620,411,false],"landscape":["https:\/\/arantv.az\/wp-content\/uploads\/2019\/10\/f5c04d42332c9e_5c04d42332ce1-770x510.jpg",620,411,false],"portraits":["https:\/\/arantv.az\/wp-content\/uploads\/2019\/10\/f5c04d42332c9e_5c04d42332ce1-770x510.jpg",620,411,false],"thumbnail":["https:\/\/arantv.az\/wp-content\/uploads\/2019\/10\/f5c04d42332c9e_5c04d42332ce1-770x510-150x150.jpg",150,150,true],"medium":["https:\/\/arantv.az\/wp-content\/uploads\/2019\/10\/f5c04d42332c9e_5c04d42332ce1-770x510-300x199.jpg",300,199,true],"large":["https:\/\/arantv.az\/wp-content\/uploads\/2019\/10\/f5c04d42332c9e_5c04d42332ce1-770x510.jpg",620,411,false],"1536x1536":["https:\/\/arantv.az\/wp-content\/uploads\/2019\/10\/f5c04d42332c9e_5c04d42332ce1-770x510.jpg",620,411,false],"2048x2048":["https:\/\/arantv.az\/wp-content\/uploads\/2019\/10\/f5c04d42332c9e_5c04d42332ce1-770x510.jpg",620,411,false],"post-thumbnail":["https:\/\/arantv.az\/wp-content\/uploads\/2019\/10\/f5c04d42332c9e_5c04d42332ce1-770x510-240x172.jpg",240,172,true],"advps-thumb-one":["https:\/\/arantv.az\/wp-content\/uploads\/2019\/10\/f5c04d42332c9e_5c04d42332ce1-770x510.jpg",620,411,false]},"rttpg_author":{"display_name":"V\u00fcsal Rafiqo\u011flu","author_link":"https:\/\/arantv.az\/?author=2"},"rttpg_comment":0,"rttpg_category":"<a href=\"https:\/\/arantv.az\/?cat=4\" rel=\"category\">Siyas\u0259t<\/a>","rttpg_excerpt":"21-22 oktyabr 2019-cu il tarixl\u0259rind\u0259 B\u00f6y\u00fck Britaniyada i\u015f\u00e7i s\u0259f\u0259rd\u0259 olan Erm\u0259nistan\u0131n xarici i\u015fl\u0259r naziri Z\u00f6hrab Mnatsakanyan BBC telekanal\u0131n\u0131n \u201cHard Talk\u201d\u00a0verili\u015find\u0259 i\u015ftirak edib. BBC-d\u0259 m\u00fct\u0259madi olaraq yay\u0131mlanan h\u0259min verili\u015fd\u0259 d\u00fcnyan\u0131n m\u00fcxt\u0259lif \u00f6lk\u0259l\u0259rind\u0259n olan siyasi-ictimai xadiml\u0259r i\u015ftirak edir, apar\u0131c\u0131n\u0131n bu v\u0259 ya dig\u0259r m\u00f6vzuda \u00e7\u0259tin v\u0259 ziddiyy\u0259tli suallar\u0131na cavab verm\u0259li olurlar. Z.Mnatsakanyan da bu c\u00fcr suallar qar\u015f\u0131s\u0131nda&hellip;","_links":{"self":[{"href":"https:\/\/arantv.az\/index.php?rest_route=\/wp\/v2\/posts\/88930"}],"collection":[{"href":"https:\/\/arantv.az\/index.php?rest_route=\/wp\/v2\/posts"}],"about":[{"href":"https:\/\/arantv.az\/index.php?rest_route=\/wp\/v2\/types\/post"}],"author":[{"embeddable":true,"href":"https:\/\/arantv.az\/index.php?rest_route=\/wp\/v2\/users\/2"}],"replies":[{"embeddable":true,"href":"https:\/\/arantv.az\/index.php?rest_route=%2Fwp%2Fv2%2Fcomments&post=88930"}],"version-history":[{"count":0,"href":"https:\/\/arantv.az\/index.php?rest_route=\/wp\/v2\/posts\/88930\/revisions"}],"wp:featuredmedia":[{"embeddable":true,"href":"https:\/\/arantv.az\/index.php?rest_route=\/wp\/v2\/media\/88931"}],"wp:attachment":[{"href":"https:\/\/arantv.az\/index.php?rest_route=%2Fwp%2Fv2%2Fmedia&parent=88930"}],"wp:term":[{"taxonomy":"category","embeddable":true,"href":"https:\/\/arantv.az\/index.php?rest_route=%2Fwp%2Fv2%2Fcategories&post=88930"},{"taxonomy":"post_tag","embeddable":true,"href":"https:\/\/arantv.az\/index.php?rest_route=%2Fwp%2Fv2%2Ftags&post=88930"}],"curies":[{"name":"wp","href":"https:\/\/api.w.org\/{rel}","templated":true}]}}