{"id":88938,"date":"2019-10-25T08:47:28","date_gmt":"2019-10-25T05:47:28","guid":{"rendered":"http:\/\/arantv.az\/?p=88938"},"modified":"2019-10-25T08:47:28","modified_gmt":"2019-10-25T05:47:28","slug":"g%c9%99nc-oglani-xilas-edib-ozu-qatarin-altinda-qaldi-b%c9%99rd%c9%99d%c9%99-b%c9%99db%c9%99xt-hadis%c9%99","status":"publish","type":"post","link":"https:\/\/arantv.az\/?p=88938","title":{"rendered":"G\u0259nc o\u011flan\u0131 xilas edib \u00f6z\u00fc qatar\u0131n alt\u0131nda qald\u0131 &#8211; B\u0259rd\u0259d\u0259 b\u0259db\u0259xt hadis\u0259"},"content":{"rendered":"<p><strong>B\u0259rd\u0259d\u0259 b\u0259db\u0259xt hadis\u0259 ba\u015f verib.<\/strong><\/p>\n<p><strong>ARANTV.AZ\u00a0<\/strong> x\u0259b\u0259r verir ki, &#8220;K\u00f6hn\u0259 bazar&#8221; adlanan \u0259razid\u0259n ke\u00e7\u0259n qatar rayonun Ala\u00e7ad\u0131rl\u0131 q\u0259s\u0259b\u0259sind\u0259 ya\u015fayan Quliyeva M\u0259nsur\u0259ni vurub.<\/p>\n<p>Hadis\u0259 qad\u0131n\u0131n i\u015fd\u0259n \u00e7\u0131xd\u0131\u011f\u0131 vaxt ba\u015f verib. Bel\u0259 ki, 1988-ci il t\u0259v\u0259ll\u00fcdl\u00fc M\u0259mm\u0259dov K\u0259nan Elbrus o\u011flu i\u015fd\u0259n \u00e7\u0131xan qad\u0131n qatar\u0131n yax\u0131nla\u015fd\u0131\u011f\u0131n\u0131 g\u00f6r\u00fcb. Bu zaman o\u011flan\u0131 it\u0259l\u0259y\u0259r\u0259k relsin \u00fcz\u0259rind\u0259n k\u0259nara atan qad\u0131n\u0131 qatar vurub. A\u011fdam\u0131n M\u0259rzili k\u0259ndind\u0259n olan yaral\u0131 qad\u0131n d\u0259rhal B\u0259rd\u0259 M\u0259rk\u0259zi X\u0259st\u0259xanas\u0131na \u00e7atd\u0131r\u0131l\u0131b. Hadis\u0259 zaman\u0131 onun sol qolu qopub.<\/p>\n<p>Faktla ba\u011fl\u0131 ara\u015fd\u0131rma apar\u0131l\u0131r.qafqazinfo<\/p>\n","protected":false},"excerpt":{"rendered":"<p>B\u0259rd\u0259d\u0259 b\u0259db\u0259xt hadis\u0259 ba\u015f verib. ARANTV.AZ\u00a0 x\u0259b\u0259r verir ki, &#8220;K\u00f6hn\u0259 bazar&#8221; adlanan \u0259razid\u0259n ke\u00e7\u0259n qatar rayonun Ala\u00e7ad\u0131rl\u0131 q\u0259s\u0259b\u0259sind\u0259 ya\u015fayan Quliyeva M\u0259nsur\u0259ni vurub. Hadis\u0259 qad\u0131n\u0131n i\u015fd\u0259n \u00e7\u0131xd\u0131\u011f\u0131 vaxt ba\u015f verib. Bel\u0259 ki, 1988-ci il t\u0259v\u0259ll\u00fcdl\u00fc M\u0259mm\u0259dov K\u0259nan Elbrus o\u011flu i\u015fd\u0259n \u00e7\u0131xan qad\u0131n qatar\u0131n yax\u0131nla\u015fd\u0131\u011f\u0131n\u0131 g\u00f6r\u00fcb. Bu zaman o\u011flan\u0131 it\u0259l\u0259y\u0259r\u0259k relsin \u00fcz\u0259rind\u0259n k\u0259nara atan qad\u0131n\u0131 qatar vurub. A\u011fdam\u0131n M\u0259rzili k\u0259ndind\u0259n olan yaral\u0131 qad\u0131n d\u0259rhal B\u0259rd\u0259 M\u0259rk\u0259zi X\u0259st\u0259xanas\u0131na \u00e7atd\u0131r\u0131l\u0131b. Hadis\u0259 zaman\u0131 onun sol qolu qopub. Faktla ba\u011fl\u0131 ara\u015fd\u0131rma apar\u0131l\u0131r.qafqazinfo<\/p>\n","protected":false},"author":2,"featured_media":88939,"comment_status":"closed","ping_status":"closed","sticky":false,"template":"","format":"standard","meta":{"om_disable_all_campaigns":false,"_monsterinsights_skip_tracking":false,"_monsterinsights_sitenote_active":false,"_monsterinsights_sitenote_note":"","_monsterinsights_sitenote_category":0},"categories":[5],"tags":[],"aioseo_notices":[],"gutentor_comment":0,"rttpg_featured_image_url":{"full":["https:\/\/arantv.az\/wp-content\/uploads\/2019\/10\/xestexana_0016666-7.jpg",482,361,false],"landscape":["https:\/\/arantv.az\/wp-content\/uploads\/2019\/10\/xestexana_0016666-7.jpg",482,361,false],"portraits":["https:\/\/arantv.az\/wp-content\/uploads\/2019\/10\/xestexana_0016666-7.jpg",482,361,false],"thumbnail":["https:\/\/arantv.az\/wp-content\/uploads\/2019\/10\/xestexana_0016666-7-150x150.jpg",150,150,true],"medium":["https:\/\/arantv.az\/wp-content\/uploads\/2019\/10\/xestexana_0016666-7-300x225.jpg",300,225,true],"large":["https:\/\/arantv.az\/wp-content\/uploads\/2019\/10\/xestexana_0016666-7.jpg",482,361,false],"1536x1536":["https:\/\/arantv.az\/wp-content\/uploads\/2019\/10\/xestexana_0016666-7.jpg",482,361,false],"2048x2048":["https:\/\/arantv.az\/wp-content\/uploads\/2019\/10\/xestexana_0016666-7.jpg",482,361,false],"post-thumbnail":["https:\/\/arantv.az\/wp-content\/uploads\/2019\/10\/xestexana_0016666-7-240x172.jpg",240,172,true],"advps-thumb-one":["https:\/\/arantv.az\/wp-content\/uploads\/2019\/10\/xestexana_0016666-7.jpg",482,361,false]},"rttpg_author":{"display_name":"V\u00fcsal Rafiqo\u011flu","author_link":"https:\/\/arantv.az\/?author=2"},"rttpg_comment":0,"rttpg_category":"<a href=\"https:\/\/arantv.az\/?cat=5\" rel=\"category\">Hadis\u0259<\/a>","rttpg_excerpt":"B\u0259rd\u0259d\u0259 b\u0259db\u0259xt hadis\u0259 ba\u015f verib. ARANTV.AZ\u00a0 x\u0259b\u0259r verir ki, &#8220;K\u00f6hn\u0259 bazar&#8221; adlanan \u0259razid\u0259n ke\u00e7\u0259n qatar rayonun Ala\u00e7ad\u0131rl\u0131 q\u0259s\u0259b\u0259sind\u0259 ya\u015fayan Quliyeva M\u0259nsur\u0259ni vurub. Hadis\u0259 qad\u0131n\u0131n i\u015fd\u0259n \u00e7\u0131xd\u0131\u011f\u0131 vaxt ba\u015f verib. Bel\u0259 ki, 1988-ci il t\u0259v\u0259ll\u00fcdl\u00fc M\u0259mm\u0259dov K\u0259nan Elbrus o\u011flu i\u015fd\u0259n \u00e7\u0131xan qad\u0131n qatar\u0131n yax\u0131nla\u015fd\u0131\u011f\u0131n\u0131 g\u00f6r\u00fcb. Bu zaman o\u011flan\u0131 it\u0259l\u0259y\u0259r\u0259k relsin \u00fcz\u0259rind\u0259n k\u0259nara atan qad\u0131n\u0131 qatar vurub.&hellip;","_links":{"self":[{"href":"https:\/\/arantv.az\/index.php?rest_route=\/wp\/v2\/posts\/88938"}],"collection":[{"href":"https:\/\/arantv.az\/index.php?rest_route=\/wp\/v2\/posts"}],"about":[{"href":"https:\/\/arantv.az\/index.php?rest_route=\/wp\/v2\/types\/post"}],"author":[{"embeddable":true,"href":"https:\/\/arantv.az\/index.php?rest_route=\/wp\/v2\/users\/2"}],"replies":[{"embeddable":true,"href":"https:\/\/arantv.az\/index.php?rest_route=%2Fwp%2Fv2%2Fcomments&post=88938"}],"version-history":[{"count":0,"href":"https:\/\/arantv.az\/index.php?rest_route=\/wp\/v2\/posts\/88938\/revisions"}],"wp:featuredmedia":[{"embeddable":true,"href":"https:\/\/arantv.az\/index.php?rest_route=\/wp\/v2\/media\/88939"}],"wp:attachment":[{"href":"https:\/\/arantv.az\/index.php?rest_route=%2Fwp%2Fv2%2Fmedia&parent=88938"}],"wp:term":[{"taxonomy":"category","embeddable":true,"href":"https:\/\/arantv.az\/index.php?rest_route=%2Fwp%2Fv2%2Fcategories&post=88938"},{"taxonomy":"post_tag","embeddable":true,"href":"https:\/\/arantv.az\/index.php?rest_route=%2Fwp%2Fv2%2Ftags&post=88938"}],"curies":[{"name":"wp","href":"https:\/\/api.w.org\/{rel}","templated":true}]}}