{"id":88942,"date":"2019-10-25T08:48:29","date_gmt":"2019-10-25T05:48:29","guid":{"rendered":"http:\/\/arantv.az\/?p=88942"},"modified":"2019-10-25T08:48:29","modified_gmt":"2019-10-25T05:48:29","slug":"qonsusu-il%c9%99-savasan-qadin-intihara-c%c9%99hd-etdi","status":"publish","type":"post","link":"https:\/\/arantv.az\/?p=88942","title":{"rendered":"Qon\u015fusu il\u0259 sava\u015fan qad\u0131n intihara c\u0259hd etdi"},"content":{"rendered":"<p>G\u0259nc\u0259d\u0259 qad\u0131n \u00f6z\u00fcn\u00fc \u00f6ld\u00fcrm\u0259k ist\u0259yib.<\/p>\n<p><strong>ARANTV.AZ<\/strong>-\u0131n x\u0259b\u0259rin\u0259 g\u00f6r\u0259, \u015f\u0259h\u0259r sakini 1980-ci il t\u0259v\u0259ll\u00fcdl\u00fc M.Q \u00e7oxlu d\u0259rman h\u0259bl\u0259ri q\u0259bul ed\u0259r\u0259k \u00f6z\u00fcn\u00fc z\u0259h\u0259rl\u0259yib.<\/p>\n<div id=\"AdviadNativeVideo0\" class=\"AdviadNativeVideo\"><\/div>\n<p>X\u0259st\u0259xanaya yerl\u0259\u015fdiril\u0259n qad\u0131na tibbi yard\u0131m g\u00f6st\u0259rilib v\u0259 h\u0259yat\u0131n\u0131 xilas etm\u0259k m\u00fcmk\u00fcn olub. M.Q-n\u0131n hans\u0131 s\u0259b\u0259bd\u0259n intihara c\u0259hd etdiyi h\u0259l\u0259 ki, m\u0259lum deyil.<\/p>\n<p>\u0130lkin dindirm\u0259 zaman\u0131 o, qon\u015fusu il\u0259 m\u00fcnaqi\u015f\u0259y\u0259 g\u00f6r\u0259 \u00f6z\u00fcn\u00fc \u00f6ld\u00fcrm\u0259k ist\u0259diyini deyib<\/p>\n<p>Faktla ba\u011fl\u0131 ara\u015fd\u0131rma apar\u0131l\u0131r.\u201cQafqazinfo<\/p>\n","protected":false},"excerpt":{"rendered":"<p>G\u0259nc\u0259d\u0259 qad\u0131n \u00f6z\u00fcn\u00fc \u00f6ld\u00fcrm\u0259k ist\u0259yib. ARANTV.AZ-\u0131n x\u0259b\u0259rin\u0259 g\u00f6r\u0259, \u015f\u0259h\u0259r sakini 1980-ci il t\u0259v\u0259ll\u00fcdl\u00fc M.Q \u00e7oxlu d\u0259rman h\u0259bl\u0259ri q\u0259bul ed\u0259r\u0259k \u00f6z\u00fcn\u00fc z\u0259h\u0259rl\u0259yib. X\u0259st\u0259xanaya yerl\u0259\u015fdiril\u0259n qad\u0131na tibbi yard\u0131m g\u00f6st\u0259rilib v\u0259 h\u0259yat\u0131n\u0131 xilas etm\u0259k m\u00fcmk\u00fcn olub. M.Q-n\u0131n hans\u0131 s\u0259b\u0259bd\u0259n intihara c\u0259hd etdiyi h\u0259l\u0259 ki, m\u0259lum deyil. \u0130lkin dindirm\u0259 zaman\u0131 o, qon\u015fusu il\u0259 m\u00fcnaqi\u015f\u0259y\u0259 g\u00f6r\u0259 \u00f6z\u00fcn\u00fc \u00f6ld\u00fcrm\u0259k ist\u0259diyini deyib Faktla ba\u011fl\u0131 ara\u015fd\u0131rma apar\u0131l\u0131r.\u201cQafqazinfo<\/p>\n","protected":false},"author":2,"featured_media":88943,"comment_status":"closed","ping_status":"closed","sticky":false,"template":"","format":"standard","meta":{"om_disable_all_campaigns":false,"_monsterinsights_skip_tracking":false,"_monsterinsights_sitenote_active":false,"_monsterinsights_sitenote_note":"","_monsterinsights_sitenote_category":0},"categories":[5],"tags":[],"aioseo_notices":[],"gutentor_comment":0,"rttpg_featured_image_url":{"full":["https:\/\/arantv.az\/wp-content\/uploads\/2019\/10\/derman_11571982350.jpg",640,400,false],"landscape":["https:\/\/arantv.az\/wp-content\/uploads\/2019\/10\/derman_11571982350.jpg",640,400,false],"portraits":["https:\/\/arantv.az\/wp-content\/uploads\/2019\/10\/derman_11571982350.jpg",640,400,false],"thumbnail":["https:\/\/arantv.az\/wp-content\/uploads\/2019\/10\/derman_11571982350-150x150.jpg",150,150,true],"medium":["https:\/\/arantv.az\/wp-content\/uploads\/2019\/10\/derman_11571982350-300x188.jpg",300,188,true],"large":["https:\/\/arantv.az\/wp-content\/uploads\/2019\/10\/derman_11571982350.jpg",640,400,false],"1536x1536":["https:\/\/arantv.az\/wp-content\/uploads\/2019\/10\/derman_11571982350.jpg",640,400,false],"2048x2048":["https:\/\/arantv.az\/wp-content\/uploads\/2019\/10\/derman_11571982350.jpg",640,400,false],"post-thumbnail":["https:\/\/arantv.az\/wp-content\/uploads\/2019\/10\/derman_11571982350-240x172.jpg",240,172,true],"advps-thumb-one":["https:\/\/arantv.az\/wp-content\/uploads\/2019\/10\/derman_11571982350.jpg",640,400,false]},"rttpg_author":{"display_name":"V\u00fcsal Rafiqo\u011flu","author_link":"https:\/\/arantv.az\/?author=2"},"rttpg_comment":0,"rttpg_category":"<a href=\"https:\/\/arantv.az\/?cat=5\" rel=\"category\">Hadis\u0259<\/a>","rttpg_excerpt":"G\u0259nc\u0259d\u0259 qad\u0131n \u00f6z\u00fcn\u00fc \u00f6ld\u00fcrm\u0259k ist\u0259yib. ARANTV.AZ-\u0131n x\u0259b\u0259rin\u0259 g\u00f6r\u0259, \u015f\u0259h\u0259r sakini 1980-ci il t\u0259v\u0259ll\u00fcdl\u00fc M.Q \u00e7oxlu d\u0259rman h\u0259bl\u0259ri q\u0259bul ed\u0259r\u0259k \u00f6z\u00fcn\u00fc z\u0259h\u0259rl\u0259yib. X\u0259st\u0259xanaya yerl\u0259\u015fdiril\u0259n qad\u0131na tibbi yard\u0131m g\u00f6st\u0259rilib v\u0259 h\u0259yat\u0131n\u0131 xilas etm\u0259k m\u00fcmk\u00fcn olub. M.Q-n\u0131n hans\u0131 s\u0259b\u0259bd\u0259n intihara c\u0259hd etdiyi h\u0259l\u0259 ki, m\u0259lum deyil. \u0130lkin dindirm\u0259 zaman\u0131 o, qon\u015fusu il\u0259 m\u00fcnaqi\u015f\u0259y\u0259 g\u00f6r\u0259 \u00f6z\u00fcn\u00fc \u00f6ld\u00fcrm\u0259k ist\u0259diyini deyib&hellip;","_links":{"self":[{"href":"https:\/\/arantv.az\/index.php?rest_route=\/wp\/v2\/posts\/88942"}],"collection":[{"href":"https:\/\/arantv.az\/index.php?rest_route=\/wp\/v2\/posts"}],"about":[{"href":"https:\/\/arantv.az\/index.php?rest_route=\/wp\/v2\/types\/post"}],"author":[{"embeddable":true,"href":"https:\/\/arantv.az\/index.php?rest_route=\/wp\/v2\/users\/2"}],"replies":[{"embeddable":true,"href":"https:\/\/arantv.az\/index.php?rest_route=%2Fwp%2Fv2%2Fcomments&post=88942"}],"version-history":[{"count":0,"href":"https:\/\/arantv.az\/index.php?rest_route=\/wp\/v2\/posts\/88942\/revisions"}],"wp:featuredmedia":[{"embeddable":true,"href":"https:\/\/arantv.az\/index.php?rest_route=\/wp\/v2\/media\/88943"}],"wp:attachment":[{"href":"https:\/\/arantv.az\/index.php?rest_route=%2Fwp%2Fv2%2Fmedia&parent=88942"}],"wp:term":[{"taxonomy":"category","embeddable":true,"href":"https:\/\/arantv.az\/index.php?rest_route=%2Fwp%2Fv2%2Fcategories&post=88942"},{"taxonomy":"post_tag","embeddable":true,"href":"https:\/\/arantv.az\/index.php?rest_route=%2Fwp%2Fv2%2Ftags&post=88942"}],"curies":[{"name":"wp","href":"https:\/\/api.w.org\/{rel}","templated":true}]}}