{"id":88954,"date":"2019-10-25T09:19:20","date_gmt":"2019-10-25T06:19:20","guid":{"rendered":"http:\/\/arantv.az\/?p=88954"},"modified":"2019-10-25T09:19:20","modified_gmt":"2019-10-25T06:19:20","slug":"az%c9%99rbaycan-fransa-gorusund%c9%99-prinsipial-m%c9%99qam-q%c9%99dir-huseynov-erm%c9%99niy%c9%99-qarsi","status":"publish","type":"post","link":"https:\/\/arantv.az\/?p=88954","title":{"rendered":"Az\u0259rbaycan \u2013 Fransa g\u00f6r\u00fc\u015f\u00fcnd\u0259 prinsipial m\u0259qam: Q\u0259dir H\u00fcseynov erm\u0259niy\u0259 qar\u015f\u0131"},"content":{"rendered":"<p>G\u00fcrc\u00fcstan\u0131n Batumi \u015f\u0259h\u0259rind\u0259 ke\u00e7iril\u0259n \u015fahmat \u00fczr\u0259 milli komandalararas\u0131 Avropa \u00e7empionat\u0131nda bu g\u00fcn II turun g\u00f6r\u00fc\u015fl\u0259ri ke\u00e7iril\u0259c\u0259k.<\/p>\n<p><b>ARANTV.AZ\u00a0<\/b>x\u0259b\u0259r verir ki, ilk turda Serbiya millisini m\u0259\u011flub etmi\u015f ki\u015fi y\u0131\u011fmam\u0131z bu d\u0259f\u0259 Avropa reytinqind\u0259 XIII s\u0131rada olan Fransa il\u0259 qar\u015f\u0131la\u015facaq.<\/p>\n<p>Bu g\u00f6r\u00fc\u015fd\u0259 prinsipial m\u0259qam da olacaq. Bel\u0259 ki, d\u00f6rd\u00fcnc\u00fc l\u00f6vh\u0259d\u0259 Q\u0259dir H\u00fcseynov qara fiqurlarla Fransa millisinin erm\u0259ni \u0259silli \u015fahmat\u00e7\u0131s\u0131 Tiqran Qaramyanla oynayacaq.<\/p>\n<div id=\"AdviadNativeVideo0\" class=\"AdviadNativeVideo\"><\/div>\n<p>\u00d6t\u0259n tur Latviyan\u0131 darmada\u011f\u0131n etmi\u015f qad\u0131n millimiz is\u0259 reytinqd\u0259 XII olan \u0130spaniya il\u0259 g\u00f6r\u00fc\u015f\u0259c\u0259k. H\u0259r iki g\u00f6r\u00fc\u015f saat 15:00-da ba\u015flayacaq.<\/p>\n<p>Qeyd ed\u0259k ki, ki\u015fi millimiz ilk turdan sonra turnir c\u0259dv\u0259lind\u0259 \u0130spaniya v\u0259 Sloveniyan\u0131n ard\u0131ndan III s\u0131rada q\u0259rarla\u015f\u0131b. Qad\u0131n y\u0131\u011fmam\u0131z is\u0259 Rum\u0131niya v\u0259 T\u00fcrkiy\u0259 il\u0259 b\u0259rab\u0259r turnir c\u0259dv\u0259lin\u0259 ba\u015f\u00e7\u0131l\u0131q edir.oxu.az<\/p>\n","protected":false},"excerpt":{"rendered":"<p>G\u00fcrc\u00fcstan\u0131n Batumi \u015f\u0259h\u0259rind\u0259 ke\u00e7iril\u0259n \u015fahmat \u00fczr\u0259 milli komandalararas\u0131 Avropa \u00e7empionat\u0131nda bu g\u00fcn II turun g\u00f6r\u00fc\u015fl\u0259ri ke\u00e7iril\u0259c\u0259k. ARANTV.AZ\u00a0x\u0259b\u0259r verir ki, ilk turda Serbiya millisini m\u0259\u011flub etmi\u015f ki\u015fi y\u0131\u011fmam\u0131z bu d\u0259f\u0259 Avropa reytinqind\u0259 XIII s\u0131rada olan Fransa il\u0259 qar\u015f\u0131la\u015facaq. Bu g\u00f6r\u00fc\u015fd\u0259 prinsipial m\u0259qam da olacaq. Bel\u0259 ki, d\u00f6rd\u00fcnc\u00fc l\u00f6vh\u0259d\u0259 Q\u0259dir H\u00fcseynov qara fiqurlarla Fransa millisinin erm\u0259ni \u0259silli \u015fahmat\u00e7\u0131s\u0131 Tiqran Qaramyanla oynayacaq. \u00d6t\u0259n tur Latviyan\u0131 darmada\u011f\u0131n etmi\u015f qad\u0131n millimiz is\u0259 reytinqd\u0259 XII olan \u0130spaniya il\u0259 g\u00f6r\u00fc\u015f\u0259c\u0259k. H\u0259r iki g\u00f6r\u00fc\u015f saat 15:00-da ba\u015flayacaq. Qeyd ed\u0259k ki, ki\u015fi millimiz ilk turdan sonra turnir c\u0259dv\u0259lind\u0259 \u0130spaniya&hellip;<\/p>\n","protected":false},"author":2,"featured_media":88955,"comment_status":"closed","ping_status":"closed","sticky":false,"template":"","format":"standard","meta":{"om_disable_all_campaigns":false,"_monsterinsights_skip_tracking":false,"_monsterinsights_sitenote_active":false,"_monsterinsights_sitenote_note":"","_monsterinsights_sitenote_category":0},"categories":[6],"tags":[],"aioseo_notices":[],"gutentor_comment":0,"rttpg_featured_image_url":{"full":["https:\/\/arantv.az\/wp-content\/uploads\/2019\/10\/32265.jpg",620,443,false],"landscape":["https:\/\/arantv.az\/wp-content\/uploads\/2019\/10\/32265.jpg",620,443,false],"portraits":["https:\/\/arantv.az\/wp-content\/uploads\/2019\/10\/32265.jpg",620,443,false],"thumbnail":["https:\/\/arantv.az\/wp-content\/uploads\/2019\/10\/32265-150x150.jpg",150,150,true],"medium":["https:\/\/arantv.az\/wp-content\/uploads\/2019\/10\/32265-300x214.jpg",300,214,true],"large":["https:\/\/arantv.az\/wp-content\/uploads\/2019\/10\/32265.jpg",620,443,false],"1536x1536":["https:\/\/arantv.az\/wp-content\/uploads\/2019\/10\/32265.jpg",620,443,false],"2048x2048":["https:\/\/arantv.az\/wp-content\/uploads\/2019\/10\/32265.jpg",620,443,false],"post-thumbnail":["https:\/\/arantv.az\/wp-content\/uploads\/2019\/10\/32265-240x172.jpg",240,172,true],"advps-thumb-one":["https:\/\/arantv.az\/wp-content\/uploads\/2019\/10\/32265.jpg",620,443,false]},"rttpg_author":{"display_name":"V\u00fcsal Rafiqo\u011flu","author_link":"https:\/\/arantv.az\/?author=2"},"rttpg_comment":0,"rttpg_category":"<a href=\"https:\/\/arantv.az\/?cat=6\" rel=\"category\">\u0130dman<\/a>","rttpg_excerpt":"G\u00fcrc\u00fcstan\u0131n Batumi \u015f\u0259h\u0259rind\u0259 ke\u00e7iril\u0259n \u015fahmat \u00fczr\u0259 milli komandalararas\u0131 Avropa \u00e7empionat\u0131nda bu g\u00fcn II turun g\u00f6r\u00fc\u015fl\u0259ri ke\u00e7iril\u0259c\u0259k. ARANTV.AZ\u00a0x\u0259b\u0259r verir ki, ilk turda Serbiya millisini m\u0259\u011flub etmi\u015f ki\u015fi y\u0131\u011fmam\u0131z bu d\u0259f\u0259 Avropa reytinqind\u0259 XIII s\u0131rada olan Fransa il\u0259 qar\u015f\u0131la\u015facaq. Bu g\u00f6r\u00fc\u015fd\u0259 prinsipial m\u0259qam da olacaq. Bel\u0259 ki, d\u00f6rd\u00fcnc\u00fc l\u00f6vh\u0259d\u0259 Q\u0259dir H\u00fcseynov qara fiqurlarla Fransa millisinin erm\u0259ni \u0259silli&hellip;","_links":{"self":[{"href":"https:\/\/arantv.az\/index.php?rest_route=\/wp\/v2\/posts\/88954"}],"collection":[{"href":"https:\/\/arantv.az\/index.php?rest_route=\/wp\/v2\/posts"}],"about":[{"href":"https:\/\/arantv.az\/index.php?rest_route=\/wp\/v2\/types\/post"}],"author":[{"embeddable":true,"href":"https:\/\/arantv.az\/index.php?rest_route=\/wp\/v2\/users\/2"}],"replies":[{"embeddable":true,"href":"https:\/\/arantv.az\/index.php?rest_route=%2Fwp%2Fv2%2Fcomments&post=88954"}],"version-history":[{"count":0,"href":"https:\/\/arantv.az\/index.php?rest_route=\/wp\/v2\/posts\/88954\/revisions"}],"wp:featuredmedia":[{"embeddable":true,"href":"https:\/\/arantv.az\/index.php?rest_route=\/wp\/v2\/media\/88955"}],"wp:attachment":[{"href":"https:\/\/arantv.az\/index.php?rest_route=%2Fwp%2Fv2%2Fmedia&parent=88954"}],"wp:term":[{"taxonomy":"category","embeddable":true,"href":"https:\/\/arantv.az\/index.php?rest_route=%2Fwp%2Fv2%2Fcategories&post=88954"},{"taxonomy":"post_tag","embeddable":true,"href":"https:\/\/arantv.az\/index.php?rest_route=%2Fwp%2Fv2%2Ftags&post=88954"}],"curies":[{"name":"wp","href":"https:\/\/api.w.org\/{rel}","templated":true}]}}