{"id":88977,"date":"2019-10-25T09:44:28","date_gmt":"2019-10-25T06:44:28","guid":{"rendered":"http:\/\/arantv.az\/?p=88977"},"modified":"2019-10-25T09:44:28","modified_gmt":"2019-10-25T06:44:28","slug":"nazird%c9%99n-saxta-yolla-sosial-muavin%c9%99t-almaga-calisanlara-x%c9%99b%c9%99rdarliq","status":"publish","type":"post","link":"https:\/\/arantv.az\/?p=88977","title":{"rendered":"Nazird\u0259n saxta yolla sosial m\u00fcavin\u0259t alma\u011fa \u00e7al\u0131\u015fanlara &#8211; X\u018fB\u018fRDARLIQ"},"content":{"rendered":"<p>\u018fm\u0259k v\u0259 \u018fhalinin Sosial M\u00fcdafi\u0259si Nazirliyi yan\u0131nda D\u00f6vl\u0259t Sosial M\u00fcdafi\u0259 Fondunun g\u0259lirl\u0259rind\u0259 transfert m\u0259bl\u0259\u011finin pay\u0131 2017-ci ild\u0259ki 39 faizd\u0259n \u00f6t\u0259n il 35,6 faiz\u0259, bu il is\u0259 32,8 faiz\u0259 enib.<\/p>\n<p><strong>ARANTV.AZ<\/strong>-\u0131n m\u0259lumat\u0131na g\u00f6r\u0259, bunu Prezidenti \u0130lham \u018fliyevin yan\u0131nda ke\u00e7irilmi\u015f iqtisadi m\u00fc\u015favir\u0259d\u0259 verilmi\u015f tap\u015f\u0131r\u0131qlar\u0131n icras\u0131 il\u0259 \u0259laq\u0259dar g\u00f6r\u00fcl\u0259c\u0259k i\u015fl\u0259rin m\u00fczakir\u0259si m\u0259qs\u0259dil\u0259 \u018fm\u0259k v\u0259 \u018fhalinin Sosial M\u00fcdafi\u0259si Nazirliyind\u0259 ke\u00e7iril\u0259n kollegiya iclas\u0131nda \u018fm\u0259k v\u0259 \u018fhalinin Sosial M\u00fcdafi\u0259si naziri Sahil Babayev bildirib.<\/p>\n<p>Onun s\u00f6zl\u0259rin\u0259 g\u00f6r\u0259, \u0259haliy\u0259 sosial \u00f6d\u0259ni\u015fl\u0259rin ciddi \u015f\u0259kild\u0259 artd\u0131\u011f\u0131 \u015f\u0259raitd\u0259 transfert m\u0259bl\u0259\u011fi azalmaqdad\u0131r:<\/p>\n<div id=\"AdviadNativeVideo0\" class=\"AdviadNativeVideo\"><\/div>\n<p>\u201cQar\u015f\u0131dak\u0131 d\u00f6vrd\u0259 d\u0259 Fondun g\u0259lirl\u0259rind\u0259 m\u00fct\u0259madi art\u0131m\u0131n v\u0259 h\u0259m\u00e7inin,\u00a0idar\u0259etm\u0259 x\u0259rcl\u0259rinin optimalla\u015fd\u0131r\u0131lmas\u0131n\u0131n t\u0259min edilm\u0259si bu m\u00fcsb\u0259t dinamikan\u0131n davam etm\u0259sin\u0259 imkan ver\u0259c\u0259k\u201d.<\/p>\n<p>Nazir bildirib ki, sosial yard\u0131m t\u0259yinat\u0131n\u0131n \u015f\u0259ffafla\u015fd\u0131r\u0131lmas\u0131 v\u0259 \u00fcnvanl\u0131l\u0131\u011f\u0131n\u0131n t\u0259min edilm\u0259si i\u015fl\u0259ri apar\u0131l\u0131r:<\/p>\n<p>\u201cAra\u015fd\u0131rma v\u0259 t\u0259hlill\u0259r n\u0259tic\u0259sind\u0259 nazirlik 1800 n\u0259f\u0259rin saxta yollarla \u00fcnvanl\u0131 d\u00f6vl\u0259t sosial yard\u0131m\u0131 ald\u0131\u011f\u0131n\u0131 m\u00fc\u0259yy\u0259n edib v\u0259 h\u0259min \u015f\u0259xsl\u0259r\u0259 y\u00f6n\u0259l\u0259n yard\u0131mlar d\u0259rhal dayand\u0131r\u0131l\u0131b. Daha min\u0259d\u0259k \u015f\u0259xsin d\u0259 saxta \u015f\u0259kild\u0259 sosial yard\u0131m ald\u0131\u011f\u0131na dair \u015f\u00fcbh\u0259l\u0259r vard\u0131r ki, onlarla ba\u011fl\u0131 da eyni t\u0259dbirl\u0259r g\u00f6r\u00fclm\u0259kl\u0259, onlara y\u00f6n\u0259l\u0259n yard\u0131mlar dayand\u0131r\u0131lacaq.<\/p>\n<p>Saxta yollarla sosial yard\u0131m alma\u011fa \u015f\u0259rait yaradan, bunun \u00fc\u00e7\u00fcn bil\u0259r\u0259kd\u0259n q\u0131sa m\u00fcdd\u0259tli \u0259m\u0259k m\u00fcqavil\u0259l\u0259ri ba\u011flayan, yaxud \u0259m\u0259k m\u00fcqavil\u0259l\u0259rind\u0259 bil\u0259r\u0259kd\u0259n \u0259m\u0259k haqlar\u0131n\u0131 reall\u0131qda oldu\u011fundan az g\u00f6st\u0259rm\u0259kl\u0259 i\u015f\u00e7il\u0259rinin b\u00f6y\u00fck qisminin sosial yard\u0131ma \u00e7\u0131x\u0131\u015f\u0131na s\u00fcni imkan yaradanlarla ba\u011fl\u0131 da h\u00fcquq-m\u00fchafiz\u0259 orqanlar\u0131na m\u00fcraci\u0259t olunacaq\u201d.<\/p>\n<p>Nazir 2500-d\u0259k yaln\u0131\u015f \u0259lillik t\u0259yinat\u0131n\u0131n da apar\u0131lan ara\u015fd\u0131rmalar n\u0259tic\u0259sind\u0259 a\u015fkar edil\u0259r\u0259k l\u0259\u011fv olundu\u011funu, bu istiqam\u0259td\u0259 ara\u015fd\u0131rmalar\u0131n davam ed\u0259c\u0259yini deyib v\u0259 yeni \u0259lillik t\u0259yinatlar\u0131n\u0131n apar\u0131lmas\u0131na da ciddi n\u0259zar\u0259tin h\u0259yata ke\u00e7irilm\u0259sini tap\u015f\u0131r\u0131b.<\/p>\n<p>Aktiv m\u0259\u015f\u011fulluq t\u0259dbirl\u0259rinin ild\u0259n-il\u0259 g\u00fccl\u0259ndirildiyini dey\u0259n S.Babayev bildirib ki, bu ilin doqquz\u00a0ay\u0131nda\u00a0 62 min\u0259 yax\u0131n \u015f\u0259xs m\u0259\u015f\u011fulluq orqanlar\u0131 t\u0259r\u0259find\u0259n i\u015fl\u0259 t\u0259min edilib. Bununla bel\u0259, ba\u011flanan \u0259m\u0259k m\u00fcqavil\u0259l\u0259rinin say\u0131nda m\u0259\u015f\u011fulluq orqanlar\u0131 t\u0259r\u0259find\u0259n i\u015fl\u0259 t\u0259min edil\u0259nl\u0259rin pay\u0131n\u0131n art\u0131r\u0131lmas\u0131 \u00fc\u00e7\u00fcn s\u0259yl\u0259r g\u00fccl\u0259ndirilm\u0259lidir.<\/p>\n<p>\u00d6z\u00fcn\u00fcm\u0259\u015f\u011fulluq proqram\u0131 \u00e7\u0259r\u00e7iv\u0259sind\u0259 bu il art\u0131q 3500-d\u0259n \u00e7ox \u015f\u0259xs\u0259 ki\u00e7ik ail\u0259 t\u0259s\u0259rr\u00fcfatlar\u0131n\u0131 qurmalar\u0131 \u00fc\u00e7\u00fcn aktivl\u0259r verildiyini qeyd ed\u0259n nazir proqram\u0131n icras\u0131nda h\u0259ssas qruplar\u0131n i\u015ftirak s\u0259viyy\u0259sinin daha da art\u0131r\u0131lmal\u0131 oldu\u011funu bildirib.oxu.az<\/p>\n","protected":false},"excerpt":{"rendered":"<p>\u018fm\u0259k v\u0259 \u018fhalinin Sosial M\u00fcdafi\u0259si Nazirliyi yan\u0131nda D\u00f6vl\u0259t Sosial M\u00fcdafi\u0259 Fondunun g\u0259lirl\u0259rind\u0259 transfert m\u0259bl\u0259\u011finin pay\u0131 2017-ci ild\u0259ki 39 faizd\u0259n \u00f6t\u0259n il 35,6 faiz\u0259, bu il is\u0259 32,8 faiz\u0259 enib. ARANTV.AZ-\u0131n m\u0259lumat\u0131na g\u00f6r\u0259, bunu Prezidenti \u0130lham \u018fliyevin yan\u0131nda ke\u00e7irilmi\u015f iqtisadi m\u00fc\u015favir\u0259d\u0259 verilmi\u015f tap\u015f\u0131r\u0131qlar\u0131n icras\u0131 il\u0259 \u0259laq\u0259dar g\u00f6r\u00fcl\u0259c\u0259k i\u015fl\u0259rin m\u00fczakir\u0259si m\u0259qs\u0259dil\u0259 \u018fm\u0259k v\u0259 \u018fhalinin Sosial M\u00fcdafi\u0259si Nazirliyind\u0259 ke\u00e7iril\u0259n kollegiya iclas\u0131nda \u018fm\u0259k v\u0259 \u018fhalinin Sosial M\u00fcdafi\u0259si naziri Sahil Babayev bildirib. Onun s\u00f6zl\u0259rin\u0259 g\u00f6r\u0259, \u0259haliy\u0259 sosial \u00f6d\u0259ni\u015fl\u0259rin ciddi \u015f\u0259kild\u0259 artd\u0131\u011f\u0131 \u015f\u0259raitd\u0259 transfert m\u0259bl\u0259\u011fi azalmaqdad\u0131r: \u201cQar\u015f\u0131dak\u0131 d\u00f6vrd\u0259 d\u0259 Fondun g\u0259lirl\u0259rind\u0259 m\u00fct\u0259madi art\u0131m\u0131n v\u0259 h\u0259m\u00e7inin,\u00a0idar\u0259etm\u0259 x\u0259rcl\u0259rinin&hellip;<\/p>\n","protected":false},"author":2,"featured_media":88978,"comment_status":"closed","ping_status":"closed","sticky":false,"template":"","format":"standard","meta":{"om_disable_all_campaigns":false,"_monsterinsights_skip_tracking":false,"_monsterinsights_sitenote_active":false,"_monsterinsights_sitenote_note":"","_monsterinsights_sitenote_category":0},"categories":[1],"tags":[],"aioseo_notices":[],"gutentor_comment":0,"rttpg_featured_image_url":{"full":["https:\/\/arantv.az\/wp-content\/uploads\/2019\/10\/71722840_487503198501226_5074269651362381824_n.jpg",620,412,false],"landscape":["https:\/\/arantv.az\/wp-content\/uploads\/2019\/10\/71722840_487503198501226_5074269651362381824_n.jpg",620,412,false],"portraits":["https:\/\/arantv.az\/wp-content\/uploads\/2019\/10\/71722840_487503198501226_5074269651362381824_n.jpg",620,412,false],"thumbnail":["https:\/\/arantv.az\/wp-content\/uploads\/2019\/10\/71722840_487503198501226_5074269651362381824_n-150x150.jpg",150,150,true],"medium":["https:\/\/arantv.az\/wp-content\/uploads\/2019\/10\/71722840_487503198501226_5074269651362381824_n-300x199.jpg",300,199,true],"large":["https:\/\/arantv.az\/wp-content\/uploads\/2019\/10\/71722840_487503198501226_5074269651362381824_n.jpg",620,412,false],"1536x1536":["https:\/\/arantv.az\/wp-content\/uploads\/2019\/10\/71722840_487503198501226_5074269651362381824_n.jpg",620,412,false],"2048x2048":["https:\/\/arantv.az\/wp-content\/uploads\/2019\/10\/71722840_487503198501226_5074269651362381824_n.jpg",620,412,false],"post-thumbnail":["https:\/\/arantv.az\/wp-content\/uploads\/2019\/10\/71722840_487503198501226_5074269651362381824_n-240x172.jpg",240,172,true],"advps-thumb-one":["https:\/\/arantv.az\/wp-content\/uploads\/2019\/10\/71722840_487503198501226_5074269651362381824_n.jpg",620,412,false]},"rttpg_author":{"display_name":"V\u00fcsal Rafiqo\u011flu","author_link":"https:\/\/arantv.az\/?author=2"},"rttpg_comment":0,"rttpg_category":"<a href=\"https:\/\/arantv.az\/?cat=1\" rel=\"category\">C\u0259miyy\u0259t<\/a>","rttpg_excerpt":"\u018fm\u0259k v\u0259 \u018fhalinin Sosial M\u00fcdafi\u0259si Nazirliyi yan\u0131nda D\u00f6vl\u0259t Sosial M\u00fcdafi\u0259 Fondunun g\u0259lirl\u0259rind\u0259 transfert m\u0259bl\u0259\u011finin pay\u0131 2017-ci ild\u0259ki 39 faizd\u0259n \u00f6t\u0259n il 35,6 faiz\u0259, bu il is\u0259 32,8 faiz\u0259 enib. ARANTV.AZ-\u0131n m\u0259lumat\u0131na g\u00f6r\u0259, bunu Prezidenti \u0130lham \u018fliyevin yan\u0131nda ke\u00e7irilmi\u015f iqtisadi m\u00fc\u015favir\u0259d\u0259 verilmi\u015f tap\u015f\u0131r\u0131qlar\u0131n icras\u0131 il\u0259 \u0259laq\u0259dar g\u00f6r\u00fcl\u0259c\u0259k i\u015fl\u0259rin m\u00fczakir\u0259si m\u0259qs\u0259dil\u0259 \u018fm\u0259k v\u0259 \u018fhalinin Sosial M\u00fcdafi\u0259si Nazirliyind\u0259&hellip;","_links":{"self":[{"href":"https:\/\/arantv.az\/index.php?rest_route=\/wp\/v2\/posts\/88977"}],"collection":[{"href":"https:\/\/arantv.az\/index.php?rest_route=\/wp\/v2\/posts"}],"about":[{"href":"https:\/\/arantv.az\/index.php?rest_route=\/wp\/v2\/types\/post"}],"author":[{"embeddable":true,"href":"https:\/\/arantv.az\/index.php?rest_route=\/wp\/v2\/users\/2"}],"replies":[{"embeddable":true,"href":"https:\/\/arantv.az\/index.php?rest_route=%2Fwp%2Fv2%2Fcomments&post=88977"}],"version-history":[{"count":0,"href":"https:\/\/arantv.az\/index.php?rest_route=\/wp\/v2\/posts\/88977\/revisions"}],"wp:featuredmedia":[{"embeddable":true,"href":"https:\/\/arantv.az\/index.php?rest_route=\/wp\/v2\/media\/88978"}],"wp:attachment":[{"href":"https:\/\/arantv.az\/index.php?rest_route=%2Fwp%2Fv2%2Fmedia&parent=88977"}],"wp:term":[{"taxonomy":"category","embeddable":true,"href":"https:\/\/arantv.az\/index.php?rest_route=%2Fwp%2Fv2%2Fcategories&post=88977"},{"taxonomy":"post_tag","embeddable":true,"href":"https:\/\/arantv.az\/index.php?rest_route=%2Fwp%2Fv2%2Ftags&post=88977"}],"curies":[{"name":"wp","href":"https:\/\/api.w.org\/{rel}","templated":true}]}}