{"id":88981,"date":"2019-10-25T09:45:18","date_gmt":"2019-10-25T06:45:18","guid":{"rendered":"http:\/\/arantv.az\/?p=88981"},"modified":"2019-10-25T09:45:18","modified_gmt":"2019-10-25T06:45:18","slug":"berdim%c9%99h%c9%99mm%c9%99dov-az%c9%99rbaycana-g%c9%99ldi","status":"publish","type":"post","link":"https:\/\/arantv.az\/?p=88981","title":{"rendered":"Berdim\u0259h\u0259mm\u0259dov Az\u0259rbaycana g\u0259ldi"},"content":{"rendered":"<p>T\u00fcrkm\u0259nistan Prezidenti Qurbanqulu Berdim\u0259h\u0259mm\u0259dov Qo\u015fulmama H\u0259r\u0259kat\u0131na \u00fczv \u00f6lk\u0259l\u0259rin d\u00f6vl\u0259t v\u0259 h\u00f6kum\u0259t ba\u015f\u00e7\u0131lar\u0131n\u0131n XVIII Zirv\u0259 G\u00f6r\u00fc\u015f\u00fcnd\u0259 i\u015ftirak etm\u0259k \u00fc\u00e7\u00fcn oktyabr\u0131n 25-d\u0259 Az\u0259rbaycan Respublikas\u0131na s\u0259f\u0259r\u0259 g\u0259lib.<\/p>\n<div id=\"AdviadNativeVideo0\" class=\"AdviadNativeVideo\"><\/div>\n<p><strong>ARANTV.AZ<\/strong> x\u0259b\u0259r verir ki, Prezident Qurbanqulu Berdim\u0259h\u0259mm\u0259dovu Heyd\u0259r \u018fliyev Beyn\u0259lxalq Aeroportunda Az\u0259rbaycan\u0131n Ba\u015f nazirinin m\u00fcavini \u015eahin Mustafayev, Xarici \u0130\u015fl\u0259r nazirinin m\u00fcavini Mahmud M\u0259mm\u0259d-Quliyev v\u0259 dig\u0259r r\u0259smi \u015f\u0259xsl\u0259r qar\u015f\u0131lay\u0131blar.az\u0259rtac<\/p>\n","protected":false},"excerpt":{"rendered":"<p>T\u00fcrkm\u0259nistan Prezidenti Qurbanqulu Berdim\u0259h\u0259mm\u0259dov Qo\u015fulmama H\u0259r\u0259kat\u0131na \u00fczv \u00f6lk\u0259l\u0259rin d\u00f6vl\u0259t v\u0259 h\u00f6kum\u0259t ba\u015f\u00e7\u0131lar\u0131n\u0131n XVIII Zirv\u0259 G\u00f6r\u00fc\u015f\u00fcnd\u0259 i\u015ftirak etm\u0259k \u00fc\u00e7\u00fcn oktyabr\u0131n 25-d\u0259 Az\u0259rbaycan Respublikas\u0131na s\u0259f\u0259r\u0259 g\u0259lib. ARANTV.AZ x\u0259b\u0259r verir ki, Prezident Qurbanqulu Berdim\u0259h\u0259mm\u0259dovu Heyd\u0259r \u018fliyev Beyn\u0259lxalq Aeroportunda Az\u0259rbaycan\u0131n Ba\u015f nazirinin m\u00fcavini \u015eahin Mustafayev, Xarici \u0130\u015fl\u0259r nazirinin m\u00fcavini Mahmud M\u0259mm\u0259d-Quliyev v\u0259 dig\u0259r r\u0259smi \u015f\u0259xsl\u0259r qar\u015f\u0131lay\u0131blar.az\u0259rtac<\/p>\n","protected":false},"author":2,"featured_media":88982,"comment_status":"closed","ping_status":"closed","sticky":false,"template":"","format":"standard","meta":{"om_disable_all_campaigns":false,"_monsterinsights_skip_tracking":false,"_monsterinsights_sitenote_active":false,"_monsterinsights_sitenote_note":"","_monsterinsights_sitenote_category":0},"categories":[4],"tags":[],"aioseo_notices":[],"gutentor_comment":0,"rttpg_featured_image_url":{"full":["https:\/\/arantv.az\/wp-content\/uploads\/2019\/10\/14915815123224834496_1000x669.jpg",615,465,false],"landscape":["https:\/\/arantv.az\/wp-content\/uploads\/2019\/10\/14915815123224834496_1000x669.jpg",615,465,false],"portraits":["https:\/\/arantv.az\/wp-content\/uploads\/2019\/10\/14915815123224834496_1000x669.jpg",615,465,false],"thumbnail":["https:\/\/arantv.az\/wp-content\/uploads\/2019\/10\/14915815123224834496_1000x669-150x150.jpg",150,150,true],"medium":["https:\/\/arantv.az\/wp-content\/uploads\/2019\/10\/14915815123224834496_1000x669-300x227.jpg",300,227,true],"large":["https:\/\/arantv.az\/wp-content\/uploads\/2019\/10\/14915815123224834496_1000x669.jpg",615,465,false],"1536x1536":["https:\/\/arantv.az\/wp-content\/uploads\/2019\/10\/14915815123224834496_1000x669.jpg",615,465,false],"2048x2048":["https:\/\/arantv.az\/wp-content\/uploads\/2019\/10\/14915815123224834496_1000x669.jpg",615,465,false],"post-thumbnail":["https:\/\/arantv.az\/wp-content\/uploads\/2019\/10\/14915815123224834496_1000x669-240x172.jpg",240,172,true],"advps-thumb-one":["https:\/\/arantv.az\/wp-content\/uploads\/2019\/10\/14915815123224834496_1000x669.jpg",615,465,false]},"rttpg_author":{"display_name":"V\u00fcsal Rafiqo\u011flu","author_link":"https:\/\/arantv.az\/?author=2"},"rttpg_comment":0,"rttpg_category":"<a href=\"https:\/\/arantv.az\/?cat=4\" rel=\"category\">Siyas\u0259t<\/a>","rttpg_excerpt":"T\u00fcrkm\u0259nistan Prezidenti Qurbanqulu Berdim\u0259h\u0259mm\u0259dov Qo\u015fulmama H\u0259r\u0259kat\u0131na \u00fczv \u00f6lk\u0259l\u0259rin d\u00f6vl\u0259t v\u0259 h\u00f6kum\u0259t ba\u015f\u00e7\u0131lar\u0131n\u0131n XVIII Zirv\u0259 G\u00f6r\u00fc\u015f\u00fcnd\u0259 i\u015ftirak etm\u0259k \u00fc\u00e7\u00fcn oktyabr\u0131n 25-d\u0259 Az\u0259rbaycan Respublikas\u0131na s\u0259f\u0259r\u0259 g\u0259lib. ARANTV.AZ x\u0259b\u0259r verir ki, Prezident Qurbanqulu Berdim\u0259h\u0259mm\u0259dovu Heyd\u0259r \u018fliyev Beyn\u0259lxalq Aeroportunda Az\u0259rbaycan\u0131n Ba\u015f nazirinin m\u00fcavini \u015eahin Mustafayev, Xarici \u0130\u015fl\u0259r nazirinin m\u00fcavini Mahmud M\u0259mm\u0259d-Quliyev v\u0259 dig\u0259r r\u0259smi \u015f\u0259xsl\u0259r qar\u015f\u0131lay\u0131blar.az\u0259rtac","_links":{"self":[{"href":"https:\/\/arantv.az\/index.php?rest_route=\/wp\/v2\/posts\/88981"}],"collection":[{"href":"https:\/\/arantv.az\/index.php?rest_route=\/wp\/v2\/posts"}],"about":[{"href":"https:\/\/arantv.az\/index.php?rest_route=\/wp\/v2\/types\/post"}],"author":[{"embeddable":true,"href":"https:\/\/arantv.az\/index.php?rest_route=\/wp\/v2\/users\/2"}],"replies":[{"embeddable":true,"href":"https:\/\/arantv.az\/index.php?rest_route=%2Fwp%2Fv2%2Fcomments&post=88981"}],"version-history":[{"count":0,"href":"https:\/\/arantv.az\/index.php?rest_route=\/wp\/v2\/posts\/88981\/revisions"}],"wp:featuredmedia":[{"embeddable":true,"href":"https:\/\/arantv.az\/index.php?rest_route=\/wp\/v2\/media\/88982"}],"wp:attachment":[{"href":"https:\/\/arantv.az\/index.php?rest_route=%2Fwp%2Fv2%2Fmedia&parent=88981"}],"wp:term":[{"taxonomy":"category","embeddable":true,"href":"https:\/\/arantv.az\/index.php?rest_route=%2Fwp%2Fv2%2Fcategories&post=88981"},{"taxonomy":"post_tag","embeddable":true,"href":"https:\/\/arantv.az\/index.php?rest_route=%2Fwp%2Fv2%2Ftags&post=88981"}],"curies":[{"name":"wp","href":"https:\/\/api.w.org\/{rel}","templated":true}]}}