{"id":88985,"date":"2019-10-25T09:52:50","date_gmt":"2019-10-25T06:52:50","guid":{"rendered":"http:\/\/arantv.az\/?p=88985"},"modified":"2019-10-25T09:52:50","modified_gmt":"2019-10-25T06:52:50","slug":"xatir%c9%99-islam-qalmaqalli-musahib%c9%99si-haqqinda-danisdi","status":"publish","type":"post","link":"https:\/\/arantv.az\/?p=88985","title":{"rendered":"Xatir\u0259 \u0130slam qalmaqall\u0131 m\u00fcsahib\u0259si haqq\u0131nda dan\u0131\u015fd\u0131&#8230;"},"content":{"rendered":"<p>Xatir\u0259 \u0130slam m\u0259\u015fhurlar\u0131n f\u0259xri ad almas\u0131 il\u0259 ba\u011fl\u0131 m\u00fcsahib\u0259 verm\u0259si il\u0259 ba\u011fl\u0131 dan\u0131\u015f\u0131b. <strong>ARANTV.AZ\u00a0<\/strong> x\u0259b\u0259r verir ki, m\u00fc\u011f\u0259nni m\u00fcsahib\u0259nin \u00e7ox \u00f6nc\u0259d\u0259n verildiyini bildirib: &#8220;M\u0259n o m\u00fcsahib\u0259ni ver\u0259nd\u0259 dostlar\u0131mdan he\u00e7 biri Xalq artisti ad\u0131 almam\u0131\u015fd\u0131. 10 g\u00fcn \u0259vv\u0259l verdiyim m\u00fcsahib\u0259ni niy\u0259 h\u0259min g\u00fcn verdiniz ki? M\u0259nim dostlar\u0131mla aram\u0131 niy\u0259 vurursuz? Bundan sonra he\u00e7 kim\u0259 m\u00fcsahib\u0259 verm\u0259y\u0259c\u0259m. M\u00fcsahib\u0259l\u0259rimi el\u0259 \u00f6z hesab\u0131mdan dinl\u0259y\u0259rsiz&#8221;. Qeyd ed\u0259k ki, R\u00f6ya, Miri Yusif v\u0259 T\u00fcnzal\u0259nin Xalq artisti ad\u0131n\u0131 almas\u0131 m\u0259\u015fhurlar v\u0259 izl\u0259y\u0259nl\u0259r aras\u0131nda birm\u0259nal\u0131 qar\u015f\u0131lanmay\u0131b.<\/p>\n","protected":false},"excerpt":{"rendered":"<p>Xatir\u0259 \u0130slam m\u0259\u015fhurlar\u0131n f\u0259xri ad almas\u0131 il\u0259 ba\u011fl\u0131 m\u00fcsahib\u0259 verm\u0259si il\u0259 ba\u011fl\u0131 dan\u0131\u015f\u0131b. ARANTV.AZ\u00a0 x\u0259b\u0259r verir ki, m\u00fc\u011f\u0259nni m\u00fcsahib\u0259nin \u00e7ox \u00f6nc\u0259d\u0259n verildiyini bildirib: &#8220;M\u0259n o m\u00fcsahib\u0259ni ver\u0259nd\u0259 dostlar\u0131mdan he\u00e7 biri Xalq artisti ad\u0131 almam\u0131\u015fd\u0131. 10 g\u00fcn \u0259vv\u0259l verdiyim m\u00fcsahib\u0259ni niy\u0259 h\u0259min g\u00fcn verdiniz ki? M\u0259nim dostlar\u0131mla aram\u0131 niy\u0259 vurursuz? Bundan sonra he\u00e7 kim\u0259 m\u00fcsahib\u0259 verm\u0259y\u0259c\u0259m. M\u00fcsahib\u0259l\u0259rimi el\u0259 \u00f6z hesab\u0131mdan dinl\u0259y\u0259rsiz&#8221;. Qeyd ed\u0259k ki, R\u00f6ya, Miri Yusif v\u0259 T\u00fcnzal\u0259nin Xalq artisti ad\u0131n\u0131 almas\u0131 m\u0259\u015fhurlar v\u0259 izl\u0259y\u0259nl\u0259r aras\u0131nda birm\u0259nal\u0131 qar\u015f\u0131lanmay\u0131b.<\/p>\n","protected":false},"author":2,"featured_media":88986,"comment_status":"closed","ping_status":"closed","sticky":false,"template":"","format":"standard","meta":{"om_disable_all_campaigns":false,"_monsterinsights_skip_tracking":false,"_monsterinsights_sitenote_active":false,"_monsterinsights_sitenote_note":"","_monsterinsights_sitenote_category":0},"categories":[20],"tags":[],"aioseo_notices":[],"gutentor_comment":0,"rttpg_featured_image_url":{"full":["https:\/\/arantv.az\/wp-content\/uploads\/2019\/10\/74175059_2500628613491136_2463895683992649728_n.jpg",550,359,false],"landscape":["https:\/\/arantv.az\/wp-content\/uploads\/2019\/10\/74175059_2500628613491136_2463895683992649728_n.jpg",550,359,false],"portraits":["https:\/\/arantv.az\/wp-content\/uploads\/2019\/10\/74175059_2500628613491136_2463895683992649728_n.jpg",550,359,false],"thumbnail":["https:\/\/arantv.az\/wp-content\/uploads\/2019\/10\/74175059_2500628613491136_2463895683992649728_n-150x150.jpg",150,150,true],"medium":["https:\/\/arantv.az\/wp-content\/uploads\/2019\/10\/74175059_2500628613491136_2463895683992649728_n-300x196.jpg",300,196,true],"large":["https:\/\/arantv.az\/wp-content\/uploads\/2019\/10\/74175059_2500628613491136_2463895683992649728_n.jpg",550,359,false],"1536x1536":["https:\/\/arantv.az\/wp-content\/uploads\/2019\/10\/74175059_2500628613491136_2463895683992649728_n.jpg",550,359,false],"2048x2048":["https:\/\/arantv.az\/wp-content\/uploads\/2019\/10\/74175059_2500628613491136_2463895683992649728_n.jpg",550,359,false],"post-thumbnail":["https:\/\/arantv.az\/wp-content\/uploads\/2019\/10\/74175059_2500628613491136_2463895683992649728_n-240x172.jpg",240,172,true],"advps-thumb-one":["https:\/\/arantv.az\/wp-content\/uploads\/2019\/10\/74175059_2500628613491136_2463895683992649728_n.jpg",550,359,false]},"rttpg_author":{"display_name":"V\u00fcsal Rafiqo\u011flu","author_link":"https:\/\/arantv.az\/?author=2"},"rttpg_comment":0,"rttpg_category":"<a href=\"https:\/\/arantv.az\/?cat=20\" rel=\"category\">\u015eou biznes<\/a>","rttpg_excerpt":"Xatir\u0259 \u0130slam m\u0259\u015fhurlar\u0131n f\u0259xri ad almas\u0131 il\u0259 ba\u011fl\u0131 m\u00fcsahib\u0259 verm\u0259si il\u0259 ba\u011fl\u0131 dan\u0131\u015f\u0131b. ARANTV.AZ\u00a0 x\u0259b\u0259r verir ki, m\u00fc\u011f\u0259nni m\u00fcsahib\u0259nin \u00e7ox \u00f6nc\u0259d\u0259n verildiyini bildirib: &#8220;M\u0259n o m\u00fcsahib\u0259ni ver\u0259nd\u0259 dostlar\u0131mdan he\u00e7 biri Xalq artisti ad\u0131 almam\u0131\u015fd\u0131. 10 g\u00fcn \u0259vv\u0259l verdiyim m\u00fcsahib\u0259ni niy\u0259 h\u0259min g\u00fcn verdiniz ki? M\u0259nim dostlar\u0131mla aram\u0131 niy\u0259 vurursuz? Bundan sonra he\u00e7 kim\u0259 m\u00fcsahib\u0259 verm\u0259y\u0259c\u0259m.&hellip;","_links":{"self":[{"href":"https:\/\/arantv.az\/index.php?rest_route=\/wp\/v2\/posts\/88985"}],"collection":[{"href":"https:\/\/arantv.az\/index.php?rest_route=\/wp\/v2\/posts"}],"about":[{"href":"https:\/\/arantv.az\/index.php?rest_route=\/wp\/v2\/types\/post"}],"author":[{"embeddable":true,"href":"https:\/\/arantv.az\/index.php?rest_route=\/wp\/v2\/users\/2"}],"replies":[{"embeddable":true,"href":"https:\/\/arantv.az\/index.php?rest_route=%2Fwp%2Fv2%2Fcomments&post=88985"}],"version-history":[{"count":0,"href":"https:\/\/arantv.az\/index.php?rest_route=\/wp\/v2\/posts\/88985\/revisions"}],"wp:featuredmedia":[{"embeddable":true,"href":"https:\/\/arantv.az\/index.php?rest_route=\/wp\/v2\/media\/88986"}],"wp:attachment":[{"href":"https:\/\/arantv.az\/index.php?rest_route=%2Fwp%2Fv2%2Fmedia&parent=88985"}],"wp:term":[{"taxonomy":"category","embeddable":true,"href":"https:\/\/arantv.az\/index.php?rest_route=%2Fwp%2Fv2%2Fcategories&post=88985"},{"taxonomy":"post_tag","embeddable":true,"href":"https:\/\/arantv.az\/index.php?rest_route=%2Fwp%2Fv2%2Ftags&post=88985"}],"curies":[{"name":"wp","href":"https:\/\/api.w.org\/{rel}","templated":true}]}}