{"id":88998,"date":"2019-10-25T10:13:53","date_gmt":"2019-10-25T07:13:53","guid":{"rendered":"http:\/\/arantv.az\/?p=88998"},"modified":"2019-10-25T10:13:53","modified_gmt":"2019-10-25T07:13:53","slug":"bu-%c9%99razil%c9%99rd%c9%99-qaz-olmayacaq-8","status":"publish","type":"post","link":"https:\/\/arantv.az\/?p=88998","title":{"rendered":"Bu \u0259razil\u0259rd\u0259 qaz olmayacaq"},"content":{"rendered":"<p>Oktyabr\u0131n 25-d\u0259 istehlak\u00e7\u0131lara t\u0259bii qaz\u0131n stabil rejimd\u0259 v\u0259 fasil\u0259siz \u00f6t\u00fcr\u00fclm\u0259si \u00fc\u00e7\u00fcn keyfiyy\u0259tin daha da art\u0131r\u0131lmas\u0131, t\u0259l\u0259bata uy\u011fun t\u0259nziml\u0259m\u0259l\u0259rin apar\u0131lmas\u0131, qaz t\u0259chizat\u0131 \u015f\u0259b\u0259k\u0259sind\u0259 a\u015fkar edilmi\u015f qaz s\u0131zmalar\u0131n\u0131n l\u0259\u011fvi v\u0259 dig\u0259r t\u0259mir-b\u0259rpa i\u015fl\u0259ri icra olunacaq.<\/p>\n<div id=\"AdviadNativeVideo0\" class=\"AdviadNativeVideo\"><\/div>\n<p>Bu bar\u0259d\u0259 \u201cAz\u0259riqaz\u201d \u0130stehsalat Birliyi m\u0259lumat yay\u0131b.<\/p>\n<p>Bu zaman s\u0259h\u0259r saat 09:00-dan G\u0259nc\u0259 \u015f\u0259h\u0259ri, G\u00f6yg\u00f6l, Samux, A\u011fsu rayonlar\u0131, saat 09:30-dan A\u011fstafa rayonu, saat 10:00-dan is\u0259 Q\u0259b\u0259l\u0259 rayonunun bir hiss\u0259sind\u0259 qaz t\u0259chizat\u0131nda fasil\u0259l\u0259r m\u00fc\u015fahid\u0259 olunacaq.<\/p>\n","protected":false},"excerpt":{"rendered":"<p>Oktyabr\u0131n 25-d\u0259 istehlak\u00e7\u0131lara t\u0259bii qaz\u0131n stabil rejimd\u0259 v\u0259 fasil\u0259siz \u00f6t\u00fcr\u00fclm\u0259si \u00fc\u00e7\u00fcn keyfiyy\u0259tin daha da art\u0131r\u0131lmas\u0131, t\u0259l\u0259bata uy\u011fun t\u0259nziml\u0259m\u0259l\u0259rin apar\u0131lmas\u0131, qaz t\u0259chizat\u0131 \u015f\u0259b\u0259k\u0259sind\u0259 a\u015fkar edilmi\u015f qaz s\u0131zmalar\u0131n\u0131n l\u0259\u011fvi v\u0259 dig\u0259r t\u0259mir-b\u0259rpa i\u015fl\u0259ri icra olunacaq. Bu bar\u0259d\u0259 \u201cAz\u0259riqaz\u201d \u0130stehsalat Birliyi m\u0259lumat yay\u0131b. Bu zaman s\u0259h\u0259r saat 09:00-dan G\u0259nc\u0259 \u015f\u0259h\u0259ri, G\u00f6yg\u00f6l, Samux, A\u011fsu rayonlar\u0131, saat 09:30-dan A\u011fstafa rayonu, saat 10:00-dan is\u0259 Q\u0259b\u0259l\u0259 rayonunun bir hiss\u0259sind\u0259 qaz t\u0259chizat\u0131nda fasil\u0259l\u0259r m\u00fc\u015fahid\u0259 olunacaq.<\/p>\n","protected":false},"author":2,"featured_media":88999,"comment_status":"closed","ping_status":"closed","sticky":false,"template":"","format":"standard","meta":{"om_disable_all_campaigns":false,"_monsterinsights_skip_tracking":false,"_monsterinsights_sitenote_active":false,"_monsterinsights_sitenote_note":"","_monsterinsights_sitenote_category":0},"categories":[1],"tags":[],"aioseo_notices":[],"gutentor_comment":0,"rttpg_featured_image_url":{"full":["https:\/\/arantv.az\/wp-content\/uploads\/2019\/10\/e7a41a19-418f-4955-b58b-0455b0a0fcca_640.jpg",620,414,false],"landscape":["https:\/\/arantv.az\/wp-content\/uploads\/2019\/10\/e7a41a19-418f-4955-b58b-0455b0a0fcca_640.jpg",620,414,false],"portraits":["https:\/\/arantv.az\/wp-content\/uploads\/2019\/10\/e7a41a19-418f-4955-b58b-0455b0a0fcca_640.jpg",620,414,false],"thumbnail":["https:\/\/arantv.az\/wp-content\/uploads\/2019\/10\/e7a41a19-418f-4955-b58b-0455b0a0fcca_640-150x150.jpg",150,150,true],"medium":["https:\/\/arantv.az\/wp-content\/uploads\/2019\/10\/e7a41a19-418f-4955-b58b-0455b0a0fcca_640-300x200.jpg",300,200,true],"large":["https:\/\/arantv.az\/wp-content\/uploads\/2019\/10\/e7a41a19-418f-4955-b58b-0455b0a0fcca_640.jpg",620,414,false],"1536x1536":["https:\/\/arantv.az\/wp-content\/uploads\/2019\/10\/e7a41a19-418f-4955-b58b-0455b0a0fcca_640.jpg",620,414,false],"2048x2048":["https:\/\/arantv.az\/wp-content\/uploads\/2019\/10\/e7a41a19-418f-4955-b58b-0455b0a0fcca_640.jpg",620,414,false],"post-thumbnail":["https:\/\/arantv.az\/wp-content\/uploads\/2019\/10\/e7a41a19-418f-4955-b58b-0455b0a0fcca_640-240x172.jpg",240,172,true],"advps-thumb-one":["https:\/\/arantv.az\/wp-content\/uploads\/2019\/10\/e7a41a19-418f-4955-b58b-0455b0a0fcca_640.jpg",620,414,false]},"rttpg_author":{"display_name":"V\u00fcsal Rafiqo\u011flu","author_link":"https:\/\/arantv.az\/?author=2"},"rttpg_comment":0,"rttpg_category":"<a href=\"https:\/\/arantv.az\/?cat=1\" rel=\"category\">C\u0259miyy\u0259t<\/a>","rttpg_excerpt":"Oktyabr\u0131n 25-d\u0259 istehlak\u00e7\u0131lara t\u0259bii qaz\u0131n stabil rejimd\u0259 v\u0259 fasil\u0259siz \u00f6t\u00fcr\u00fclm\u0259si \u00fc\u00e7\u00fcn keyfiyy\u0259tin daha da art\u0131r\u0131lmas\u0131, t\u0259l\u0259bata uy\u011fun t\u0259nziml\u0259m\u0259l\u0259rin apar\u0131lmas\u0131, qaz t\u0259chizat\u0131 \u015f\u0259b\u0259k\u0259sind\u0259 a\u015fkar edilmi\u015f qaz s\u0131zmalar\u0131n\u0131n l\u0259\u011fvi v\u0259 dig\u0259r t\u0259mir-b\u0259rpa i\u015fl\u0259ri icra olunacaq. Bu bar\u0259d\u0259 \u201cAz\u0259riqaz\u201d \u0130stehsalat Birliyi m\u0259lumat yay\u0131b. Bu zaman s\u0259h\u0259r saat 09:00-dan G\u0259nc\u0259 \u015f\u0259h\u0259ri, G\u00f6yg\u00f6l, Samux, A\u011fsu rayonlar\u0131, saat 09:30-dan A\u011fstafa rayonu,&hellip;","_links":{"self":[{"href":"https:\/\/arantv.az\/index.php?rest_route=\/wp\/v2\/posts\/88998"}],"collection":[{"href":"https:\/\/arantv.az\/index.php?rest_route=\/wp\/v2\/posts"}],"about":[{"href":"https:\/\/arantv.az\/index.php?rest_route=\/wp\/v2\/types\/post"}],"author":[{"embeddable":true,"href":"https:\/\/arantv.az\/index.php?rest_route=\/wp\/v2\/users\/2"}],"replies":[{"embeddable":true,"href":"https:\/\/arantv.az\/index.php?rest_route=%2Fwp%2Fv2%2Fcomments&post=88998"}],"version-history":[{"count":0,"href":"https:\/\/arantv.az\/index.php?rest_route=\/wp\/v2\/posts\/88998\/revisions"}],"wp:featuredmedia":[{"embeddable":true,"href":"https:\/\/arantv.az\/index.php?rest_route=\/wp\/v2\/media\/88999"}],"wp:attachment":[{"href":"https:\/\/arantv.az\/index.php?rest_route=%2Fwp%2Fv2%2Fmedia&parent=88998"}],"wp:term":[{"taxonomy":"category","embeddable":true,"href":"https:\/\/arantv.az\/index.php?rest_route=%2Fwp%2Fv2%2Fcategories&post=88998"},{"taxonomy":"post_tag","embeddable":true,"href":"https:\/\/arantv.az\/index.php?rest_route=%2Fwp%2Fv2%2Ftags&post=88998"}],"curies":[{"name":"wp","href":"https:\/\/api.w.org\/{rel}","templated":true}]}}