{"id":89010,"date":"2019-10-25T10:20:23","date_gmt":"2019-10-25T07:20:23","guid":{"rendered":"http:\/\/arantv.az\/?p=89010"},"modified":"2019-10-25T10:20:23","modified_gmt":"2019-10-25T07:20:23","slug":"az%c9%99rbaycan-tbmm-v%c9%99-asiya-parlament-assambleyasinin-sura-iclasinda-t%c9%99msil-olunacaq","status":"publish","type":"post","link":"https:\/\/arantv.az\/?p=89010","title":{"rendered":"Az\u0259rbaycan TBMM v\u0259 Asiya Parlament Assambleyas\u0131n\u0131n \u015fura iclas\u0131nda t\u0259msil olunacaq"},"content":{"rendered":"<p>Milli M\u0259clisin deputat\u0131 \u0130lham M\u0259mm\u0259dov T\u00fcrkiy\u0259 B\u00f6y\u00fck Mill\u0259t M\u0259clisi (TBMM) v\u0259 Asiya Parlament Assambleyas\u0131n\u0131n t\u0259\u015fkilat\u00e7\u0131l\u0131\u011f\u0131 il\u0259 \u0130craedici \u015euran\u0131n 1-ci iclas\u0131nda i\u015ftirak etm\u0259k \u00fc\u00e7\u00fcn oktyabr\u0131n 25-d\u0259 T\u00fcrkiy\u0259nin Riz\u0259 \u015f\u0259h\u0259rin\u0259 s\u0259f\u0259r\u0259 ged\u0259c\u0259k.<\/p>\n<p><strong>ARANTV.AZ<\/strong>\u00a0<a href=\"https:\/\/az.trend.az\/\" target=\"_blank\" rel=\"noopener\">Trend<\/a>-\u0259 istinad\u0259n x\u0259b\u0259r verir ki, mill\u0259t v\u0259kili Siyasi M\u0259s\u0259l\u0259l\u0259r, B\u00fcdc\u0259 v\u0259 Planla\u015fd\u0131rma Daimi komit\u0259l\u0259rinin iclaslar\u0131na qat\u0131lacaq.<\/p>\n<p>Deputat\u0131m\u0131z iclasda m\u00fczakir\u0259y\u0259 \u00e7\u0131xar\u0131lacaq m\u0259s\u0259l\u0259l\u0259r\u0259 \u00f6z m\u00fcnasib\u0259tini bildir\u0259c\u0259k.<\/p>\n<p>S\u0259f\u0259r oktyabr\u0131n 28-d\u0259 ba\u015fa \u00e7atacaq.<\/p>\n","protected":false},"excerpt":{"rendered":"<p>Milli M\u0259clisin deputat\u0131 \u0130lham M\u0259mm\u0259dov T\u00fcrkiy\u0259 B\u00f6y\u00fck Mill\u0259t M\u0259clisi (TBMM) v\u0259 Asiya Parlament Assambleyas\u0131n\u0131n t\u0259\u015fkilat\u00e7\u0131l\u0131\u011f\u0131 il\u0259 \u0130craedici \u015euran\u0131n 1-ci iclas\u0131nda i\u015ftirak etm\u0259k \u00fc\u00e7\u00fcn oktyabr\u0131n 25-d\u0259 T\u00fcrkiy\u0259nin Riz\u0259 \u015f\u0259h\u0259rin\u0259 s\u0259f\u0259r\u0259 ged\u0259c\u0259k. ARANTV.AZ\u00a0Trend-\u0259 istinad\u0259n x\u0259b\u0259r verir ki, mill\u0259t v\u0259kili Siyasi M\u0259s\u0259l\u0259l\u0259r, B\u00fcdc\u0259 v\u0259 Planla\u015fd\u0131rma Daimi komit\u0259l\u0259rinin iclaslar\u0131na qat\u0131lacaq. Deputat\u0131m\u0131z iclasda m\u00fczakir\u0259y\u0259 \u00e7\u0131xar\u0131lacaq m\u0259s\u0259l\u0259l\u0259r\u0259 \u00f6z m\u00fcnasib\u0259tini bildir\u0259c\u0259k. S\u0259f\u0259r oktyabr\u0131n 28-d\u0259 ba\u015fa \u00e7atacaq.<\/p>\n","protected":false},"author":2,"featured_media":89011,"comment_status":"closed","ping_status":"closed","sticky":false,"template":"","format":"standard","meta":{"om_disable_all_campaigns":false,"_monsterinsights_skip_tracking":false,"_monsterinsights_sitenote_active":false,"_monsterinsights_sitenote_note":"","_monsterinsights_sitenote_category":0},"categories":[4],"tags":[],"aioseo_notices":[],"gutentor_comment":0,"rttpg_featured_image_url":{"full":["https:\/\/arantv.az\/wp-content\/uploads\/2019\/10\/796997.jpg",800,600,false],"landscape":["https:\/\/arantv.az\/wp-content\/uploads\/2019\/10\/796997.jpg",800,600,false],"portraits":["https:\/\/arantv.az\/wp-content\/uploads\/2019\/10\/796997.jpg",800,600,false],"thumbnail":["https:\/\/arantv.az\/wp-content\/uploads\/2019\/10\/796997-150x150.jpg",150,150,true],"medium":["https:\/\/arantv.az\/wp-content\/uploads\/2019\/10\/796997-300x225.jpg",300,225,true],"large":["https:\/\/arantv.az\/wp-content\/uploads\/2019\/10\/796997.jpg",640,480,false],"1536x1536":["https:\/\/arantv.az\/wp-content\/uploads\/2019\/10\/796997.jpg",800,600,false],"2048x2048":["https:\/\/arantv.az\/wp-content\/uploads\/2019\/10\/796997.jpg",800,600,false],"post-thumbnail":["https:\/\/arantv.az\/wp-content\/uploads\/2019\/10\/796997-240x172.jpg",240,172,true],"advps-thumb-one":["https:\/\/arantv.az\/wp-content\/uploads\/2019\/10\/796997.jpg",800,600,false]},"rttpg_author":{"display_name":"V\u00fcsal Rafiqo\u011flu","author_link":"https:\/\/arantv.az\/?author=2"},"rttpg_comment":0,"rttpg_category":"<a href=\"https:\/\/arantv.az\/?cat=4\" rel=\"category\">Siyas\u0259t<\/a>","rttpg_excerpt":"Milli M\u0259clisin deputat\u0131 \u0130lham M\u0259mm\u0259dov T\u00fcrkiy\u0259 B\u00f6y\u00fck Mill\u0259t M\u0259clisi (TBMM) v\u0259 Asiya Parlament Assambleyas\u0131n\u0131n t\u0259\u015fkilat\u00e7\u0131l\u0131\u011f\u0131 il\u0259 \u0130craedici \u015euran\u0131n 1-ci iclas\u0131nda i\u015ftirak etm\u0259k \u00fc\u00e7\u00fcn oktyabr\u0131n 25-d\u0259 T\u00fcrkiy\u0259nin Riz\u0259 \u015f\u0259h\u0259rin\u0259 s\u0259f\u0259r\u0259 ged\u0259c\u0259k. ARANTV.AZ\u00a0Trend-\u0259 istinad\u0259n x\u0259b\u0259r verir ki, mill\u0259t v\u0259kili Siyasi M\u0259s\u0259l\u0259l\u0259r, B\u00fcdc\u0259 v\u0259 Planla\u015fd\u0131rma Daimi komit\u0259l\u0259rinin iclaslar\u0131na qat\u0131lacaq. Deputat\u0131m\u0131z iclasda m\u00fczakir\u0259y\u0259 \u00e7\u0131xar\u0131lacaq m\u0259s\u0259l\u0259l\u0259r\u0259 \u00f6z m\u00fcnasib\u0259tini bildir\u0259c\u0259k. S\u0259f\u0259r&hellip;","_links":{"self":[{"href":"https:\/\/arantv.az\/index.php?rest_route=\/wp\/v2\/posts\/89010"}],"collection":[{"href":"https:\/\/arantv.az\/index.php?rest_route=\/wp\/v2\/posts"}],"about":[{"href":"https:\/\/arantv.az\/index.php?rest_route=\/wp\/v2\/types\/post"}],"author":[{"embeddable":true,"href":"https:\/\/arantv.az\/index.php?rest_route=\/wp\/v2\/users\/2"}],"replies":[{"embeddable":true,"href":"https:\/\/arantv.az\/index.php?rest_route=%2Fwp%2Fv2%2Fcomments&post=89010"}],"version-history":[{"count":0,"href":"https:\/\/arantv.az\/index.php?rest_route=\/wp\/v2\/posts\/89010\/revisions"}],"wp:featuredmedia":[{"embeddable":true,"href":"https:\/\/arantv.az\/index.php?rest_route=\/wp\/v2\/media\/89011"}],"wp:attachment":[{"href":"https:\/\/arantv.az\/index.php?rest_route=%2Fwp%2Fv2%2Fmedia&parent=89010"}],"wp:term":[{"taxonomy":"category","embeddable":true,"href":"https:\/\/arantv.az\/index.php?rest_route=%2Fwp%2Fv2%2Fcategories&post=89010"},{"taxonomy":"post_tag","embeddable":true,"href":"https:\/\/arantv.az\/index.php?rest_route=%2Fwp%2Fv2%2Ftags&post=89010"}],"curies":[{"name":"wp","href":"https:\/\/api.w.org\/{rel}","templated":true}]}}