{"id":89014,"date":"2019-10-25T10:21:21","date_gmt":"2019-10-25T07:21:21","guid":{"rendered":"http:\/\/arantv.az\/?p=89014"},"modified":"2019-10-25T10:21:21","modified_gmt":"2019-10-25T07:21:21","slug":"oqtay-%c9%99s%c9%99dov-az%c9%99rbaycan-avropa-surasinin-t%c9%99sisatlari-il%c9%99-konstruktiv-dialoqa-v%c9%99-%c9%99m%c9%99kdasliga-hazirdir","status":"publish","type":"post","link":"https:\/\/arantv.az\/?p=89014","title":{"rendered":"Oqtay \u018fs\u0259dov: &#8220;Az\u0259rbaycan Avropa \u015euras\u0131n\u0131n t\u0259sisatlar\u0131 il\u0259 konstruktiv dialoqa v\u0259 \u0259m\u0259kda\u015fl\u0131\u011fa haz\u0131rd\u0131r&#8221;"},"content":{"rendered":"<p>Strasburqda Avropa \u015euras\u0131na \u00fczv d\u00f6vl\u0259tl\u0259rin, el\u0259c\u0259 d\u0259 t\u0259r\u0259fda\u015f, m\u00fc\u015fahid\u0259\u00e7i qismind\u0259 i\u015ftirak ed\u0259n \u00f6lk\u0259l\u0259rin parlament s\u0259drl\u0259rinin konfrans\u0131nda Milli M\u0259clisin S\u0259dri Oqtay \u018fs\u0259dovun r\u0259hb\u0259rlik etdiyi n\u00fcmay\u0259nd\u0259 hey\u0259ti d\u0259 i\u015ftirak edib.<\/p>\n<p><strong>ARANTV.AZ<\/strong>\u00a0<a href=\"https:\/\/az.trend.az\/\" target=\"_blank\" rel=\"noopener\">Trend<\/a>-\u0259 istinad\u0259n x\u0259b\u0259r verir ki, Avropa \u015euras\u0131 Parlament Assambleyas\u0131nda (A\u015ePA) 60 \u00f6lk\u0259nin parlament r\u0259hb\u0259rl\u0259rinin i\u015ftirak etdiyi konfransda t\u0259\u015fkilat\u0131n s\u0259dri Lilian Mori Paskye v\u0259 Avropa \u015euras\u0131n\u0131n ba\u015f katibi Mariya Pes\u00e7inovi\u00e7 Buri\u00e7 \u00e7\u0131x\u0131\u015f edibl\u0259r.<\/p>\n<p>Sonra konfrans &#8220;\u00dcmumi Avropa evimiz: qar\u015f\u0131dak\u0131 70 il&#8221; m\u00f6vzusu \u0259traf\u0131nda debatlarla i\u015fini davam etdirib. Milli M\u0259clisin S\u0259dri Oqtay \u018fs\u0259dov konfransda m\u00f6vzu il\u0259 ba\u011fl\u0131 \u00e7\u0131x\u0131\u015f edib v\u0259 \u00f6lk\u0259mizl\u0259 t\u0259\u015fkilat aras\u0131nda m\u00fcnasib\u0259tl\u0259r\u0259 toxunub.<\/p>\n<p>Parlamentin S\u0259dri Az\u0259rbaycan\u0131n Avropa \u015euras\u0131n\u0131n insan h\u00fcquqlar\u0131 v\u0259 demokratiya sah\u0259sind\u0259 prinsip v\u0259 d\u0259y\u0259rl\u0259rini b\u00f6l\u00fc\u015fd\u00fcy\u00fcn\u00fc v\u0259 onlar\u0131n \u00f6lk\u0259mizd\u0259 realla\u015fmas\u0131 \u00fc\u00e7\u00fcn d\u00f6vl\u0259t ba\u015f\u00e7\u0131s\u0131 \u0130lham \u018fliyevin r\u0259hb\u0259rliyi il\u0259 m\u0259qs\u0259dy\u00f6nl\u00fc t\u0259dbirl\u0259r g\u00f6r\u00fcld\u00fcy\u00fcn\u00fc diqq\u0259t\u0259 \u00e7atd\u0131r\u0131b. Bildirib ki, \u00f6lk\u0259miz Avropa \u015euras\u0131n\u0131n t\u0259sisatlar\u0131, o c\u00fcml\u0259d\u0259n Parlament Assambleyas\u0131 il\u0259 konstruktiv dialoqa v\u0259 \u0259m\u0259kda\u015fl\u0131\u011fa haz\u0131rd\u0131r. S\u0259dr Avropa \u015euras\u0131n\u0131n Az\u0259rbaycan \u00fczr\u0259 2018-2019-cu ill\u0259ri \u0259hat\u0259 ed\u0259n F\u0259aliyy\u0259t Plan\u0131n\u0131n h\u0259yata ke\u00e7irilm\u0259si istiqam\u0259tind\u0259 ard\u0131c\u0131l t\u0259dbirl\u0259rin g\u00f6r\u00fcld\u00fcy\u00fcn\u00fc qeyd edib.<\/p>\n<p>Yetmi\u015f il \u0259vv\u0259l qit\u0259mizi s\u0131x birl\u0259\u015fm\u0259y\u0259 vadar ed\u0259n probleml\u0259rin s\u0131ras\u0131na bu g\u00fcn yenil\u0259rinin \u0259lav\u0259 olundu\u011funu diqq\u0259t\u0259 \u00e7atd\u0131ran Oqtay \u018fs\u0259dov bildirib ki, bunlar terrorizm, qanunsuz miqrasiya, dini d\u00f6z\u00fcms\u00fczl\u00fck v\u0259 ekstremizm, ksenofobiya, islamofobiya, etnik separatizm, d\u00f6vl\u0259t suverenliyinin pozulmas\u0131d\u0131r. M\u00fcasir d\u00f6vr\u00fcn \u00e7a\u011f\u0131r\u0131\u015flar\u0131 demokratik inki\u015faf probleml\u0259rini \u00f6t\u0259n d\u00f6vrd\u0259 t\u0259\u015f\u0259kk\u00fcl tapm\u0131\u015f paradiqma \u00e7\u0259r\u00e7iv\u0259sind\u0259 h\u0259ll etm\u0259yin m\u00fcmk\u00fcnl\u00fcy\u00fcn\u0259 \u0259sasl\u0131 \u015f\u00fcbh\u0259l\u0259r do\u011furur:<\/p>\n<p>&#8220;Hesab edir\u0259m ki, Avropa \u015euras\u0131n\u0131n g\u0259l\u0259c\u0259k f\u0259aliyy\u0259tind\u0259 t\u0259hl\u00fck\u0259sizliyin b\u00f6l\u00fcnm\u0259zliyi prinsipi \u0259sas g\u00f6t\u00fcr\u00fcl\u0259r\u0259k, m\u0259s\u0259l\u0259 bu c\u00fcr qoyulmal\u0131d\u0131r: demokratik inki\u015faf \u00fc\u00e7\u00fcn \u00e7\u0259tinlikl\u0259rin \u00fcst-\u00fcst\u0259 y\u0131\u011f\u0131lmas\u0131n\u0131 v\u0259 daha da artmas\u0131n\u0131 g\u00f6zl\u0259m\u0259d\u0259n, demokratik d\u0259y\u0259rl\u0259r sistemi \u00fc\u00e7\u00fcn t\u0259hdidl\u0259r do\u011furan t\u0259hl\u00fck\u0259sizlik probleml\u0259rin\u0259 vahid yana\u015fma formala\u015fd\u0131r\u0131lmal\u0131d\u0131r. M\u0259n x\u00fcsusil\u0259 d\u00f6vl\u0259tl\u0259rin suverenliyin\u0259, \u0259razi b\u00fct\u00f6vl\u00fcy\u00fcn\u0259 q\u0259sdl\u0259rin, etnik separatizmin, davakar mill\u0259t\u00e7iliyin qar\u015f\u0131s\u0131n\u0131n al\u0131nmas\u0131 z\u0259rur\u0259tini n\u0259z\u0259rd\u0259 tuturam. M\u0259s\u0259l\u0259nin m\u0259hz bu c\u00fcr qoyulu\u015funu Az\u0259rbaycan parlamentinin t\u0259msil\u00e7il\u0259ri d\u0259f\u0259l\u0259rl\u0259 m\u00fcxt\u0259lif y\u0131\u011f\u0131ncaqlarda t\u0259klif edibl\u0259r. Bunun s\u0259b\u0259bi ayd\u0131nd\u0131r: 25 ild\u0259n art\u0131qd\u0131r ki, Az\u0259rbaycan torpaqlar\u0131n\u0131n 20 faizi, y\u0259ni Da\u011fl\u0131q Qaraba\u011f b\u00f6lg\u0259si v\u0259 onun \u0259traf\u0131ndak\u0131 7 rayon Erm\u0259nistan silahl\u0131 q\u00fcvv\u0259l\u0259ri t\u0259r\u0259find\u0259n i\u015f\u011fal edilib. \u0130\u015f\u011fal edilmi\u015f zonada, el\u0259c\u0259 d\u0259 Erm\u0259nistan \u0259razisind\u0259 d\u0259h\u015f\u0259tli soyq\u0131r\u0131m\u0131 \u0259m\u0259ll\u0259ri il\u0259 m\u00fc\u015fayi\u0259t olunan etnik t\u0259mizl\u0259m\u0259 apar\u0131l\u0131b. Bir milyondan \u00e7ox az\u0259rbaycanl\u0131 do\u011fma yurdlar\u0131ndan qovulub, onlar\u0131n \u0130nsan h\u00fcquqlar\u0131 \u00fczr\u0259 Avropa Konvensiyas\u0131 il\u0259 t\u0259sbit edil\u0259n \u0259sas h\u00fcquqlar\u0131 v\u0259 fundamental azadl\u0131qlar\u0131 kobudcas\u0131na pozulub&#8221;.<\/p>\n<p>Buna b\u0259nz\u0259r probleml\u0259rin Avropan\u0131n b\u0259zi dig\u0259r d\u00f6vl\u0259tl\u0259rind\u0259 d\u0259 m\u00f6vcud oldu\u011funu xat\u0131rladan parlament S\u0259dri qeyd edib ki, bu m\u00fcnaqi\u015f\u0259l\u0259rin siyasi v\u0259 humanitar f\u0259sadlar\u0131, el\u0259c\u0259 d\u0259 onlar\u0131n yenid\u0259n alovlanmas\u0131 t\u0259hl\u00fck\u0259sinin daim m\u00f6vcud olmas\u0131 g\u00fccl\u00fc, demokratik v\u0259 inkl\u00fcziv c\u0259miyy\u0259tl\u0259r formala\u015fd\u0131rmaq istiqam\u0259tind\u0259 kollektiv s\u0259yl\u0259ri t\u0259hl\u00fck\u0259 alt\u0131na al\u0131r:<\/p>\n<p>&#8220;\u00c7a\u011f\u0131r\u0131\u015flar\u0131m\u0131zda h\u0259mi\u015f\u0259 bir fikr\u0259 \u0259saslanm\u0131\u015f\u0131q: d\u00f6vl\u0259tl\u0259rin t\u0259hl\u00fck\u0259sizliyin\u0259 q\u0259sd demokratiyaya v\u0259 qanunun aliliyin\u0259 q\u0259sddir. Eyni zamanda, bu ideyan\u0131 avropal\u0131 h\u0259mkarlar\u0131m\u0131z\u0131n diqq\u0259tin\u0259 \u00e7atd\u0131rmaq ist\u0259mi\u015fik ki, Avropa evinin b\u00fct\u00fcn sakinl\u0259ri aras\u0131nda daha b\u00f6y\u00fck v\u0259hd\u0259t\u0259 nail olma\u011fa can atan Avropa \u015euras\u0131n\u0131n \u00fczvl\u0259rind\u0259n birinin suverenliyin\u0259 v\u0259 \u0259razi b\u00fct\u00f6vl\u00fcy\u00fcn\u0259 q\u0259sd olunursa, bu, b\u00fct\u00fcn birliy\u0259, \u00fcmumi d\u0259y\u0259rl\u0259rimiz\u0259 q\u0259sd kimi qiym\u0259tl\u0259ndirilm\u0259lidir&#8221;.<\/p>\n<p>Bildirilib ki, \u0259srl\u0259rin s\u0131na\u011f\u0131ndan \u00e7\u0131xm\u0131\u015f Avropa d\u0259y\u0259rl\u0259ri, pl\u00fcralist demokratiya \u00fc\u00e7\u00fcn t\u0259hdidl\u0259rin aradan qald\u0131r\u0131lmas\u0131 istiqam\u0259tind\u0259 \u00f6lk\u0259l\u0259r olaraq f\u0259rdi m\u0259suliyy\u0259t, d\u00fcnyada demokratiyan\u0131n lokomotivi say\u0131lan Avropa \u015euras\u0131 olaraq is\u0259 kollektiv m\u0259suliyy\u0259t da\u015f\u0131y\u0131r\u0131q.<\/p>\n<p>Milli M\u0259clisin S\u0259dri qeyd edib ki, 70 il \u00f6nc\u0259 Avropa \u015euras\u0131n\u0131n t\u0259m\u0259l da\u015f\u0131n\u0131 qoyan uzaqg\u00f6r\u0259n insanlar \u0130kinci D\u00fcnya m\u00fcharib\u0259si, fa\u015fizm v\u0259 stalinizm d\u0259h\u015f\u0259tl\u0259rinin t\u0259krar olunmas\u0131n\u0131 istisna etm\u0259yin yolunu Avropa xalqlar\u0131n\u0131n \u00fcmumi evd\u0259 \u00fcmumi d\u0259y\u0259rl\u0259r \u0259traf\u0131nda birl\u0259\u015fm\u0259sind\u0259 g\u00f6r\u00fcrd\u00fcl\u0259r. Onlar haql\u0131 olaraq b\u0259yan edirdil\u0259r ki, Avropada daha b\u00f6y\u00fck v\u0259hd\u0259t\u0259 nail olma\u011f\u0131n \u0259n s\u0259m\u0259r\u0259li vasit\u0259si azadl\u0131q, demokratiya, insan h\u00fcquqlar\u0131n\u0131n m\u00fcdafi\u0259si v\u0259 qanunun aliliyi prinsipl\u0259rinin b\u0259rq\u0259rar edilm\u0259sidir. \u00d6t\u0259n d\u00f6vrd\u0259 Avropa d\u0259y\u0259rl\u0259rinin qorunmas\u0131 v\u0259 inki\u015faf\u0131 sah\u0259sind\u0259 b\u00f6y\u00fck u\u011furlar\u0131n \u0259ld\u0259 edilib, Avropa xalqlar\u0131n\u0131n \u00fcmumi h\u0259d\u0259fi olan ideallar\u0131n h\u0259yata ke\u00e7irilm\u0259si yolunda m\u00fch\u00fcm add\u0131mlar at\u0131l\u0131b. M\u00f6hk\u0259m dayaqlar \u00fcz\u0259rind\u0259 ucalan Avropa evi xalqlar\u0131n iqtisadi v\u0259 sosial t\u0259r\u0259qqisin\u0259, m\u00fcxt\u0259lif sah\u0259l\u0259rd\u0259 s\u0131x \u0259laq\u0259sin\u0259 v\u0259 qar\u015f\u0131l\u0131ql\u0131 \u0259m\u0259kda\u015fl\u0131\u011f\u0131na k\u00f6m\u0259k g\u00f6st\u0259rir.<\/p>\n<p>Demokratiyan\u0131n t\u0259\u015fviqinin, d\u0259st\u0259kl\u0259nm\u0259sinin v\u0259 m\u00fcdafi\u0259sinin h\u0259r bir Avropa d\u00f6vl\u0259tinin h\u00fcququ v\u0259 v\u0259zif\u0259si oldu\u011funu dey\u0259n Milli M\u0259clisin S\u0259dri birba\u015fa xalqdan mandat alan parlamentl\u0259rin \u00fcz\u0259rin\u0259 x\u00fcsusi m\u0259suliyy\u0259t d\u00fc\u015fd\u00fcy\u00fc bildirilib. Qeyd edib ki, parlament demokratik d\u0259y\u0259rl\u0259rin b\u0259rq\u0259rar edilm\u0259si v\u0259 yay\u0131lmas\u0131, insan h\u00fcquqlar\u0131na v\u0259 azadl\u0131qlar\u0131na etibarl\u0131 t\u0259minatlar yarad\u0131lmas\u0131 \u00fc\u00e7\u00fcn bilavasit\u0259 t\u0259bi\u0259tind\u0259n v\u0259 t\u0259yinat\u0131ndan ir\u0259li g\u0259l\u0259n s\u0259m\u0259r\u0259li mexanizml\u0259r\u0259 malikdir. C\u0259miyy\u0259td\u0259 m\u00f6vcud olan siyasi q\u00fcvv\u0259l\u0259rin, c\u0259r\u0259yanlar\u0131n v\u0259 fikirl\u0259rin b\u00fct\u00fcn spektrini \u0259ks etdir\u0259n, etnik m\u00fcxt\u0259lifliyi n\u0259z\u0259r\u0259 alan, gender balans\u0131 \u00fcz\u0259rind\u0259 qurulan parlament \u0259sl demokratiya v\u0259 siyasi m\u0259d\u0259niyy\u0259t m\u0259kt\u0259bidir. M\u00fcasir standartlara uy\u011fun qanunlar q\u0259bul etm\u0259kl\u0259 parlament siyasi azadl\u0131qlar\u0131n realla\u015fmas\u0131na, qanunun aliliyinin b\u0259rq\u0259rar edilm\u0259sin\u0259 z\u0259min yarad\u0131r. Parlamentin f\u0259aliyy\u0259tin\u0259 siyasi partiyalar\u0131n v\u0259 qeyri-h\u00f6kum\u0259t t\u0259\u015fkilatlar\u0131n\u0131n geni\u015f c\u0259lb edilm\u0259si, icra strukturlar\u0131 \u00fcz\u0259rind\u0259 t\u0259sirli n\u0259zar\u0259tin h\u0259yata ke\u00e7irilm\u0259si, c\u0259miyy\u0259tin v\u0259 d\u00f6vl\u0259tin \u00fcmumi maraq do\u011furan probleml\u0259rinin a\u00e7\u0131q m\u00fczakir\u0259 olunmas\u0131 demokratik t\u0259sisatlar\u0131 m\u00f6hk\u0259ml\u0259ndirir v\u0259 inki\u015faf etdirir:<\/p>\n<p>&#8220;T\u0259msil etdiyim Az\u0259rbaycan Respublikas\u0131 haqq\u0131nda onu s\u00f6yl\u0259y\u0259 bil\u0259r\u0259m ki, bizim \u00f6lk\u0259miz 19 ildir Avropa \u015euras\u0131n\u0131n \u00fczv\u00fcd\u00fcr v\u0259 t\u0259\u015fkilat\u0131n m\u00fcxt\u0259lif qurumlar\u0131n\u0131n f\u0259aliyy\u0259tind\u0259 yax\u0131ndan i\u015ftirak edir. Az\u0259rbaycan Avropa \u015euras\u0131na q\u0259bul edil\u0259rk\u0259n \u00fcz\u0259rin\u0259 g\u00f6t\u00fcrd\u00fcy\u00fc \u00e7oxsayl\u0131 \u00f6hd\u0259likl\u0259rin tam \u0259ks\u0259riyy\u0259tini icra edib, insan h\u00fcquqlar\u0131n\u0131n m\u00fcdafi\u0259sin\u0259 v\u0259 qanunun aliliyin\u0259 \u0259saslanan demokratik c\u0259miyy\u0259t quruculu\u011funda \u00f6n\u0259mli yol q\u0259t edib. Bu g\u00fcn\u0259d\u0259k Az\u0259rbaycan Avropa \u015euras\u0131n\u0131n 70-d\u0259n \u00e7ox konvensiya v\u0259 sazi\u015fin\u0259 qo\u015fulub&#8221;.<\/p>\n","protected":false},"excerpt":{"rendered":"<p>Strasburqda Avropa \u015euras\u0131na \u00fczv d\u00f6vl\u0259tl\u0259rin, el\u0259c\u0259 d\u0259 t\u0259r\u0259fda\u015f, m\u00fc\u015fahid\u0259\u00e7i qismind\u0259 i\u015ftirak ed\u0259n \u00f6lk\u0259l\u0259rin parlament s\u0259drl\u0259rinin konfrans\u0131nda Milli M\u0259clisin S\u0259dri Oqtay \u018fs\u0259dovun r\u0259hb\u0259rlik etdiyi n\u00fcmay\u0259nd\u0259 hey\u0259ti d\u0259 i\u015ftirak edib. ARANTV.AZ\u00a0Trend-\u0259 istinad\u0259n x\u0259b\u0259r verir ki, Avropa \u015euras\u0131 Parlament Assambleyas\u0131nda (A\u015ePA) 60 \u00f6lk\u0259nin parlament r\u0259hb\u0259rl\u0259rinin i\u015ftirak etdiyi konfransda t\u0259\u015fkilat\u0131n s\u0259dri Lilian Mori Paskye v\u0259 Avropa \u015euras\u0131n\u0131n ba\u015f katibi Mariya Pes\u00e7inovi\u00e7 Buri\u00e7 \u00e7\u0131x\u0131\u015f edibl\u0259r. Sonra konfrans &#8220;\u00dcmumi Avropa evimiz: qar\u015f\u0131dak\u0131 70 il&#8221; m\u00f6vzusu \u0259traf\u0131nda debatlarla i\u015fini davam etdirib. Milli M\u0259clisin S\u0259dri Oqtay \u018fs\u0259dov konfransda m\u00f6vzu il\u0259 ba\u011fl\u0131 \u00e7\u0131x\u0131\u015f edib v\u0259 \u00f6lk\u0259mizl\u0259 t\u0259\u015fkilat aras\u0131nda m\u00fcnasib\u0259tl\u0259r\u0259&hellip;<\/p>\n","protected":false},"author":2,"featured_media":89015,"comment_status":"closed","ping_status":"closed","sticky":false,"template":"","format":"standard","meta":{"om_disable_all_campaigns":false,"_monsterinsights_skip_tracking":false,"_monsterinsights_sitenote_active":false,"_monsterinsights_sitenote_note":"","_monsterinsights_sitenote_category":0},"categories":[4],"tags":[],"aioseo_notices":[],"gutentor_comment":0,"rttpg_featured_image_url":{"full":["https:\/\/arantv.az\/wp-content\/uploads\/2019\/10\/oqtay_esedov_052.jpg",800,600,false],"landscape":["https:\/\/arantv.az\/wp-content\/uploads\/2019\/10\/oqtay_esedov_052.jpg",800,600,false],"portraits":["https:\/\/arantv.az\/wp-content\/uploads\/2019\/10\/oqtay_esedov_052.jpg",800,600,false],"thumbnail":["https:\/\/arantv.az\/wp-content\/uploads\/2019\/10\/oqtay_esedov_052-150x150.jpg",150,150,true],"medium":["https:\/\/arantv.az\/wp-content\/uploads\/2019\/10\/oqtay_esedov_052-300x225.jpg",300,225,true],"large":["https:\/\/arantv.az\/wp-content\/uploads\/2019\/10\/oqtay_esedov_052.jpg",640,480,false],"1536x1536":["https:\/\/arantv.az\/wp-content\/uploads\/2019\/10\/oqtay_esedov_052.jpg",800,600,false],"2048x2048":["https:\/\/arantv.az\/wp-content\/uploads\/2019\/10\/oqtay_esedov_052.jpg",800,600,false],"post-thumbnail":["https:\/\/arantv.az\/wp-content\/uploads\/2019\/10\/oqtay_esedov_052-240x172.jpg",240,172,true],"advps-thumb-one":["https:\/\/arantv.az\/wp-content\/uploads\/2019\/10\/oqtay_esedov_052.jpg",800,600,false]},"rttpg_author":{"display_name":"V\u00fcsal Rafiqo\u011flu","author_link":"https:\/\/arantv.az\/?author=2"},"rttpg_comment":0,"rttpg_category":"<a href=\"https:\/\/arantv.az\/?cat=4\" rel=\"category\">Siyas\u0259t<\/a>","rttpg_excerpt":"Strasburqda Avropa \u015euras\u0131na \u00fczv d\u00f6vl\u0259tl\u0259rin, el\u0259c\u0259 d\u0259 t\u0259r\u0259fda\u015f, m\u00fc\u015fahid\u0259\u00e7i qismind\u0259 i\u015ftirak ed\u0259n \u00f6lk\u0259l\u0259rin parlament s\u0259drl\u0259rinin konfrans\u0131nda Milli M\u0259clisin S\u0259dri Oqtay \u018fs\u0259dovun r\u0259hb\u0259rlik etdiyi n\u00fcmay\u0259nd\u0259 hey\u0259ti d\u0259 i\u015ftirak edib. ARANTV.AZ\u00a0Trend-\u0259 istinad\u0259n x\u0259b\u0259r verir ki, Avropa \u015euras\u0131 Parlament Assambleyas\u0131nda (A\u015ePA) 60 \u00f6lk\u0259nin parlament r\u0259hb\u0259rl\u0259rinin i\u015ftirak etdiyi konfransda t\u0259\u015fkilat\u0131n s\u0259dri Lilian Mori Paskye v\u0259 Avropa \u015euras\u0131n\u0131n ba\u015f katibi&hellip;","_links":{"self":[{"href":"https:\/\/arantv.az\/index.php?rest_route=\/wp\/v2\/posts\/89014"}],"collection":[{"href":"https:\/\/arantv.az\/index.php?rest_route=\/wp\/v2\/posts"}],"about":[{"href":"https:\/\/arantv.az\/index.php?rest_route=\/wp\/v2\/types\/post"}],"author":[{"embeddable":true,"href":"https:\/\/arantv.az\/index.php?rest_route=\/wp\/v2\/users\/2"}],"replies":[{"embeddable":true,"href":"https:\/\/arantv.az\/index.php?rest_route=%2Fwp%2Fv2%2Fcomments&post=89014"}],"version-history":[{"count":0,"href":"https:\/\/arantv.az\/index.php?rest_route=\/wp\/v2\/posts\/89014\/revisions"}],"wp:featuredmedia":[{"embeddable":true,"href":"https:\/\/arantv.az\/index.php?rest_route=\/wp\/v2\/media\/89015"}],"wp:attachment":[{"href":"https:\/\/arantv.az\/index.php?rest_route=%2Fwp%2Fv2%2Fmedia&parent=89014"}],"wp:term":[{"taxonomy":"category","embeddable":true,"href":"https:\/\/arantv.az\/index.php?rest_route=%2Fwp%2Fv2%2Fcategories&post=89014"},{"taxonomy":"post_tag","embeddable":true,"href":"https:\/\/arantv.az\/index.php?rest_route=%2Fwp%2Fv2%2Ftags&post=89014"}],"curies":[{"name":"wp","href":"https:\/\/api.w.org\/{rel}","templated":true}]}}