{"id":89018,"date":"2019-10-25T10:22:42","date_gmt":"2019-10-25T07:22:42","guid":{"rendered":"http:\/\/arantv.az\/?p=89018"},"modified":"2019-10-25T10:22:42","modified_gmt":"2019-10-25T07:22:42","slug":"deputat-az%c9%99rbaycanin-idar%c9%99etm%c9%99-sistemi-tarixind%c9%99-yeni-era-baslayir","status":"publish","type":"post","link":"https:\/\/arantv.az\/?p=89018","title":{"rendered":"Deputat: &#8220;Az\u0259rbaycan\u0131n idar\u0259etm\u0259 sistemi tarixind\u0259 yeni era ba\u015flay\u0131r&#8221;"},"content":{"rendered":"<p><strong>&#8220;Az\u0259rbaycanda idar\u0259etm\u0259 sistemi haz\u0131rda kadr islahatlar\u0131 m\u0259rh\u0259l\u0259sind\u0259dir. Bu, h\u0259yata ke\u00e7iril\u0259n islahatlar\u0131n n\u00f6vb\u0259ti keyfiyy\u0259t m\u0259rh\u0259l\u0259si kimi qiym\u0259tl\u0259ndirilm\u0259lidir&#8221;.<\/strong><\/p>\n<p><strong>ARANTV.AZ<\/strong>\u00a0 x\u0259b\u0259r verir ki, bunu\u00a0<a href=\"https:\/\/az.trend.az\/\" target=\"_blank\" rel=\"noopener\">Trend<\/a>-\u0259 Milli M\u0259clisin Yeni Az\u0259rbaycan Partiyas\u0131ndan olan deputat\u0131 Hikm\u0259t Babao\u011flu deyib.<\/p>\n<p>Deputat\u0131n s\u00f6zl\u0259rin\u0259 g\u00f6r\u0259, islahatlar\u0131 z\u0259ruri ed\u0259n \u015f\u0259rtl\u0259r Az\u0259rbaycan iqtisadiyyat\u0131n\u0131n inki\u015faf\u0131, onun b\u00f6y\u00fcm\u0259si v\u0259 qlobal iqtisadi \u00e7a\u011f\u0131r\u0131\u015flar kontekstind\u0259 \u00f6z\u00fcn\u00fc yenil\u0259m\u0259si v\u0259 r\u0259qab\u0259t qabiliyy\u0259tini art\u0131rmas\u0131 kontekstind\u0259 q\u0259bul edilm\u0259lidir:<\/p>\n<p>&#8220;\u015e\u00fcbh\u0259siz ki, kadr islahatlar\u0131n\u0131 z\u0259ruri ed\u0259n \u015f\u0259rtl\u0259r art\u0131q formala\u015fm\u0131\u015fd\u0131 v\u0259 bu, indiy\u0259 q\u0259d\u0259r h\u0259yata ke\u00e7iril\u0259n islahatlar\u0131n n\u0259tic\u0259sind\u0259 m\u00fcmk\u00fcn olub. \u00c7\u00fcnki daha s\u0259m\u0259r\u0259li kadrlar v\u0259 idar\u0259etm\u0259ni t\u0259\u015fkil etm\u0259k \u00fc\u00e7\u00fcn ilk n\u00f6vb\u0259d\u0259 konstitusional v\u0259 qanunvericilik \u0259saslar\u0131 yarad\u0131l\u0131b. Eyni zamanda, struktural islahatlar n\u0259tic\u0259sind\u0259 idar\u0259etm\u0259nin effektivliyini t\u0259min etm\u0259k \u00fc\u00e7\u00fcn yeni qurumlar da formala\u015f\u0131b&#8221;.<\/p>\n<p>Deputat vur\u011fulay\u0131b ki, kadr islahatlar\u0131 paralel olaraq h\u0259m d\u0259 struktur islahatlar\u0131 il\u0259 m\u00fc\u015fahid\u0259 olunur:<\/p>\n<p>&#8220;Az\u0259rbaycan Respublikas\u0131n\u0131n Prezidenti islahatlar\u0131n haz\u0131rk\u0131 m\u0259rh\u0259l\u0259sind\u0259n dan\u0131\u015fark\u0259n qeyri-neft sektorunun inki\u015faf\u0131 il\u0259 ba\u011fl\u0131 m\u0259s\u0259l\u0259l\u0259r\u0259 d\u0259 toxundu. Qeyd etdi ki, \u015f\u0259rti olaraq haz\u0131rk\u0131 m\u0259rh\u0259l\u0259ni postneft m\u0259rh\u0259l\u0259si adland\u0131rmaq olar. Ona g\u00f6r\u0259 yox ki, bizim neftimiz qurtar\u0131r. Ona g\u00f6r\u0259 ki, biz \u00fcmumiyy\u0259tl\u0259 neft faktorunu iqtisadiyyatda unutmal\u0131y\u0131q. G\u00f6r\u00fcnd\u00fcy\u00fc kimi, bu yeni f\u0259ls\u0259f\u0259nin \u00f6z\u00fc Az\u0259rbaycan iqtisadiyyat\u0131n\u0131n \u00f6n\u00fcnd\u0259 yeni \u00fcf\u00fcql\u0259r a\u00e7\u0131r. Eyni zamanda, t\u0259yin olunan yeni kadrlar\u0131n qar\u015f\u0131s\u0131nda y\u0259ni v\u0259zif\u0259l\u0259r m\u00fc\u0259yy\u0259nl\u0259\u015fdirir ki, bu da olduqca vacibdir.<\/p>\n<p>Prezident \u0130lham \u018fliyev inzibati resurslar\u0131n v\u0259 m\u0259murlar\u0131n iqtisadi prosesl\u0259r\u0259 m\u00fcdaxil\u0259sini d\u0259 s\u0259rt \u015f\u0259kild\u0259 t\u0259nqid etdi. D\u00fc\u015f\u00fcn\u00fcr\u0259m ki, bu da \u0259slind\u0259 n\u0259tic\u0259 \u00e7\u0131xarmal\u0131 olan qurumlar v\u0259 m\u0259murlar \u00fc\u00e7\u00fcn olduqca ciddi bir x\u0259b\u0259rdarl\u0131q idi. H\u0259m\u00e7inin, Prezident iqtisadi m\u00fcst\u0259qilliyin \u0259sas faktor v\u0259 d\u00f6vl\u0259tin siyasi m\u00fcst\u0259qilliyini t\u0259min ed\u0259n ba\u015fl\u0131ca m\u0259qam oldu\u011funu diqq\u0259t\u0259 \u00e7atd\u0131rd\u0131.<\/p>\n<p>\u0130qtisadiyyat\u0131 olmayan, \u00f6z-\u00f6z\u00fcn\u00fc t\u0259min ed\u0259 bilm\u0259y\u0259n \u00f6lk\u0259 \u015f\u00fcbh\u0259siz ki, beyn\u0259lxalq m\u00fcnasib\u0259tl\u0259r sistemind\u0259 d\u0259 m\u00fc\u0259yy\u0259n t\u0259zyiql\u0259r\u0259 m\u0259ruz qal\u0131r. Bu da eyni zamanda \u00f6lk\u0259nin m\u00fcst\u0259qil siyasi q\u0259rarlar q\u0259bul etm\u0259k m\u0259qs\u0259dl\u0259rini m\u0259hdudla\u015fd\u0131r\u0131r&#8221;.<\/p>\n<p>H.Babao\u011flu xat\u0131rlad\u0131b ki, indiki v\u0259ziyy\u0259td\u0259 \u0259razi b\u00fct\u00f6vl\u00fcy\u00fcn\u00fc b\u0259rpa etm\u0259yi \u0259sas h\u0259d\u0259f kimi m\u00fc\u0259yy\u0259nl\u0259\u015fdir\u0259n Az\u0259rbaycan \u00fc\u00e7\u00fcn m\u00fcst\u0259qillik olduqca vacibdir. Bu m\u0259nada da siyasi m\u00fcst\u0259qillik birba\u015fa iqtisadi must\u0259qillikl\u0259 ba\u011fl\u0131d\u0131r:<\/p>\n<p>&#8220;B\u00fct\u00f6vl\u00fckd\u0259 is\u0259 haz\u0131rda Az\u0259rbaycanda idar\u0259etm\u0259 sistemi tarixind\u0259 yeni n\u0259sil d\u0259yi\u015fm\u0259si ba\u015f verir, yeni era ba\u015flay\u0131r. \u0130st\u0259r-ist\u0259m\u0259z ya\u015f\u0131n g\u0259tirdiyi bir m\u00fchafiz\u0259karl\u0131q, bir l\u0259nglik var ki, bu, t\u0259bii bir prosesdir. Ona g\u00f6r\u0259 d\u0259 vaxta\u015f\u0131r\u0131 milli inki\u015faf\u0131 t\u0259min etm\u0259k \u00fc\u00e7\u00fcn bu c\u00fcr islahatlar\u0131n apar\u0131lmas\u0131 vacib \u015f\u0259rt kimi ortaya \u00e7\u0131x\u0131r ki, Az\u0259rbaycanda da haz\u0131rda bu proses ba\u015f verir. Bu proses t\u0259kc\u0259 indiki tarixi m\u0259rh\u0259l\u0259d\u0259 keyfiyy\u0259t d\u0259yi\u015fikliyi yaratmaqla bitm\u0259y\u0259c\u0259k, \u00f6z\u00fcnd\u0259n sonrak\u0131 m\u0259rh\u0259l\u0259nin d\u0259 inki\u015faf\u0131n\u0131 t\u0259min etm\u0259k \u00fc\u00e7\u00fcn fundamental \u0259saslar yaradacaq&#8221;.<\/p>\n","protected":false},"excerpt":{"rendered":"<p>&#8220;Az\u0259rbaycanda idar\u0259etm\u0259 sistemi haz\u0131rda kadr islahatlar\u0131 m\u0259rh\u0259l\u0259sind\u0259dir. Bu, h\u0259yata ke\u00e7iril\u0259n islahatlar\u0131n n\u00f6vb\u0259ti keyfiyy\u0259t m\u0259rh\u0259l\u0259si kimi qiym\u0259tl\u0259ndirilm\u0259lidir&#8221;. ARANTV.AZ\u00a0 x\u0259b\u0259r verir ki, bunu\u00a0Trend-\u0259 Milli M\u0259clisin Yeni Az\u0259rbaycan Partiyas\u0131ndan olan deputat\u0131 Hikm\u0259t Babao\u011flu deyib. Deputat\u0131n s\u00f6zl\u0259rin\u0259 g\u00f6r\u0259, islahatlar\u0131 z\u0259ruri ed\u0259n \u015f\u0259rtl\u0259r Az\u0259rbaycan iqtisadiyyat\u0131n\u0131n inki\u015faf\u0131, onun b\u00f6y\u00fcm\u0259si v\u0259 qlobal iqtisadi \u00e7a\u011f\u0131r\u0131\u015flar kontekstind\u0259 \u00f6z\u00fcn\u00fc yenil\u0259m\u0259si v\u0259 r\u0259qab\u0259t qabiliyy\u0259tini art\u0131rmas\u0131 kontekstind\u0259 q\u0259bul edilm\u0259lidir: &#8220;\u015e\u00fcbh\u0259siz ki, kadr islahatlar\u0131n\u0131 z\u0259ruri ed\u0259n \u015f\u0259rtl\u0259r art\u0131q formala\u015fm\u0131\u015fd\u0131 v\u0259 bu, indiy\u0259 q\u0259d\u0259r h\u0259yata ke\u00e7iril\u0259n islahatlar\u0131n n\u0259tic\u0259sind\u0259 m\u00fcmk\u00fcn olub. \u00c7\u00fcnki daha s\u0259m\u0259r\u0259li kadrlar v\u0259 idar\u0259etm\u0259ni t\u0259\u015fkil etm\u0259k \u00fc\u00e7\u00fcn ilk n\u00f6vb\u0259d\u0259 konstitusional v\u0259 qanunvericilik&hellip;<\/p>\n","protected":false},"author":2,"featured_media":89019,"comment_status":"closed","ping_status":"closed","sticky":false,"template":"","format":"standard","meta":{"om_disable_all_campaigns":false,"_monsterinsights_skip_tracking":false,"_monsterinsights_sitenote_active":false,"_monsterinsights_sitenote_note":"","_monsterinsights_sitenote_category":0},"categories":[19],"tags":[],"aioseo_notices":[],"gutentor_comment":0,"rttpg_featured_image_url":{"full":["https:\/\/arantv.az\/wp-content\/uploads\/2019\/10\/796966.jpg",800,600,false],"landscape":["https:\/\/arantv.az\/wp-content\/uploads\/2019\/10\/796966.jpg",800,600,false],"portraits":["https:\/\/arantv.az\/wp-content\/uploads\/2019\/10\/796966.jpg",800,600,false],"thumbnail":["https:\/\/arantv.az\/wp-content\/uploads\/2019\/10\/796966-150x150.jpg",150,150,true],"medium":["https:\/\/arantv.az\/wp-content\/uploads\/2019\/10\/796966-300x225.jpg",300,225,true],"large":["https:\/\/arantv.az\/wp-content\/uploads\/2019\/10\/796966.jpg",640,480,false],"1536x1536":["https:\/\/arantv.az\/wp-content\/uploads\/2019\/10\/796966.jpg",800,600,false],"2048x2048":["https:\/\/arantv.az\/wp-content\/uploads\/2019\/10\/796966.jpg",800,600,false],"post-thumbnail":["https:\/\/arantv.az\/wp-content\/uploads\/2019\/10\/796966-240x172.jpg",240,172,true],"advps-thumb-one":["https:\/\/arantv.az\/wp-content\/uploads\/2019\/10\/796966.jpg",800,600,false]},"rttpg_author":{"display_name":"V\u00fcsal Rafiqo\u011flu","author_link":"https:\/\/arantv.az\/?author=2"},"rttpg_comment":0,"rttpg_category":"<a href=\"https:\/\/arantv.az\/?cat=19\" rel=\"category\">G\u00fcnd\u0259m<\/a>","rttpg_excerpt":"&#8220;Az\u0259rbaycanda idar\u0259etm\u0259 sistemi haz\u0131rda kadr islahatlar\u0131 m\u0259rh\u0259l\u0259sind\u0259dir. Bu, h\u0259yata ke\u00e7iril\u0259n islahatlar\u0131n n\u00f6vb\u0259ti keyfiyy\u0259t m\u0259rh\u0259l\u0259si kimi qiym\u0259tl\u0259ndirilm\u0259lidir&#8221;. ARANTV.AZ\u00a0 x\u0259b\u0259r verir ki, bunu\u00a0Trend-\u0259 Milli M\u0259clisin Yeni Az\u0259rbaycan Partiyas\u0131ndan olan deputat\u0131 Hikm\u0259t Babao\u011flu deyib. Deputat\u0131n s\u00f6zl\u0259rin\u0259 g\u00f6r\u0259, islahatlar\u0131 z\u0259ruri ed\u0259n \u015f\u0259rtl\u0259r Az\u0259rbaycan iqtisadiyyat\u0131n\u0131n inki\u015faf\u0131, onun b\u00f6y\u00fcm\u0259si v\u0259 qlobal iqtisadi \u00e7a\u011f\u0131r\u0131\u015flar kontekstind\u0259 \u00f6z\u00fcn\u00fc yenil\u0259m\u0259si v\u0259 r\u0259qab\u0259t qabiliyy\u0259tini art\u0131rmas\u0131 kontekstind\u0259&hellip;","_links":{"self":[{"href":"https:\/\/arantv.az\/index.php?rest_route=\/wp\/v2\/posts\/89018"}],"collection":[{"href":"https:\/\/arantv.az\/index.php?rest_route=\/wp\/v2\/posts"}],"about":[{"href":"https:\/\/arantv.az\/index.php?rest_route=\/wp\/v2\/types\/post"}],"author":[{"embeddable":true,"href":"https:\/\/arantv.az\/index.php?rest_route=\/wp\/v2\/users\/2"}],"replies":[{"embeddable":true,"href":"https:\/\/arantv.az\/index.php?rest_route=%2Fwp%2Fv2%2Fcomments&post=89018"}],"version-history":[{"count":0,"href":"https:\/\/arantv.az\/index.php?rest_route=\/wp\/v2\/posts\/89018\/revisions"}],"wp:featuredmedia":[{"embeddable":true,"href":"https:\/\/arantv.az\/index.php?rest_route=\/wp\/v2\/media\/89019"}],"wp:attachment":[{"href":"https:\/\/arantv.az\/index.php?rest_route=%2Fwp%2Fv2%2Fmedia&parent=89018"}],"wp:term":[{"taxonomy":"category","embeddable":true,"href":"https:\/\/arantv.az\/index.php?rest_route=%2Fwp%2Fv2%2Fcategories&post=89018"},{"taxonomy":"post_tag","embeddable":true,"href":"https:\/\/arantv.az\/index.php?rest_route=%2Fwp%2Fv2%2Ftags&post=89018"}],"curies":[{"name":"wp","href":"https:\/\/api.w.org\/{rel}","templated":true}]}}