{"id":89038,"date":"2019-10-25T10:42:12","date_gmt":"2019-10-25T07:42:12","guid":{"rendered":"http:\/\/arantv.az\/?p=89038"},"modified":"2019-10-25T10:42:12","modified_gmt":"2019-10-25T07:42:12","slug":"agdamda-55-yasli-qadini-kafed%c9%99-q%c9%99tl%c9%99-yetirdil%c9%99r","status":"publish","type":"post","link":"https:\/\/arantv.az\/?p=89038","title":{"rendered":"A\u011fdamda 55 ya\u015fl\u0131 qad\u0131n\u0131 kafed\u0259 q\u0259tl\u0259 yetirdil\u0259r"},"content":{"rendered":"<p>A\u011fdamda kafed\u0259 qad\u0131n\u0131 \u00f6ld\u00fcrm\u0259kd\u0259 t\u0259qsirli bilin\u0259n Ayaz Quliyevin cinay\u0259t i\u015fi \u00fczr\u0259 ibtidai istintaq ba\u015fa \u00e7at\u0131b.<br \/>\n<b>ARANTV.AZ\u00a0<\/b> &#8220;\u00d6lk\u0259.Az&#8221;a istinad\u0259n x\u0259b\u0259r verir ki, cinay\u0259t i\u015finin materiallar\u0131 bax\u0131lmas\u0131 \u00fc\u00e7\u00fcn G\u0259nc\u0259 A\u011f\u0131r Cinay\u0259tl\u0259r M\u0259hk\u0259m\u0259sin\u0259 g\u00f6nd\u0259rilib.<\/p>\n<p>Cinay\u0259t i\u015fi hakim Faiq Mahmudovun icraat\u0131na verilib.<\/p>\n<div id=\"AdviadNativeVideo0\" class=\"AdviadNativeVideo\"><\/div>\n<p>Qeyd ed\u0259k ki, hadis\u0259 bu il rayonun \u018fhm\u0259da\u011fal\u0131 k\u0259ndind\u0259 yerl\u0259\u015f\u0259n &#8220;Bal\u0131q\u00e7\u0131l\u0131q&#8221; kafesind\u0259 qeyd\u0259 al\u0131n\u0131b.<\/p>\n<p>Ki\u015fi qad\u0131n\u0131n ba\u015f\u0131na, b\u0259d\u0259nin\u0259 \u00e7ox sayl\u0131 b\u0131\u00e7aq z\u0259rb\u0259l\u0259ri endir\u0259r\u0259k q\u0259tl\u0259 yetirib.<br \/>\n\u00d6ld\u00fcr\u00fcl\u0259n qad\u0131n\u0131n rayonun Yuxar\u0131 Y\u00fczba\u015f\u0131l\u0131 k\u0259nd sakini, 1964-c\u00fc il t\u0259v\u0259ll\u00fcdl\u00fc V\u0259liyeva T\u0259z\u0259g\u00fcl Sad\u0131q q\u0131z\u0131 oldu\u011fu m\u0259lum olub. O h\u0259myerlisi Evo\u011flu k\u0259nd sakini 1969-cu il t\u0259v\u0259ll\u00fcdl\u00fc Quliyev Ayaz K\u0259rim o\u011flu t\u0259r\u0259find\u0259n b\u0131\u00e7aqlan\u0131b.<\/p>\n<p>T\u0259z\u0259g\u00fcl V\u0259liyeva A\u011fdam M\u0259rk\u0259zi Rayon X\u0259st\u0259xanas\u0131na, daha sonra B\u0259rd\u0259 rayon m\u0259rk\u0259zi x\u0259st\u0259xanas\u0131na \u00e7atd\u0131r\u0131lsa da, h\u0259kiml\u0259r onun h\u0259yat\u0131n\u0131 xilas ed\u0259 bilm\u0259yibl\u0259r.<\/p>\n<p>A. Quliyev bar\u0259sind\u0259 Cinay\u0259t M\u0259c\u0259ll\u0259sinin 120.1-ci (q\u0259sd\u0259n adam \u00f6ld\u00fcrm\u0259) madd\u0259si il\u0259 cinay\u0259t i\u015fi ba\u015flan\u0131l\u0131b.<\/p>\n","protected":false},"excerpt":{"rendered":"<p>A\u011fdamda kafed\u0259 qad\u0131n\u0131 \u00f6ld\u00fcrm\u0259kd\u0259 t\u0259qsirli bilin\u0259n Ayaz Quliyevin cinay\u0259t i\u015fi \u00fczr\u0259 ibtidai istintaq ba\u015fa \u00e7at\u0131b. ARANTV.AZ\u00a0 &#8220;\u00d6lk\u0259.Az&#8221;a istinad\u0259n x\u0259b\u0259r verir ki, cinay\u0259t i\u015finin materiallar\u0131 bax\u0131lmas\u0131 \u00fc\u00e7\u00fcn G\u0259nc\u0259 A\u011f\u0131r Cinay\u0259tl\u0259r M\u0259hk\u0259m\u0259sin\u0259 g\u00f6nd\u0259rilib. Cinay\u0259t i\u015fi hakim Faiq Mahmudovun icraat\u0131na verilib. Qeyd ed\u0259k ki, hadis\u0259 bu il rayonun \u018fhm\u0259da\u011fal\u0131 k\u0259ndind\u0259 yerl\u0259\u015f\u0259n &#8220;Bal\u0131q\u00e7\u0131l\u0131q&#8221; kafesind\u0259 qeyd\u0259 al\u0131n\u0131b. Ki\u015fi qad\u0131n\u0131n ba\u015f\u0131na, b\u0259d\u0259nin\u0259 \u00e7ox sayl\u0131 b\u0131\u00e7aq z\u0259rb\u0259l\u0259ri endir\u0259r\u0259k q\u0259tl\u0259 yetirib. \u00d6ld\u00fcr\u00fcl\u0259n qad\u0131n\u0131n rayonun Yuxar\u0131 Y\u00fczba\u015f\u0131l\u0131 k\u0259nd sakini, 1964-c\u00fc il t\u0259v\u0259ll\u00fcdl\u00fc V\u0259liyeva T\u0259z\u0259g\u00fcl Sad\u0131q q\u0131z\u0131 oldu\u011fu m\u0259lum olub. O h\u0259myerlisi Evo\u011flu k\u0259nd sakini 1969-cu il t\u0259v\u0259ll\u00fcdl\u00fc Quliyev Ayaz&hellip;<\/p>\n","protected":false},"author":2,"featured_media":89039,"comment_status":"closed","ping_status":"closed","sticky":false,"template":"","format":"standard","meta":{"om_disable_all_campaigns":false,"_monsterinsights_skip_tracking":false,"_monsterinsights_sitenote_active":false,"_monsterinsights_sitenote_note":"","_monsterinsights_sitenote_category":0},"categories":[3],"tags":[],"aioseo_notices":[],"gutentor_comment":0,"rttpg_featured_image_url":{"full":["https:\/\/arantv.az\/wp-content\/uploads\/2019\/10\/1571988967qadin.jpg",549,332,false],"landscape":["https:\/\/arantv.az\/wp-content\/uploads\/2019\/10\/1571988967qadin.jpg",549,332,false],"portraits":["https:\/\/arantv.az\/wp-content\/uploads\/2019\/10\/1571988967qadin.jpg",549,332,false],"thumbnail":["https:\/\/arantv.az\/wp-content\/uploads\/2019\/10\/1571988967qadin-150x150.jpg",150,150,true],"medium":["https:\/\/arantv.az\/wp-content\/uploads\/2019\/10\/1571988967qadin-300x181.jpg",300,181,true],"large":["https:\/\/arantv.az\/wp-content\/uploads\/2019\/10\/1571988967qadin.jpg",549,332,false],"1536x1536":["https:\/\/arantv.az\/wp-content\/uploads\/2019\/10\/1571988967qadin.jpg",549,332,false],"2048x2048":["https:\/\/arantv.az\/wp-content\/uploads\/2019\/10\/1571988967qadin.jpg",549,332,false],"post-thumbnail":["https:\/\/arantv.az\/wp-content\/uploads\/2019\/10\/1571988967qadin-240x172.jpg",240,172,true],"advps-thumb-one":["https:\/\/arantv.az\/wp-content\/uploads\/2019\/10\/1571988967qadin.jpg",549,332,false]},"rttpg_author":{"display_name":"V\u00fcsal Rafiqo\u011flu","author_link":"https:\/\/arantv.az\/?author=2"},"rttpg_comment":0,"rttpg_category":"<a href=\"https:\/\/arantv.az\/?cat=3\" rel=\"category\">Kriminal<\/a>","rttpg_excerpt":"A\u011fdamda kafed\u0259 qad\u0131n\u0131 \u00f6ld\u00fcrm\u0259kd\u0259 t\u0259qsirli bilin\u0259n Ayaz Quliyevin cinay\u0259t i\u015fi \u00fczr\u0259 ibtidai istintaq ba\u015fa \u00e7at\u0131b. ARANTV.AZ\u00a0 &#8220;\u00d6lk\u0259.Az&#8221;a istinad\u0259n x\u0259b\u0259r verir ki, cinay\u0259t i\u015finin materiallar\u0131 bax\u0131lmas\u0131 \u00fc\u00e7\u00fcn G\u0259nc\u0259 A\u011f\u0131r Cinay\u0259tl\u0259r M\u0259hk\u0259m\u0259sin\u0259 g\u00f6nd\u0259rilib. Cinay\u0259t i\u015fi hakim Faiq Mahmudovun icraat\u0131na verilib. Qeyd ed\u0259k ki, hadis\u0259 bu il rayonun \u018fhm\u0259da\u011fal\u0131 k\u0259ndind\u0259 yerl\u0259\u015f\u0259n &#8220;Bal\u0131q\u00e7\u0131l\u0131q&#8221; kafesind\u0259 qeyd\u0259 al\u0131n\u0131b. Ki\u015fi qad\u0131n\u0131n ba\u015f\u0131na,&hellip;","_links":{"self":[{"href":"https:\/\/arantv.az\/index.php?rest_route=\/wp\/v2\/posts\/89038"}],"collection":[{"href":"https:\/\/arantv.az\/index.php?rest_route=\/wp\/v2\/posts"}],"about":[{"href":"https:\/\/arantv.az\/index.php?rest_route=\/wp\/v2\/types\/post"}],"author":[{"embeddable":true,"href":"https:\/\/arantv.az\/index.php?rest_route=\/wp\/v2\/users\/2"}],"replies":[{"embeddable":true,"href":"https:\/\/arantv.az\/index.php?rest_route=%2Fwp%2Fv2%2Fcomments&post=89038"}],"version-history":[{"count":0,"href":"https:\/\/arantv.az\/index.php?rest_route=\/wp\/v2\/posts\/89038\/revisions"}],"wp:featuredmedia":[{"embeddable":true,"href":"https:\/\/arantv.az\/index.php?rest_route=\/wp\/v2\/media\/89039"}],"wp:attachment":[{"href":"https:\/\/arantv.az\/index.php?rest_route=%2Fwp%2Fv2%2Fmedia&parent=89038"}],"wp:term":[{"taxonomy":"category","embeddable":true,"href":"https:\/\/arantv.az\/index.php?rest_route=%2Fwp%2Fv2%2Fcategories&post=89038"},{"taxonomy":"post_tag","embeddable":true,"href":"https:\/\/arantv.az\/index.php?rest_route=%2Fwp%2Fv2%2Ftags&post=89038"}],"curies":[{"name":"wp","href":"https:\/\/api.w.org\/{rel}","templated":true}]}}