{"id":89058,"date":"2019-10-25T11:16:40","date_gmt":"2019-10-25T08:16:40","guid":{"rendered":"http:\/\/arantv.az\/?p=89058"},"modified":"2019-10-25T11:16:40","modified_gmt":"2019-10-25T08:16:40","slug":"maduro-bakida-s%c9%99rt-danisdi-birt%c9%99r%c9%99fli-sanksiyalar-t%c9%99tbiq-edilir","status":"publish","type":"post","link":"https:\/\/arantv.az\/?p=89058","title":{"rendered":"Maduro Bak\u0131da s\u0259rt dan\u0131\u015fd\u0131: \u201cBirt\u0259r\u0259fli sanksiyalar t\u0259tbiq edilir\u201d"},"content":{"rendered":"<p>Venesuela Prezidenti Nikolas Maduro Bak\u0131da ke\u00e7iril\u0259n Qo\u015fulmama H\u0259r\u0259kat\u0131n\u0131n D\u00f6vl\u0259t v\u0259 H\u00f6kum\u0259t Ba\u015f\u00e7\u0131lar\u0131n\u0131n Zirv\u0259 G\u00f6r\u00fc\u015f\u00fcnd\u0259 \u00f6lk\u0259sinin aqressiya il\u0259 \u00fczl\u0259\u015fdiyini deyib.<\/p>\n<p><strong>ARANTV.AZ<\/strong>-\u0131n m\u0259lumat\u0131na g\u00f6r\u0259, N.Maduro bildirib ki, b\u0259zi aqressiv v\u0259 z\u0259rb\u0259 vuran h\u0259r\u0259k\u0259tl\u0259r pisl\u0259nilm\u0259lidir.<\/p>\n<p>\u201cBeyn\u0259lxalq h\u00fcquq bir k\u0259narda qal\u0131r, birt\u0259r\u0259fli sanksiyalar t\u0259tbiq edilir. Venesuela xalq\u0131 olaraq, biz s\u00fclh t\u0259r\u0259fdar\u0131y\u0131q. Bizim irad\u0259miz \u0259yilm\u0259zdir. Biz g\u0259l\u0259c\u0259y\u0259 \u00fcmidl\u0259 bax\u0131r\u0131q\u201d, &#8211; dey\u0259 N.Maduro \u0259lav\u0259 edib.<\/p>\n<div id=\"AdviadNativeVideo0\" class=\"AdviadNativeVideo\"><\/div>\n<p>Venesuela lideri Qo\u015fulmama H\u0259r\u0259kat\u0131na \u00fczv \u00f6lk\u0259l\u0259r aras\u0131nda h\u0259mr\u0259yliyin g\u00fccl\u0259ndirilm\u0259si \u00fc\u00e7\u00fcn \u00e7a\u011f\u0131r\u0131\u015f edib.<\/p>\n<p>N.Maduro F\u0259l\u0259stin m\u00fcnaqi\u015f\u0259sinin h\u0259llinin vacibliyini vur\u011fulay\u0131b. O bildirib ki, bu g\u00fcn \u015eimali Koreya, Venesuela, Kubaya m\u0259hdudla\u015fd\u0131r\u0131c\u0131 t\u0259dbirl\u0259r t\u0259tbiq edilir.<\/p>\n<p>N.Maduro qeyd edib ki, b\u0259zi g\u00fccl\u0259r d\u00f6vl\u0259t \u00e7evrili\u015fi h\u0259yata ke\u00e7irm\u0259k ist\u0259yirl\u0259r.<\/p>\n<p>\u201cBunu Venesuelada da h\u0259yata ke\u00e7irm\u0259k ist\u0259dil\u0259r. Qo\u015fulmama H\u0259r\u0259kat\u0131na \u00fczv \u00f6lk\u0259l\u0259r buna qar\u015f\u0131 birl\u0259\u015fm\u0259lidir. \u0130mperialist d\u00f6vl\u0259tl\u0259r h\u0259mi\u015f\u0259 \u00e7al\u0131\u015facaq ki, bizim kimi \u00f6lk\u0259l\u0259r\u0259 aqressiya t\u0259tbiq etsinl\u0259r. Biz Qo\u015fulmama H\u0259r\u0259kat\u0131na s\u0259drliyi \u015f\u0259r\u0259fl\u0259 yerin\u0259 yetirmi\u015fik. Biz \u00e7oxt\u0259r\u0259fli iqtisadi m\u00fcharib\u0259nin i\u00e7\u0259risind\u0259yik\u201d.<\/p>\n<p>N.Maduro deyib ki, h\u0259r g\u00fcn d\u00f6vl\u0259tl\u0259r yeni-yeni \u00e7a\u011f\u0131r\u0131\u015flarla \u00fczl\u0259\u015fir.<\/p>\n<p>\u201cBiz tarixi m\u0259qam ya\u015fay\u0131r\u0131q, buna g\u00f6r\u0259 d\u0259 birg\u0259 m\u00fcqavim\u0259t g\u00f6st\u0259rm\u0259liyik. BMT-y\u0259 \u00fczv \u00f6lk\u0259l\u0259rin b\u00f6y\u00fck bir hiss\u0259si Qo\u015fulmama H\u0259r\u0259kat\u0131nda t\u0259msil olunur. Bizim \u00f6lk\u0259l\u0259rin \u0259razisind\u0259 b\u00f6y\u00fck s\u0259rv\u0259tl\u0259r var. Amma imperialist g\u00fccl\u0259r biz\u0259 qar\u015f\u0131 \u00f6z m\u0259qs\u0259dl\u0259rind\u0259n \u0259l \u00e7\u0259kmir.<\/p>\n<p>Biz bu v\u0259 ya dig\u0259r d\u00f6vl\u0259tin d\u00fcnyada polis rolunu oynamas\u0131na imkan verm\u0259m\u0259liyik. Biz imperialist yana\u015fmadan qurturmal\u0131y\u0131q. \u0130mperialist \u00f6lk\u0259l\u0259rin maraqlar\u0131 bizim \u00f6lk\u0259l\u0259r\u0259 yoxsulluq, acl\u0131q g\u0259tirib.<\/p>\n<p>Biz BMT-nin nizamnam\u0259sin\u0259, beyn\u0259lxalq h\u00fcquqa \u0259saslanmal\u0131y\u0131q. \u0130mperialist d\u00f6vl\u0259tl\u0259r bizl\u0259r\u0259 qar\u015f\u0131 \u00e7irkin kampaniyalar apar\u0131r v\u0259 bundan \u0259n \u00e7ox xalqlar\u0131m\u0131z \u0259ziyy\u0259t \u00e7\u0259kir. Biz buna qar\u015f\u0131 \u00e7\u0131x\u0131\u015f etm\u0259liyik v\u0259 d\u0259yi\u015fiklikl\u0259r\u0259 nail olmal\u0131y\u0131q\u201d.\u00a0 oxu.az<\/p>\n","protected":false},"excerpt":{"rendered":"<p>Venesuela Prezidenti Nikolas Maduro Bak\u0131da ke\u00e7iril\u0259n Qo\u015fulmama H\u0259r\u0259kat\u0131n\u0131n D\u00f6vl\u0259t v\u0259 H\u00f6kum\u0259t Ba\u015f\u00e7\u0131lar\u0131n\u0131n Zirv\u0259 G\u00f6r\u00fc\u015f\u00fcnd\u0259 \u00f6lk\u0259sinin aqressiya il\u0259 \u00fczl\u0259\u015fdiyini deyib. ARANTV.AZ-\u0131n m\u0259lumat\u0131na g\u00f6r\u0259, N.Maduro bildirib ki, b\u0259zi aqressiv v\u0259 z\u0259rb\u0259 vuran h\u0259r\u0259k\u0259tl\u0259r pisl\u0259nilm\u0259lidir. \u201cBeyn\u0259lxalq h\u00fcquq bir k\u0259narda qal\u0131r, birt\u0259r\u0259fli sanksiyalar t\u0259tbiq edilir. Venesuela xalq\u0131 olaraq, biz s\u00fclh t\u0259r\u0259fdar\u0131y\u0131q. Bizim irad\u0259miz \u0259yilm\u0259zdir. Biz g\u0259l\u0259c\u0259y\u0259 \u00fcmidl\u0259 bax\u0131r\u0131q\u201d, &#8211; dey\u0259 N.Maduro \u0259lav\u0259 edib. Venesuela lideri Qo\u015fulmama H\u0259r\u0259kat\u0131na \u00fczv \u00f6lk\u0259l\u0259r aras\u0131nda h\u0259mr\u0259yliyin g\u00fccl\u0259ndirilm\u0259si \u00fc\u00e7\u00fcn \u00e7a\u011f\u0131r\u0131\u015f edib. N.Maduro F\u0259l\u0259stin m\u00fcnaqi\u015f\u0259sinin h\u0259llinin vacibliyini vur\u011fulay\u0131b. O bildirib ki, bu g\u00fcn \u015eimali Koreya, Venesuela, Kubaya m\u0259hdudla\u015fd\u0131r\u0131c\u0131 t\u0259dbirl\u0259r t\u0259tbiq edilir.&hellip;<\/p>\n","protected":false},"author":2,"featured_media":89059,"comment_status":"closed","ping_status":"closed","sticky":false,"template":"","format":"standard","meta":{"om_disable_all_campaigns":false,"_monsterinsights_skip_tracking":false,"_monsterinsights_sitenote_active":false,"_monsterinsights_sitenote_note":"","_monsterinsights_sitenote_category":0},"categories":[19],"tags":[],"aioseo_notices":[],"gutentor_comment":0,"rttpg_featured_image_url":{"full":["https:\/\/arantv.az\/wp-content\/uploads\/2019\/10\/21E96F22-109B-4331-B69E-5461BC1CA16F.jpg",620,411,false],"landscape":["https:\/\/arantv.az\/wp-content\/uploads\/2019\/10\/21E96F22-109B-4331-B69E-5461BC1CA16F.jpg",620,411,false],"portraits":["https:\/\/arantv.az\/wp-content\/uploads\/2019\/10\/21E96F22-109B-4331-B69E-5461BC1CA16F.jpg",620,411,false],"thumbnail":["https:\/\/arantv.az\/wp-content\/uploads\/2019\/10\/21E96F22-109B-4331-B69E-5461BC1CA16F-150x150.jpg",150,150,true],"medium":["https:\/\/arantv.az\/wp-content\/uploads\/2019\/10\/21E96F22-109B-4331-B69E-5461BC1CA16F-300x199.jpg",300,199,true],"large":["https:\/\/arantv.az\/wp-content\/uploads\/2019\/10\/21E96F22-109B-4331-B69E-5461BC1CA16F.jpg",620,411,false],"1536x1536":["https:\/\/arantv.az\/wp-content\/uploads\/2019\/10\/21E96F22-109B-4331-B69E-5461BC1CA16F.jpg",620,411,false],"2048x2048":["https:\/\/arantv.az\/wp-content\/uploads\/2019\/10\/21E96F22-109B-4331-B69E-5461BC1CA16F.jpg",620,411,false],"post-thumbnail":["https:\/\/arantv.az\/wp-content\/uploads\/2019\/10\/21E96F22-109B-4331-B69E-5461BC1CA16F-240x172.jpg",240,172,true],"advps-thumb-one":["https:\/\/arantv.az\/wp-content\/uploads\/2019\/10\/21E96F22-109B-4331-B69E-5461BC1CA16F.jpg",620,411,false]},"rttpg_author":{"display_name":"V\u00fcsal Rafiqo\u011flu","author_link":"https:\/\/arantv.az\/?author=2"},"rttpg_comment":0,"rttpg_category":"<a href=\"https:\/\/arantv.az\/?cat=19\" rel=\"category\">G\u00fcnd\u0259m<\/a>","rttpg_excerpt":"Venesuela Prezidenti Nikolas Maduro Bak\u0131da ke\u00e7iril\u0259n Qo\u015fulmama H\u0259r\u0259kat\u0131n\u0131n D\u00f6vl\u0259t v\u0259 H\u00f6kum\u0259t Ba\u015f\u00e7\u0131lar\u0131n\u0131n Zirv\u0259 G\u00f6r\u00fc\u015f\u00fcnd\u0259 \u00f6lk\u0259sinin aqressiya il\u0259 \u00fczl\u0259\u015fdiyini deyib. ARANTV.AZ-\u0131n m\u0259lumat\u0131na g\u00f6r\u0259, N.Maduro bildirib ki, b\u0259zi aqressiv v\u0259 z\u0259rb\u0259 vuran h\u0259r\u0259k\u0259tl\u0259r pisl\u0259nilm\u0259lidir. \u201cBeyn\u0259lxalq h\u00fcquq bir k\u0259narda qal\u0131r, birt\u0259r\u0259fli sanksiyalar t\u0259tbiq edilir. Venesuela xalq\u0131 olaraq, biz s\u00fclh t\u0259r\u0259fdar\u0131y\u0131q. Bizim irad\u0259miz \u0259yilm\u0259zdir. Biz g\u0259l\u0259c\u0259y\u0259 \u00fcmidl\u0259 bax\u0131r\u0131q\u201d, &#8211;&hellip;","_links":{"self":[{"href":"https:\/\/arantv.az\/index.php?rest_route=\/wp\/v2\/posts\/89058"}],"collection":[{"href":"https:\/\/arantv.az\/index.php?rest_route=\/wp\/v2\/posts"}],"about":[{"href":"https:\/\/arantv.az\/index.php?rest_route=\/wp\/v2\/types\/post"}],"author":[{"embeddable":true,"href":"https:\/\/arantv.az\/index.php?rest_route=\/wp\/v2\/users\/2"}],"replies":[{"embeddable":true,"href":"https:\/\/arantv.az\/index.php?rest_route=%2Fwp%2Fv2%2Fcomments&post=89058"}],"version-history":[{"count":0,"href":"https:\/\/arantv.az\/index.php?rest_route=\/wp\/v2\/posts\/89058\/revisions"}],"wp:featuredmedia":[{"embeddable":true,"href":"https:\/\/arantv.az\/index.php?rest_route=\/wp\/v2\/media\/89059"}],"wp:attachment":[{"href":"https:\/\/arantv.az\/index.php?rest_route=%2Fwp%2Fv2%2Fmedia&parent=89058"}],"wp:term":[{"taxonomy":"category","embeddable":true,"href":"https:\/\/arantv.az\/index.php?rest_route=%2Fwp%2Fv2%2Fcategories&post=89058"},{"taxonomy":"post_tag","embeddable":true,"href":"https:\/\/arantv.az\/index.php?rest_route=%2Fwp%2Fv2%2Ftags&post=89058"}],"curies":[{"name":"wp","href":"https:\/\/api.w.org\/{rel}","templated":true}]}}