{"id":89067,"date":"2019-10-25T11:21:16","date_gmt":"2019-10-25T08:21:16","guid":{"rendered":"http:\/\/arantv.az\/?p=89067"},"modified":"2019-10-25T11:21:16","modified_gmt":"2019-10-25T08:21:16","slug":"sabirabad-sakininin-meyiti-avtomobilind%c9%99-tapildi","status":"publish","type":"post","link":"https:\/\/arantv.az\/?p=89067","title":{"rendered":"Sabirabad sakininin meyiti avtomobilind\u0259 tap\u0131ld\u0131"},"content":{"rendered":"<p>Faktla ba\u011fl\u0131 ara\u015fd\u0131rma apar\u0131l\u0131r<\/p>\n<p>\u015eirvanda avtomobild\u0259n meyit tap\u0131l\u0131b.<\/p>\n<div id=\"AdviadNativeVideo0\" class=\"AdviadNativeVideo\"><\/div>\n<p>Hadis\u0259 \u015eirvan \u015f\u0259h\u0259ri, 1 May k\u00fc\u00e7\u0259sind\u0259 qeyd\u0259 al\u0131n\u0131b. Sabirabad sakini, 1961-ci il t\u0259v\u0259ll\u00fcdl\u00fc \u018fliyev Alik \u018fjd\u0259r o\u011flunun meyiti \u00f6z\u00fcn\u0259 m\u0259xsus &#8220;VAZ-2106&#8221; markal\u0131, 10 EF 878 d\u00f6vl\u0259t n\u00f6mr\u0259 ni\u015fanl\u0131 avtomobild\u0259 a\u015fkar edilib.<\/p>\n<p>Faktla ba\u011fl\u0131 ara\u015fd\u0131rma apar\u0131l\u0131r.<\/p>\n<p>AzNews.az<\/p>\n","protected":false},"excerpt":{"rendered":"<p>Faktla ba\u011fl\u0131 ara\u015fd\u0131rma apar\u0131l\u0131r \u015eirvanda avtomobild\u0259n meyit tap\u0131l\u0131b. Hadis\u0259 \u015eirvan \u015f\u0259h\u0259ri, 1 May k\u00fc\u00e7\u0259sind\u0259 qeyd\u0259 al\u0131n\u0131b. Sabirabad sakini, 1961-ci il t\u0259v\u0259ll\u00fcdl\u00fc \u018fliyev Alik \u018fjd\u0259r o\u011flunun meyiti \u00f6z\u00fcn\u0259 m\u0259xsus &#8220;VAZ-2106&#8221; markal\u0131, 10 EF 878 d\u00f6vl\u0259t n\u00f6mr\u0259 ni\u015fanl\u0131 avtomobild\u0259 a\u015fkar edilib. Faktla ba\u011fl\u0131 ara\u015fd\u0131rma apar\u0131l\u0131r. AzNews.az<\/p>\n","protected":false},"author":2,"featured_media":89068,"comment_status":"closed","ping_status":"closed","sticky":false,"template":"","format":"standard","meta":{"om_disable_all_campaigns":false,"_monsterinsights_skip_tracking":false,"_monsterinsights_sitenote_active":false,"_monsterinsights_sitenote_note":"","_monsterinsights_sitenote_category":0},"categories":[5],"tags":[],"aioseo_notices":[],"gutentor_comment":0,"rttpg_featured_image_url":{"full":["https:\/\/arantv.az\/wp-content\/uploads\/2019\/10\/525db2a3cdd9a6c.jpg",549,320,false],"landscape":["https:\/\/arantv.az\/wp-content\/uploads\/2019\/10\/525db2a3cdd9a6c.jpg",549,320,false],"portraits":["https:\/\/arantv.az\/wp-content\/uploads\/2019\/10\/525db2a3cdd9a6c.jpg",549,320,false],"thumbnail":["https:\/\/arantv.az\/wp-content\/uploads\/2019\/10\/525db2a3cdd9a6c-150x150.jpg",150,150,true],"medium":["https:\/\/arantv.az\/wp-content\/uploads\/2019\/10\/525db2a3cdd9a6c-300x175.jpg",300,175,true],"large":["https:\/\/arantv.az\/wp-content\/uploads\/2019\/10\/525db2a3cdd9a6c.jpg",549,320,false],"1536x1536":["https:\/\/arantv.az\/wp-content\/uploads\/2019\/10\/525db2a3cdd9a6c.jpg",549,320,false],"2048x2048":["https:\/\/arantv.az\/wp-content\/uploads\/2019\/10\/525db2a3cdd9a6c.jpg",549,320,false],"post-thumbnail":["https:\/\/arantv.az\/wp-content\/uploads\/2019\/10\/525db2a3cdd9a6c-240x172.jpg",240,172,true],"advps-thumb-one":["https:\/\/arantv.az\/wp-content\/uploads\/2019\/10\/525db2a3cdd9a6c.jpg",549,320,false]},"rttpg_author":{"display_name":"V\u00fcsal Rafiqo\u011flu","author_link":"https:\/\/arantv.az\/?author=2"},"rttpg_comment":0,"rttpg_category":"<a href=\"https:\/\/arantv.az\/?cat=5\" rel=\"category\">Hadis\u0259<\/a>","rttpg_excerpt":"Faktla ba\u011fl\u0131 ara\u015fd\u0131rma apar\u0131l\u0131r \u015eirvanda avtomobild\u0259n meyit tap\u0131l\u0131b. Hadis\u0259 \u015eirvan \u015f\u0259h\u0259ri, 1 May k\u00fc\u00e7\u0259sind\u0259 qeyd\u0259 al\u0131n\u0131b. Sabirabad sakini, 1961-ci il t\u0259v\u0259ll\u00fcdl\u00fc \u018fliyev Alik \u018fjd\u0259r o\u011flunun meyiti \u00f6z\u00fcn\u0259 m\u0259xsus &#8220;VAZ-2106&#8221; markal\u0131, 10 EF 878 d\u00f6vl\u0259t n\u00f6mr\u0259 ni\u015fanl\u0131 avtomobild\u0259 a\u015fkar edilib. Faktla ba\u011fl\u0131 ara\u015fd\u0131rma apar\u0131l\u0131r. AzNews.az","_links":{"self":[{"href":"https:\/\/arantv.az\/index.php?rest_route=\/wp\/v2\/posts\/89067"}],"collection":[{"href":"https:\/\/arantv.az\/index.php?rest_route=\/wp\/v2\/posts"}],"about":[{"href":"https:\/\/arantv.az\/index.php?rest_route=\/wp\/v2\/types\/post"}],"author":[{"embeddable":true,"href":"https:\/\/arantv.az\/index.php?rest_route=\/wp\/v2\/users\/2"}],"replies":[{"embeddable":true,"href":"https:\/\/arantv.az\/index.php?rest_route=%2Fwp%2Fv2%2Fcomments&post=89067"}],"version-history":[{"count":0,"href":"https:\/\/arantv.az\/index.php?rest_route=\/wp\/v2\/posts\/89067\/revisions"}],"wp:featuredmedia":[{"embeddable":true,"href":"https:\/\/arantv.az\/index.php?rest_route=\/wp\/v2\/media\/89068"}],"wp:attachment":[{"href":"https:\/\/arantv.az\/index.php?rest_route=%2Fwp%2Fv2%2Fmedia&parent=89067"}],"wp:term":[{"taxonomy":"category","embeddable":true,"href":"https:\/\/arantv.az\/index.php?rest_route=%2Fwp%2Fv2%2Fcategories&post=89067"},{"taxonomy":"post_tag","embeddable":true,"href":"https:\/\/arantv.az\/index.php?rest_route=%2Fwp%2Fv2%2Ftags&post=89067"}],"curies":[{"name":"wp","href":"https:\/\/api.w.org\/{rel}","templated":true}]}}