{"id":89075,"date":"2019-10-25T11:30:16","date_gmt":"2019-10-25T08:30:16","guid":{"rendered":"http:\/\/arantv.az\/?p=89075"},"modified":"2019-10-25T11:30:16","modified_gmt":"2019-10-25T08:30:16","slug":"bakida-karxanada-faci%c9%99-58-yasli-kisi-kombaynin-altinda-qalib-oldu","status":"publish","type":"post","link":"https:\/\/arantv.az\/?p=89075","title":{"rendered":"Bak\u0131da karxanada faci\u0259 &#8211; 58 ya\u015fl\u0131 ki\u015fi kombayn\u0131n alt\u0131nda qal\u0131b \u00f6ld\u00fc"},"content":{"rendered":"<p>Bak\u0131da da\u015f karxanas\u0131nda \u00f6l\u00fcm hadis\u0259si ba\u015f verib.<\/p>\n<p><strong>ARANTV.AZ<\/strong>\u00a0<a href=\"https:\/\/az.trend.az\/\" target=\"_blank\" rel=\"noopener\">Trend<\/a>-\u0259 istinad\u0259n x\u0259b\u0259r verir ki, hadis\u0259 paytaxt\u0131n Qarada\u011f rayonunda qeyd\u0259 al\u0131n\u0131b.<\/p>\n<p>Qarada\u011f rayonu, S\u0259ng\u0259\u00e7al q\u0259s\u0259b\u0259sind\u0259, &#8220;Karvansaray&#8221; \u0259h\u0259ng da\u015f\u0131 karxanas\u0131nda kombayn\u00e7\u0131-ma\u015finist i\u015fl\u0259y\u0259n \u015e\u0259ki rayon sakini, 1961-ci il t\u0259v\u0259ll\u00fcdl\u00fc \u018fhm\u0259dov \u018fli\u0259fs\u0259r Qurban o\u011flu karxanada i\u015fl\u0259y\u0259rk\u0259n i\u015fl\u0259tdiyi da\u015fk\u0259s\u0259n kombayn relsd\u0259n \u00e7\u0131x\u0131b.<\/p>\n<p>\u018f.\u018fhm\u0259dov kombayn\u0131 relsin \u00fcz\u0259rin\u0259 qald\u0131rmaq ist\u0259y\u0259rk\u0259n h\u0259min kombayn h\u0259r\u0259k\u0259t\u0259 g\u0259lib. N\u0259tic\u0259d\u0259 \u018f.\u018fhm\u0259dov kombayn\u0131n alt\u0131nda qalaraq \u00f6l\u00fcb.<\/p>\n<div>\n<div id=\"AdviadNativeVideo0\" class=\"AdviadNativeVideo\"><\/div>\n<\/div>\n<p>Faktla ba\u011fl\u0131 Qarada\u011f Rayon Prokurorlu\u011funda cinay\u0259t i\u015fi ba\u015flan\u0131b.<\/p>\n","protected":false},"excerpt":{"rendered":"<p>Bak\u0131da da\u015f karxanas\u0131nda \u00f6l\u00fcm hadis\u0259si ba\u015f verib. ARANTV.AZ\u00a0Trend-\u0259 istinad\u0259n x\u0259b\u0259r verir ki, hadis\u0259 paytaxt\u0131n Qarada\u011f rayonunda qeyd\u0259 al\u0131n\u0131b. Qarada\u011f rayonu, S\u0259ng\u0259\u00e7al q\u0259s\u0259b\u0259sind\u0259, &#8220;Karvansaray&#8221; \u0259h\u0259ng da\u015f\u0131 karxanas\u0131nda kombayn\u00e7\u0131-ma\u015finist i\u015fl\u0259y\u0259n \u015e\u0259ki rayon sakini, 1961-ci il t\u0259v\u0259ll\u00fcdl\u00fc \u018fhm\u0259dov \u018fli\u0259fs\u0259r Qurban o\u011flu karxanada i\u015fl\u0259y\u0259rk\u0259n i\u015fl\u0259tdiyi da\u015fk\u0259s\u0259n kombayn relsd\u0259n \u00e7\u0131x\u0131b. \u018f.\u018fhm\u0259dov kombayn\u0131 relsin \u00fcz\u0259rin\u0259 qald\u0131rmaq ist\u0259y\u0259rk\u0259n h\u0259min kombayn h\u0259r\u0259k\u0259t\u0259 g\u0259lib. N\u0259tic\u0259d\u0259 \u018f.\u018fhm\u0259dov kombayn\u0131n alt\u0131nda qalaraq \u00f6l\u00fcb. Faktla ba\u011fl\u0131 Qarada\u011f Rayon Prokurorlu\u011funda cinay\u0259t i\u015fi ba\u015flan\u0131b.<\/p>\n","protected":false},"author":2,"featured_media":89076,"comment_status":"closed","ping_status":"closed","sticky":false,"template":"","format":"standard","meta":{"om_disable_all_campaigns":false,"_monsterinsights_skip_tracking":false,"_monsterinsights_sitenote_active":false,"_monsterinsights_sitenote_note":"","_monsterinsights_sitenote_category":0},"categories":[5],"tags":[],"aioseo_notices":[],"gutentor_comment":0,"rttpg_featured_image_url":{"full":["https:\/\/arantv.az\/wp-content\/uploads\/2019\/10\/meyid_00111-1.jpg",482,361,false],"landscape":["https:\/\/arantv.az\/wp-content\/uploads\/2019\/10\/meyid_00111-1.jpg",482,361,false],"portraits":["https:\/\/arantv.az\/wp-content\/uploads\/2019\/10\/meyid_00111-1.jpg",482,361,false],"thumbnail":["https:\/\/arantv.az\/wp-content\/uploads\/2019\/10\/meyid_00111-1-150x150.jpg",150,150,true],"medium":["https:\/\/arantv.az\/wp-content\/uploads\/2019\/10\/meyid_00111-1-300x225.jpg",300,225,true],"large":["https:\/\/arantv.az\/wp-content\/uploads\/2019\/10\/meyid_00111-1.jpg",482,361,false],"1536x1536":["https:\/\/arantv.az\/wp-content\/uploads\/2019\/10\/meyid_00111-1.jpg",482,361,false],"2048x2048":["https:\/\/arantv.az\/wp-content\/uploads\/2019\/10\/meyid_00111-1.jpg",482,361,false],"post-thumbnail":["https:\/\/arantv.az\/wp-content\/uploads\/2019\/10\/meyid_00111-1-240x172.jpg",240,172,true],"advps-thumb-one":["https:\/\/arantv.az\/wp-content\/uploads\/2019\/10\/meyid_00111-1.jpg",482,361,false]},"rttpg_author":{"display_name":"V\u00fcsal Rafiqo\u011flu","author_link":"https:\/\/arantv.az\/?author=2"},"rttpg_comment":0,"rttpg_category":"<a href=\"https:\/\/arantv.az\/?cat=5\" rel=\"category\">Hadis\u0259<\/a>","rttpg_excerpt":"Bak\u0131da da\u015f karxanas\u0131nda \u00f6l\u00fcm hadis\u0259si ba\u015f verib. ARANTV.AZ\u00a0Trend-\u0259 istinad\u0259n x\u0259b\u0259r verir ki, hadis\u0259 paytaxt\u0131n Qarada\u011f rayonunda qeyd\u0259 al\u0131n\u0131b. Qarada\u011f rayonu, S\u0259ng\u0259\u00e7al q\u0259s\u0259b\u0259sind\u0259, &#8220;Karvansaray&#8221; \u0259h\u0259ng da\u015f\u0131 karxanas\u0131nda kombayn\u00e7\u0131-ma\u015finist i\u015fl\u0259y\u0259n \u015e\u0259ki rayon sakini, 1961-ci il t\u0259v\u0259ll\u00fcdl\u00fc \u018fhm\u0259dov \u018fli\u0259fs\u0259r Qurban o\u011flu karxanada i\u015fl\u0259y\u0259rk\u0259n i\u015fl\u0259tdiyi da\u015fk\u0259s\u0259n kombayn relsd\u0259n \u00e7\u0131x\u0131b. \u018f.\u018fhm\u0259dov kombayn\u0131 relsin \u00fcz\u0259rin\u0259 qald\u0131rmaq ist\u0259y\u0259rk\u0259n h\u0259min kombayn h\u0259r\u0259k\u0259t\u0259 g\u0259lib.&hellip;","_links":{"self":[{"href":"https:\/\/arantv.az\/index.php?rest_route=\/wp\/v2\/posts\/89075"}],"collection":[{"href":"https:\/\/arantv.az\/index.php?rest_route=\/wp\/v2\/posts"}],"about":[{"href":"https:\/\/arantv.az\/index.php?rest_route=\/wp\/v2\/types\/post"}],"author":[{"embeddable":true,"href":"https:\/\/arantv.az\/index.php?rest_route=\/wp\/v2\/users\/2"}],"replies":[{"embeddable":true,"href":"https:\/\/arantv.az\/index.php?rest_route=%2Fwp%2Fv2%2Fcomments&post=89075"}],"version-history":[{"count":0,"href":"https:\/\/arantv.az\/index.php?rest_route=\/wp\/v2\/posts\/89075\/revisions"}],"wp:featuredmedia":[{"embeddable":true,"href":"https:\/\/arantv.az\/index.php?rest_route=\/wp\/v2\/media\/89076"}],"wp:attachment":[{"href":"https:\/\/arantv.az\/index.php?rest_route=%2Fwp%2Fv2%2Fmedia&parent=89075"}],"wp:term":[{"taxonomy":"category","embeddable":true,"href":"https:\/\/arantv.az\/index.php?rest_route=%2Fwp%2Fv2%2Fcategories&post=89075"},{"taxonomy":"post_tag","embeddable":true,"href":"https:\/\/arantv.az\/index.php?rest_route=%2Fwp%2Fv2%2Ftags&post=89075"}],"curies":[{"name":"wp","href":"https:\/\/api.w.org\/{rel}","templated":true}]}}