{"id":89096,"date":"2019-10-25T12:17:52","date_gmt":"2019-10-25T09:17:52","guid":{"rendered":"http:\/\/arantv.az\/?p=89096"},"modified":"2019-10-25T12:17:52","modified_gmt":"2019-10-25T09:17:52","slug":"prezident-bmt-nin-f%c9%99aliyy%c9%99tind%c9%99-islahatlara-boyuk-ehtiyac-var","status":"publish","type":"post","link":"https:\/\/arantv.az\/?p=89096","title":{"rendered":"Prezident: BMT-nin f\u0259aliyy\u0259tind\u0259 islahatlara b\u00f6y\u00fck ehtiyac var"},"content":{"rendered":"<p>Az\u0259rbaycan 2011-ci ild\u0259n Qo\u015fulmama H\u0259r\u0259kat\u0131na \u00fczv olub. Az\u0259rbaycan Qo\u015fulmama H\u0259r\u0259kat\u0131na \u00fczv oldu\u011fu q\u0131sa m\u00fcdd\u0259t \u0259rzind\u0259 beyn\u0259lxalq h\u00fcququn norma v\u0259 prinsipl\u0259rini q\u0259tiyy\u0259tl\u0259 m\u00fcdafi\u0259 edib.<\/p>\n<p><b>ARANTV.AZ\u00a0<\/b> x\u0259b\u0259r verir ki, bunu Az\u0259rbaycan Prezidenti \u0130lham \u018fliyev Qo\u015fulmama H\u0259r\u0259kat\u0131n\u0131n D\u00f6vl\u0259t v\u0259 H\u00f6kum\u0259t Ba\u015f\u00e7\u0131lar\u0131n\u0131n 18-ci Zirv\u0259 G\u00f6r\u00fc\u015f\u00fcnd\u0259 deyib.<\/p>\n<p>Prezident bildirib ki, H\u0259r\u0259kata \u00fczv olan \u00f6lk\u0259l\u0259rin D\u00f6vl\u0259t v\u0259 H\u00f6kum\u0259t Ba\u015f\u00e7\u0131lar\u0131n\u0131n 2016-c\u0131 ild\u0259 ke\u00e7irilmi\u015f 17-ci Zirv\u0259 G\u00f6r\u00fc\u015f\u00fcnd\u0259 n\u00f6vb\u0259ti g\u00f6r\u00fc\u015f\u00fcn Bak\u0131da ke\u00e7irilm\u0259si v\u0259 2019-2022-ci ill\u0259rd\u0259 s\u0259drliyin Az\u0259rbaycana h\u0259val\u0259 edilm\u0259si bar\u0259d\u0259 yekdil q\u0259rar q\u0259bul edilib.<\/p>\n<div id=\"AdviadNativeVideo0\" class=\"AdviadNativeVideo\"><\/div>\n<p>\u201cBu, \u00f6lk\u0259miz\u0259 g\u00f6st\u0259ril\u0259n h\u00f6rm\u0259tin, inam\u0131n v\u0259 etimad\u0131n t\u0259zah\u00fcr\u00fcd\u00fcr. Bunu d\u00fcnya \u00f6lk\u0259l\u0259rinin \u0259ks\u0259riyy\u0259tini \u00f6z s\u0131ralar\u0131nda birl\u0259\u015fdir\u0259n Qo\u015fulmama H\u0259r\u0259kat\u0131n\u0131n bizim siyas\u0259timiz\u0259 verdiyi d\u0259st\u0259k kimi qiym\u0259tl\u0259ndirir v\u0259 bu q\u0259rara g\u00f6r\u0259 bir daha siz\u0259 t\u0259\u015f\u0259kk\u00fcr\u00fcm\u00fcz\u00fc bildirir\u0259m\u201d.<\/p>\n<p>\u00d6lk\u0259 ba\u015f\u00e7\u0131s\u0131 qeyd\u00a0edib ki, Az\u0259rbaycan Qo\u015fulmama H\u0259r\u0259kat\u0131na s\u0259drliyi zaman\u0131 \u00f6z priorietl\u0259rini v\u0259 f\u0259aliyy\u0259tini Banduq prinsipl\u0259ri \u00fcz\u0259rind\u0259 quracaq.<\/p>\n<p>\u201cB\u00fct\u00fcn \u00f6lk\u0259l\u0259rin suverenliyin\u0259, \u0259razi b\u00fct\u00f6vl\u00fcy\u00fcn\u0259 h\u00f6rm\u0259t, d\u00f6vl\u0259tl\u0259rin daxili i\u015fl\u0259rin\u0259 qar\u0131\u015fmamaq, qar\u015f\u0131l\u0131ql\u0131 maraqlar\u0131n qorunmas\u0131 il\u0259 \u0259m\u0259kda\u015fl\u0131\u011f\u0131n t\u0259\u015fviqi kimi prinisipl\u0259ri ehtiva ed\u0259n Banduq prinsipl\u0259ri Az\u0259rbaycan\u0131n xarici siyas\u0259tinin t\u0259m\u0259l prinsipl\u0259ri il\u0259 \u00fcst-\u00fcst\u0259 d\u00fc\u015f\u00fcr.<\/p>\n<p>Biz beyn\u0259lxalq h\u00fcququn norma v\u0259 prinsipl\u0259rin\u0259 taml\u0131qla \u0259m\u0259l olunmas\u0131 \u00fc\u00e7\u00fcn s\u0259yl\u0259rimizi art\u0131rmal\u0131y\u0131q. Bu bax\u0131mdan, BMT-nin f\u0259aliyy\u0259tind\u0259 islahatlara b\u00f6y\u00fck ehtiyac var. S\u0259rh\u0259dl\u0259rin bir \u00e7oxunun d\u0259yi\u015fdirilm\u0259si, g\u00fccd\u0259n istifad\u0259 olunmaqla \u00f6lk\u0259l\u0259rin \u0259razi b\u00fct\u00f6vl\u00fcy\u00fcn\u00fcn pozulmas\u0131, daxili i\u015fl\u0259r\u0259 m\u00fcdaxil\u0259 yolverilm\u0259zdir\u201d.<\/p>\n<p>Prezident \u0259lav\u0259 edib ki, Az\u0259rbaycan Qo\u015fulmama H\u0259r\u0259kat\u0131na s\u0259drliyi zaman\u0131 dig\u0259r t\u0259sisatlarla dialoqun qurulmas\u0131 v\u0259 inki\u015faf etdirilm\u0259si, \u0259m\u0259kda\u015fl\u0131\u011f\u0131n co\u011frafiyas\u0131n\u0131n geni\u015fl\u0259ndirilm\u0259si \u00fc\u00e7\u00fcn s\u0259yl\u0259r g\u00f6st\u0259r\u0259c\u0259k.<\/p>\n<p>\u201cQo\u015fulmama H\u0259r\u0259kat\u0131na \u00fczv \u00f6lk\u0259l\u0259rin \u0259ks\u0259riyy\u0259ti inki\u015faf etm\u0259kd\u0259 olan \u00f6lk\u0259l\u0259r oldu\u011fundan H\u0259r\u0259kat \u00e7\u0259r\u00e7iv\u0259sind\u0259 iqtisadi sah\u0259d\u0259 \u0259m\u0259kda\u015fl\u0131\u011f\u0131n inki\u015faf etdirilm\u0259si \u00e7ox m\u00fch\u00fcmd\u00fcr. Bu m\u0259nada, Az\u0259rbaycan\u0131n \u201c77-l\u0259r qrupu\u201dna qo\u015fulmas\u0131 sosial-iqtisadi sah\u0259d\u0259 beyn\u0259lxalq miqyasl\u0131 s\u0259yl\u0259rimizi daha da art\u0131rma\u011fa imkan verir.<\/p>\n<p>\u00dczv d\u00f6vl\u0259tl\u0259rin maraqlar\u0131n\u0131n BMT \u00e7\u0259r\u00e7iv\u0259sind\u0259 birg\u0259 s\u0259yl\u0259rl\u0259 m\u00fcdafi\u0259 olunmas\u0131 x\u00fcsusi \u0259h\u0259miyy\u0259t k\u0259sb edir. Az\u0259rbaycan 2018-ci ild\u0259n etibar\u0259n Qo\u015fulmama H\u0259r\u0259kat\u0131na \u00fczv \u00f6lk\u0259l\u0259rin v\u0259t\u0259nda\u015flar\u0131na \u00f6lk\u0259mizin ali m\u0259kt\u0259bl\u0259rind\u0259 t\u0259hsil almaq m\u0259qs\u0259dil\u0259 \u00f6d\u0259ni\u015fli t\u0259qa\u00fcdl\u0259r verir. Bu g\u00fcn 31 \u00fczv d\u00f6vl\u0259td\u0259n 37 g\u0259nc bu proqramdan yararlan\u0131r. Az\u0259rbaycanda g\u0259ncl\u0259r siyas\u0259ti prioritet kimi m\u00fc\u0259yy\u0259n edilib.<\/p>\n<p>Az\u0259rbaycan g\u0259ncl\u0259ri milli ruhda, \u0259n\u0259n\u0259vi d\u0259y\u0259rl\u0259rl\u0259 v\u0259t\u0259n\u0259 ba\u011fl\u0131 v\u0259 v\u0259t\u0259np\u0259rv\u0259r ruhda t\u0259rbiy\u0259 al\u0131rlar. Buna g\u00f6r\u0259dir ki, Qo\u015fulmama H\u0259r\u0259kat\u0131n\u0131n tarixind\u0259 ilk d\u0259f\u0259 olaraq g\u0259ncl\u0259r sammitinin ke\u00e7irilm\u0259si t\u0259\u015f\u0259bb\u00fcs\u00fc il\u0259 \u00e7\u0131x\u0131\u015f etmi\u015fik. Haz\u0131rk\u0131 Zirv\u0259 G\u00f6r\u00fc\u015f\u00fc \u0259r\u0259f\u0259sind\u0259 ke\u00e7irilmi\u015f g\u0259ncl\u0259r sammitind\u0259 40 d\u00f6vl\u0259td\u0259n \u00f6lk\u0259miz\u0259 g\u0259lmi\u015f g\u0259ncl\u0259r i\u015ftirak edib\u201d. oxu.az<\/p>\n","protected":false},"excerpt":{"rendered":"<p>Az\u0259rbaycan 2011-ci ild\u0259n Qo\u015fulmama H\u0259r\u0259kat\u0131na \u00fczv olub. Az\u0259rbaycan Qo\u015fulmama H\u0259r\u0259kat\u0131na \u00fczv oldu\u011fu q\u0131sa m\u00fcdd\u0259t \u0259rzind\u0259 beyn\u0259lxalq h\u00fcququn norma v\u0259 prinsipl\u0259rini q\u0259tiyy\u0259tl\u0259 m\u00fcdafi\u0259 edib. ARANTV.AZ\u00a0 x\u0259b\u0259r verir ki, bunu Az\u0259rbaycan Prezidenti \u0130lham \u018fliyev Qo\u015fulmama H\u0259r\u0259kat\u0131n\u0131n D\u00f6vl\u0259t v\u0259 H\u00f6kum\u0259t Ba\u015f\u00e7\u0131lar\u0131n\u0131n 18-ci Zirv\u0259 G\u00f6r\u00fc\u015f\u00fcnd\u0259 deyib. Prezident bildirib ki, H\u0259r\u0259kata \u00fczv olan \u00f6lk\u0259l\u0259rin D\u00f6vl\u0259t v\u0259 H\u00f6kum\u0259t Ba\u015f\u00e7\u0131lar\u0131n\u0131n 2016-c\u0131 ild\u0259 ke\u00e7irilmi\u015f 17-ci Zirv\u0259 G\u00f6r\u00fc\u015f\u00fcnd\u0259 n\u00f6vb\u0259ti g\u00f6r\u00fc\u015f\u00fcn Bak\u0131da ke\u00e7irilm\u0259si v\u0259 2019-2022-ci ill\u0259rd\u0259 s\u0259drliyin Az\u0259rbaycana h\u0259val\u0259 edilm\u0259si bar\u0259d\u0259 yekdil q\u0259rar q\u0259bul edilib. \u201cBu, \u00f6lk\u0259miz\u0259 g\u00f6st\u0259ril\u0259n h\u00f6rm\u0259tin, inam\u0131n v\u0259 etimad\u0131n t\u0259zah\u00fcr\u00fcd\u00fcr. Bunu d\u00fcnya \u00f6lk\u0259l\u0259rinin \u0259ks\u0259riyy\u0259tini \u00f6z s\u0131ralar\u0131nda birl\u0259\u015fdir\u0259n&hellip;<\/p>\n","protected":false},"author":2,"featured_media":89097,"comment_status":"closed","ping_status":"closed","sticky":false,"template":"","format":"standard","meta":{"om_disable_all_campaigns":false,"_monsterinsights_skip_tracking":false,"_monsterinsights_sitenote_active":false,"_monsterinsights_sitenote_note":"","_monsterinsights_sitenote_category":0},"categories":[4],"tags":[],"aioseo_notices":[],"gutentor_comment":0,"rttpg_featured_image_url":{"full":["https:\/\/arantv.az\/wp-content\/uploads\/2019\/10\/ilham-6.jpg",620,389,false],"landscape":["https:\/\/arantv.az\/wp-content\/uploads\/2019\/10\/ilham-6.jpg",620,389,false],"portraits":["https:\/\/arantv.az\/wp-content\/uploads\/2019\/10\/ilham-6.jpg",620,389,false],"thumbnail":["https:\/\/arantv.az\/wp-content\/uploads\/2019\/10\/ilham-6-150x150.jpg",150,150,true],"medium":["https:\/\/arantv.az\/wp-content\/uploads\/2019\/10\/ilham-6-300x188.jpg",300,188,true],"large":["https:\/\/arantv.az\/wp-content\/uploads\/2019\/10\/ilham-6.jpg",620,389,false],"1536x1536":["https:\/\/arantv.az\/wp-content\/uploads\/2019\/10\/ilham-6.jpg",620,389,false],"2048x2048":["https:\/\/arantv.az\/wp-content\/uploads\/2019\/10\/ilham-6.jpg",620,389,false],"post-thumbnail":["https:\/\/arantv.az\/wp-content\/uploads\/2019\/10\/ilham-6-240x172.jpg",240,172,true],"advps-thumb-one":["https:\/\/arantv.az\/wp-content\/uploads\/2019\/10\/ilham-6.jpg",620,389,false]},"rttpg_author":{"display_name":"V\u00fcsal Rafiqo\u011flu","author_link":"https:\/\/arantv.az\/?author=2"},"rttpg_comment":0,"rttpg_category":"<a href=\"https:\/\/arantv.az\/?cat=4\" rel=\"category\">Siyas\u0259t<\/a>","rttpg_excerpt":"Az\u0259rbaycan 2011-ci ild\u0259n Qo\u015fulmama H\u0259r\u0259kat\u0131na \u00fczv olub. Az\u0259rbaycan Qo\u015fulmama H\u0259r\u0259kat\u0131na \u00fczv oldu\u011fu q\u0131sa m\u00fcdd\u0259t \u0259rzind\u0259 beyn\u0259lxalq h\u00fcququn norma v\u0259 prinsipl\u0259rini q\u0259tiyy\u0259tl\u0259 m\u00fcdafi\u0259 edib. ARANTV.AZ\u00a0 x\u0259b\u0259r verir ki, bunu Az\u0259rbaycan Prezidenti \u0130lham \u018fliyev Qo\u015fulmama H\u0259r\u0259kat\u0131n\u0131n D\u00f6vl\u0259t v\u0259 H\u00f6kum\u0259t Ba\u015f\u00e7\u0131lar\u0131n\u0131n 18-ci Zirv\u0259 G\u00f6r\u00fc\u015f\u00fcnd\u0259 deyib. Prezident bildirib ki, H\u0259r\u0259kata \u00fczv olan \u00f6lk\u0259l\u0259rin D\u00f6vl\u0259t v\u0259 H\u00f6kum\u0259t Ba\u015f\u00e7\u0131lar\u0131n\u0131n 2016-c\u0131 ild\u0259&hellip;","_links":{"self":[{"href":"https:\/\/arantv.az\/index.php?rest_route=\/wp\/v2\/posts\/89096"}],"collection":[{"href":"https:\/\/arantv.az\/index.php?rest_route=\/wp\/v2\/posts"}],"about":[{"href":"https:\/\/arantv.az\/index.php?rest_route=\/wp\/v2\/types\/post"}],"author":[{"embeddable":true,"href":"https:\/\/arantv.az\/index.php?rest_route=\/wp\/v2\/users\/2"}],"replies":[{"embeddable":true,"href":"https:\/\/arantv.az\/index.php?rest_route=%2Fwp%2Fv2%2Fcomments&post=89096"}],"version-history":[{"count":0,"href":"https:\/\/arantv.az\/index.php?rest_route=\/wp\/v2\/posts\/89096\/revisions"}],"wp:featuredmedia":[{"embeddable":true,"href":"https:\/\/arantv.az\/index.php?rest_route=\/wp\/v2\/media\/89097"}],"wp:attachment":[{"href":"https:\/\/arantv.az\/index.php?rest_route=%2Fwp%2Fv2%2Fmedia&parent=89096"}],"wp:term":[{"taxonomy":"category","embeddable":true,"href":"https:\/\/arantv.az\/index.php?rest_route=%2Fwp%2Fv2%2Fcategories&post=89096"},{"taxonomy":"post_tag","embeddable":true,"href":"https:\/\/arantv.az\/index.php?rest_route=%2Fwp%2Fv2%2Ftags&post=89096"}],"curies":[{"name":"wp","href":"https:\/\/api.w.org\/{rel}","templated":true}]}}