{"id":89100,"date":"2019-10-25T12:19:57","date_gmt":"2019-10-25T09:19:57","guid":{"rendered":"http:\/\/arantv.az\/?p=89100"},"modified":"2019-10-25T12:19:57","modified_gmt":"2019-10-25T09:19:57","slug":"azaqronun-d%c9%99st%c9%99yil%c9%99-bu-olk%c9%99l%c9%99r%c9%99-s%c9%99mkir-%c9%99razisind%c9%99n-bir-milyon-gul-ixrac-olunacaq-foto","status":"publish","type":"post","link":"https:\/\/arantv.az\/?p=89100","title":{"rendered":"\u201cAzAqro\u201dnun d\u0259st\u0259yil\u0259 bu \u00f6lk\u0259l\u0259r\u0259 \u015e\u0259mkir \u0259razisind\u0259n bir milyon g\u00fcl ixrac olunacaq &#8211; FOTO"},"content":{"rendered":"<p>Az\u0259rbaycan Respublikas\u0131n\u0131n Prezidenti c\u0259nab \u0130lham \u018fliyevin davaml\u0131 v\u0259 dinamik inki\u015fafa, s\u0259rb\u0259st bazar m\u00fcnasib\u0259tl\u0259rin\u0259 \u0259saslanan, sosialy\u00f6n\u00fcml\u00fc iqtisadi siyas\u0259ti n\u0259tic\u0259sind\u0259 milli iqtisadiyyat\u0131m\u0131z\u0131n u\u011furlar\u0131 daha da m\u00f6hk\u0259ml\u0259ndirilib, sahibkarl\u0131\u011fa d\u00f6vl\u0259t d\u0259st\u0259yi g\u00fccl\u0259ndirilmi\u015f, \u0259halinin sosial rifah\u0131 davaml\u0131 olaraq yax\u015f\u0131la\u015f\u0131b.<\/p>\n<p>\u00d6lk\u0259mizd\u0259 d\u00f6vl\u0259t-sahibkar m\u00fcnasib\u0259tl\u0259rini t\u0259nziml\u0259y\u0259n \u0259sas prinsipl\u0259r m\u00fc\u0259yy\u0259nl\u0259\u015fdirilib, bu m\u00fcnasib\u0259tl\u0259rin institusionalla\u015fd\u0131r\u0131lmas\u0131 ba\u015f verib. \u00dcmumiyy\u0259tl\u0259, sahibkarl\u0131\u011f\u0131n inki\u015faf\u0131 sah\u0259sind\u0259 q\u0259bul edilmi\u015f normativ-h\u00fcquqi s\u0259n\u0259dl\u0259r, sahibkarl\u0131\u011fa d\u00f6vl\u0259t maliyy\u0259 mexanizminin daha da t\u0259kmill\u0259\u015fdirilm\u0259si i\u015f adamlar\u0131nda \u00f6z\u00fcn\u0259inam hissini art\u0131r\u0131b, sahibkarl\u0131q f\u0259aliyy\u0259tinin geni\u015fl\u0259ndirilm\u0259sin\u0259, x\u00fcsusil\u0259 d\u0259 regionlarda yeni sahibkarl\u0131q subyektl\u0259rinin f\u0259aliyy\u0259t\u0259 ba\u015flamas\u0131na t\u0259kan verib. Art\u0131q \u00f6lk\u0259d\u0259 f\u0259aliyy\u0259t g\u00f6st\u0259r\u0259n sahibkarl\u0131q subyektl\u0259ri sosial t\u0259\u015f\u0259bb\u00fcsl\u0259r\u0259 daha f\u0259al qo\u015fulmaqdad\u0131rlar.<\/p>\n<p>M\u0259qs\u0259dli d\u00f6vl\u0259t proqramlar\u0131n\u0131n icras\u0131nda sahibkarlar\u0131n f\u0259all\u0131\u011f\u0131n\u0131n artmas\u0131nda, \u00f6lk\u0259d\u0259 istehsal olunan m\u0259hsullar\u0131n keyfiyy\u0259tinin y\u00fcks\u0259ldilm\u0259sind\u0259, istehsal h\u0259cminin v\u0259 \u00e7e\u015fidinin geni\u015fl\u0259nm\u0259sind\u0259 x\u00fcsusil\u0259 \u0259h\u0259miyy\u0259tli olmaqla, daxili t\u0259l\u0259bat\u0131n maksimum d\u0259r\u0259c\u0259d\u0259 yerli istehsal hesab\u0131na \u00f6d\u0259nilm\u0259sin\u0259, \u0259rzaq t\u0259hl\u00fck\u0259sizliyinin daha da m\u00f6hk\u0259ml\u0259nm\u0259sin\u0259, \u00f6lk\u0259mizin ixrac imkanlar\u0131n\u0131n geni\u015fl\u0259ndirilm\u0259sin\u0259 \u0259lveri\u015fli \u015f\u0259rait yarad\u0131b.<\/p>\n<div id=\"AdviadNativeVideo0\" class=\"AdviadNativeVideo\"><\/div>\n<p>\u201cAzAgro\u201d MMC \u015e\u0259mkir rayonunun Sar\u0131t\u0259p\u0259 k\u0259ndind\u0259 Az\u0259rbaycanda k\u0259nd t\u0259s\u0259rr\u00fcfat\u0131 sah\u0259sind\u0259 innovativ \u00fcsullar\u0131n t\u0259tbiqi, m\u00fcasir t\u0259l\u0259bl\u0259r\u0259 cavab ver\u0259n texnologiya \u0259sas\u0131nda m\u0259rk\u0259zl\u0259\u015fdirilmi\u015f komp\u00fcter bazas\u0131nda \u0259kinin idar\u0259 edilm\u0259si sistemini h\u0259yata ke\u00e7irir.<\/p>\n<p>\u201cAzAgro\u201d MMC, 2008-ci ild\u0259 t\u0259sis edilmi\u015fdir v\u0259 2010-cu ild\u0259n etibar\u0259n \u201cSynergy Group\u201d MMC-nin t\u00f6r\u0259m\u0259 m\u00fc\u0259ssis\u0259si olaraq f\u0259aliyy\u0259t istiqam\u0259tini istixana \u015f\u0259raitind\u0259 k\u0259nd t\u0259s\u0259rr\u00fcfat\u0131 m\u0259hsullar\u0131n\u0131n istehsal\u0131n\u0131n t\u0259\u015fkilin\u0259 y\u00f6n\u0259ldib.<\/p>\n<p>\u201cAzAgro\u201d\u00a0MMC-nin istixana t\u0259s\u0259rr\u00fcfatlar\u0131 2012-ci ilin sentyabr ay\u0131ndan etibar\u0259n 1 hektar \u0259razid\u0259 damla suvarma texnologiyas\u0131 il\u0259 q\u0131z\u0131lg\u00fcl\u00fcn yeti\u015fdirilm\u0259sin\u0259 ba\u015flay\u0131b. \u0130stixana \u0259n m\u00fcasir t\u0259l\u0259bl\u0259r\u0259 cavab ver\u0259n tam s\u0259naye s\u0259viyy\u0259sind\u0259 avadanl\u0131qla t\u0259chiz olunmu\u015f m\u00fc\u0259ssis\u0259dir. G\u00fcll\u0259r tam torpaqs\u0131z m\u00fchitd\u0259, x\u00fcsusi mineral substratlarda yeti\u015fdirilir.<\/p>\n<p>Suvarma, isitm\u0259, havaland\u0131rma, iqlimin nizamlanmas\u0131, p\u0259rd\u0259l\u0259m\u0259, soyutma v\u0259 s. prosesl\u0259r tam avtomatla\u015fd\u0131r\u0131lm\u0131\u015f \u015f\u0259raitd\u0259 v\u0259 komp\u00fcter proqramlar\u0131 il\u0259 idar\u0259 olunur. M\u00fc\u0259ssis\u0259d\u0259 istifad\u0259 olunan texniki vasit\u0259l\u0259r beyn\u0259lxalq standartlara tam uy\u011fun s\u0259viyy\u0259d\u0259 m\u0259hsullar\u0131n yeti\u015fdirilm\u0259sin\u0259 imkan verir.<\/p>\n<p>\u0130stixanan\u0131n f\u0259aliyy\u0259tinin geni\u015fl\u0259ndirilm\u0259si \u00fc\u00e7\u00fcn Az\u0259rbaycan Respublikas\u0131n\u0131n Ki\u00e7ik v\u0259 Orta Biznesin \u0130nki\u015faf\u0131 Agentliyinin (KOB\u0130A) t\u0259r\u0259find\u0259n konsaltinq v\u0259 h\u00fcquqi m\u0259sl\u0259h\u0259t xidm\u0259tl\u0259ri, aidiyy\u0259ti d\u00f6vl\u0259t qurumlar\u0131 il\u0259 \u0259laq\u0259l\u0259ndirm\u0259, d\u00f6vl\u0259t d\u0259st\u0259yi mexanizml\u0259ri haqq\u0131nda m\u0259lumatland\u0131rma v\u0259 onlara \u00e7\u0131x\u0131\u015f kimi istiqam\u0259tl\u0259rd\u0259 d\u0259st\u0259k g\u00f6st\u0259rilib.<\/p>\n<p>Yeni layih\u0259 investisiya t\u0259\u015fviqi s\u0259n\u0259di \u0259sas\u0131nda realla\u015fd\u0131r\u0131l\u0131b. Layih\u0259y\u0259 2,3-milyon manat h\u0259cmind\u0259 investisiya yat\u0131r\u0131l\u0131b v\u0259 istixanan\u0131n \u0259sas investisiya m\u0259nb\u0259l\u0259rind\u0259n biri d\u0259 &#8220;Prior Leasing&#8221; \u015firk\u0259tidir. \u015eirk\u0259t k\u0259nd t\u0259s\u0259rr\u00fcfat\u0131n\u0131n inki\u015faf\u0131 il\u0259 ba\u011fl\u0131 layih\u0259l\u0259rin v\u0259 proqramlar\u0131n D\u00f6vl\u0259t Aqrar Kredit v\u0259 \u0130nki\u015faf Agentliyinin v\u0259saitl\u0259ri hesab\u0131na maliyy\u0259l\u0259\u015fdirilm\u0259si v\u0259 lizinq\u0259 verilm\u0259si il\u0259 m\u0259\u015f\u011fuldur.<\/p>\n<p>\u0130stixanan\u0131n \u0259vv\u0259l illik istehsal g\u00fcc\u00fc bir milyon g\u00fcl idis\u0259, yeni istixana f\u0259aliyy\u0259t\u0259 ba\u015flad\u0131qdan sonra g\u00fcl istehsal\u0131 3 milyona q\u0259d\u0259r art\u0131r\u0131l\u0131b. Haz\u0131rda AzAgro m\u0259hsullar\u0131n\u0131n ixrac\u0131na ba\u015flay\u0131b.<\/p>\n<p>\u0130xrac olunacaq \u00f6lk\u0259l\u0259r Rusiya v\u0259 G\u00fcrc\u00fcstan n\u0259z\u0259rd\u0259 tutulub.\u00a0 Bu \u00f6lk\u0259l\u0259r\u0259 \u015e\u0259mkir \u0259razisind\u0259n illik 1 milyon \u0259d\u0259d g\u00fcl ixrac olunaca\u011f\u0131 g\u00f6zl\u0259nilir. \u018flav\u0259 ed\u0259k ki, yeni istixana idxal\u0131 \u0259v\u0259z edir. Bel\u0259 ki, yerli istehsal, \u00f6lk\u0259d\u0259 g\u00fcl\u0259 olan t\u0259l\u0259bat\u0131 t\u0259min edir. H\u0259m\u00e7inin yeni istixana istehlak qiym\u0259tl\u0259rinin d\u0259, a\u015fa\u011f\u0131 sal\u0131nmas\u0131na xidm\u0259t edir.<\/p>\n<p>Regionlarda m\u0259\u015f\u011fulluq s\u0259viyy\u0259si g\u00fcn\u00fc g\u00fcnd\u0259n art\u0131r. \u018fvv\u0259l m\u00fc\u0259ssis\u0259d\u0259 41 n\u0259f\u0259r \u00e7al\u0131\u015f\u0131rd\u0131rsa yeni istixanan\u0131n f\u0259aliyy\u0259tind\u0259n sonra bu g\u00f6st\u0259rici 71 n\u0259f\u0259r\u0259 \u00e7atd\u0131r\u0131l\u0131b. Buda \u00f6z n\u00f6vb\u0259sind\u0259 regionlarda qad\u0131nlar\u0131n m\u0259\u015f\u011fulluq s\u0259viyy\u0259sini art\u0131rmaqdad\u0131r. M\u00fc\u0259ssis\u0259d\u0259 \u00e7al\u0131\u015fanlar\u0131n 70%-ni qad\u0131nlar t\u0259\u015fkil edir.<\/p>\n<p>\u201cAzAgro\u201d MMC-nin aid oldu\u011fu \u201cSynergy Group\u201d\u00a0MMC, qeyri-neft sektorunda m\u00fcxt\u0259lif inki\u015faf y\u00f6n\u00fcml\u00fc \u015firk\u0259tl\u0259rd\u0259n ibar\u0259t dinamik portfeli u\u011furla idar\u0259 edir. Qrupa daxil olan \u015firk\u0259tl\u0259rd\u0259 2000-d\u0259n art\u0131q i\u015f yeri il\u0259 birba\u015fa t\u0259min edilir v\u0259 \u00fcmumilikd\u0259 bizim m\u00fc\u0259ss\u0259l\u0259rimizin bazarda i\u015ftirak\u0131 il\u0259 \u0259lav\u0259 minl\u0259rl\u0259 i\u015f yerinin yaranmas\u0131na t\u0259kan veririk. \u201cSynergy Group\u201d istehsalat, tikinti, k\u0259nd t\u0259s\u0259rr\u00fcfat\u0131, \u0130KT, otel\u00e7ilik, t\u0259hsil, s\u0259hiyy\u0259 v\u0259 bank i\u015fi sah\u0259l\u0259ri \u00fczr\u0259 iri yat\u0131r\u0131mlar etm\u0259kd\u0259dir.<\/p>\n<p>\u015eirk\u0259tl\u0259rin b\u00f6y\u00fck \u0259ks\u0259riyy\u0259ti Bak\u0131dan k\u0259narda yerl\u0259\u015fm\u0259kl\u0259 Az\u0259rbaycanda regionlar\u0131n sosial-iqtisadi inki\u015faf\u0131na \u00f6z t\u00f6hf\u0259sini verir. \u201cSynergy Group\u201d MMC-nin investisiya strategiyas\u0131 yat\u0131r\u0131mlar\u0131n y\u00fcks\u0259k rentabelliyini t\u0259min etm\u0259kl\u0259 uzunm\u00fcdd\u0259tli inki\u015faf\u0131n \u0259ld\u0259 olunmas\u0131na \u0259saslan\u0131r.<\/p>\n<p>\u201cSynergy Group\u201d qeyri-neft sektorunda m\u00fcxt\u0259lif v\u0259 inki\u015faf y\u00f6n\u00fcml\u00fc \u015firk\u0259tl\u0259rd\u0259n ibar\u0259t dinamik portfeli u\u011furla idar\u0259 edir. Qrupa daxil olan \u015firk\u0259tl\u0259rd\u0259 2000-d\u0259n art\u0131q insan i\u015f yeri il\u0259 birba\u015fa t\u0259min edilir v\u0259 \u00fcmumilikd\u0259 m\u00fc\u0259ssis\u0259l\u0259rin bazarda i\u015ftirak\u0131 il\u0259 \u0259lav\u0259 minl\u0259rl\u0259 i\u015f yerinin yaranmas\u0131na m\u00fcnbit \u015f\u0259rait yaran\u0131r.<\/p>\n<div class=\"gallery\">\n<div class=\"gallery-i\"><img src=\"https:\/\/assets.oxu.az\/uploads\/W1siZiIsIjIwMTkvMTAvMjUvMTMvMDIvNDkvNDNhMzcyYWEtN2QzYi00Njk2LTk0NTAtMjRiNDZiN2JmNTM2L1doYXRzQXBwIEltYWdlIDIwMTktMTAtMjUgYXQgMTIuNTYuMjMuanBlZyJdLFsicCIsImVuY29kZSIsImpwZyIsIi1xdWFsaXR5IDgwIl0sWyJwIiwidGh1bWIiLCI1OTB4NTkwXHUwMDNlIl1d?sha=fad4bc25e8b9fce1\" alt=\"\" \/><\/p>\n<div class=\"gallery-i-caption\"><\/div>\n<\/div>\n<div class=\"gallery-i\"><img src=\"https:\/\/assets.oxu.az\/uploads\/W1siZiIsIjIwMTkvMTAvMjUvMTMvMDIvNDkvY2MyYTQzOWEtMzQwNS00Mjc5LWE4NDQtZGE4OGY4ZDg1NzdmL1doYXRzQXBwIEltYWdlIDIwMTktMTAtMjUgYXQgMTIuNTYuMjIuanBlZyJdLFsicCIsImVuY29kZSIsImpwZyIsIi1xdWFsaXR5IDgwIl0sWyJwIiwidGh1bWIiLCI1OTB4NTkwXHUwMDNlIl1d?sha=dc4266737bda291a\" alt=\"\" \/><\/p>\n<div class=\"gallery-i-caption\"><\/div>\n<\/div>\n<div class=\"gallery-i\"><img src=\"https:\/\/assets.oxu.az\/uploads\/W1siZiIsIjIwMTkvMTAvMjUvMTMvMDIvNDkvODU3YzAxMDUtMzAzOS00YzE5LWIwYzgtODQ0YzNmMjM1OTk3L1doYXRzQXBwIEltYWdlIDIwMTktMTAtMjUgYXQgMTIuNTYuMjIgKDIpLmpwZWciXSxbInAiLCJlbmNvZGUiLCJqcGciLCItcXVhbGl0eSA4MCJdLFsicCIsInRodW1iIiwiNTkweDU5MFx1MDAzZSJdXQ?sha=348f8b16d64d7418\" alt=\"\" \/><\/p>\n<div class=\"gallery-i-caption\"><\/div>\n<\/div>\n<div class=\"gallery-i\"><img src=\"https:\/\/assets.oxu.az\/uploads\/W1siZiIsIjIwMTkvMTAvMjUvMTMvMDIvNTAvNjQ4NGMxYzEtZjFkMC00Njg0LTkyYWYtMmEyZTM1ODhkMTYwL1doYXRzQXBwIEltYWdlIDIwMTktMTAtMjUgYXQgMTIuNTYuMjIgKDEpLmpwZWciXSxbInAiLCJlbmNvZGUiLCJqcGciLCItcXVhbGl0eSA4MCJdLFsicCIsInRodW1iIiwiNTkweDU5MFx1MDAzZSJdXQ?sha=9a174319eba94b69\" alt=\"\" \/><\/p>\n<div class=\"gallery-i-caption\"><\/div>\n<\/div>\n<div class=\"gallery-i\"><img src=\"https:\/\/assets.oxu.az\/uploads\/W1siZiIsIjIwMTkvMTAvMjUvMTMvMDIvNTAvYzk1YjFhODMtZTA0Yy00OWRjLWIzNWQtNmQ1NWJmZTYwMWYzL1doYXRzQXBwIEltYWdlIDIwMTktMTAtMjUgYXQgMTIuNTYuMjEuanBlZyJdLFsicCIsImVuY29kZSIsImpwZyIsIi1xdWFsaXR5IDgwIl0sWyJwIiwidGh1bWIiLCI1OTB4NTkwXHUwMDNlIl1d?sha=fe1d24c6e1fa2c6b\" alt=\"\" \/><\/div>\n<\/div>\n","protected":false},"excerpt":{"rendered":"<p>Az\u0259rbaycan Respublikas\u0131n\u0131n Prezidenti c\u0259nab \u0130lham \u018fliyevin davaml\u0131 v\u0259 dinamik inki\u015fafa, s\u0259rb\u0259st bazar m\u00fcnasib\u0259tl\u0259rin\u0259 \u0259saslanan, sosialy\u00f6n\u00fcml\u00fc iqtisadi siyas\u0259ti n\u0259tic\u0259sind\u0259 milli iqtisadiyyat\u0131m\u0131z\u0131n u\u011furlar\u0131 daha da m\u00f6hk\u0259ml\u0259ndirilib, sahibkarl\u0131\u011fa d\u00f6vl\u0259t d\u0259st\u0259yi g\u00fccl\u0259ndirilmi\u015f, \u0259halinin sosial rifah\u0131 davaml\u0131 olaraq yax\u015f\u0131la\u015f\u0131b. \u00d6lk\u0259mizd\u0259 d\u00f6vl\u0259t-sahibkar m\u00fcnasib\u0259tl\u0259rini t\u0259nziml\u0259y\u0259n \u0259sas prinsipl\u0259r m\u00fc\u0259yy\u0259nl\u0259\u015fdirilib, bu m\u00fcnasib\u0259tl\u0259rin institusionalla\u015fd\u0131r\u0131lmas\u0131 ba\u015f verib. \u00dcmumiyy\u0259tl\u0259, sahibkarl\u0131\u011f\u0131n inki\u015faf\u0131 sah\u0259sind\u0259 q\u0259bul edilmi\u015f normativ-h\u00fcquqi s\u0259n\u0259dl\u0259r, sahibkarl\u0131\u011fa d\u00f6vl\u0259t maliyy\u0259 mexanizminin daha da t\u0259kmill\u0259\u015fdirilm\u0259si i\u015f adamlar\u0131nda \u00f6z\u00fcn\u0259inam hissini art\u0131r\u0131b, sahibkarl\u0131q f\u0259aliyy\u0259tinin geni\u015fl\u0259ndirilm\u0259sin\u0259, x\u00fcsusil\u0259 d\u0259 regionlarda yeni sahibkarl\u0131q subyektl\u0259rinin f\u0259aliyy\u0259t\u0259 ba\u015flamas\u0131na t\u0259kan verib. Art\u0131q \u00f6lk\u0259d\u0259 f\u0259aliyy\u0259t g\u00f6st\u0259r\u0259n sahibkarl\u0131q subyektl\u0259ri sosial t\u0259\u015f\u0259bb\u00fcsl\u0259r\u0259 daha f\u0259al qo\u015fulmaqdad\u0131rlar.&hellip;<\/p>\n","protected":false},"author":2,"featured_media":89101,"comment_status":"closed","ping_status":"closed","sticky":false,"template":"","format":"standard","meta":{"om_disable_all_campaigns":false,"_monsterinsights_skip_tracking":false,"_monsterinsights_sitenote_active":false,"_monsterinsights_sitenote_note":"","_monsterinsights_sitenote_category":0},"categories":[1],"tags":[],"aioseo_notices":[],"gutentor_comment":0,"rttpg_featured_image_url":{"full":["https:\/\/arantv.az\/wp-content\/uploads\/2019\/10\/WhatsApp-Image-2019-10-25-at-11.10.32-1.jpg",620,413,false],"landscape":["https:\/\/arantv.az\/wp-content\/uploads\/2019\/10\/WhatsApp-Image-2019-10-25-at-11.10.32-1.jpg",620,413,false],"portraits":["https:\/\/arantv.az\/wp-content\/uploads\/2019\/10\/WhatsApp-Image-2019-10-25-at-11.10.32-1.jpg",620,413,false],"thumbnail":["https:\/\/arantv.az\/wp-content\/uploads\/2019\/10\/WhatsApp-Image-2019-10-25-at-11.10.32-1-150x150.jpg",150,150,true],"medium":["https:\/\/arantv.az\/wp-content\/uploads\/2019\/10\/WhatsApp-Image-2019-10-25-at-11.10.32-1-300x200.jpg",300,200,true],"large":["https:\/\/arantv.az\/wp-content\/uploads\/2019\/10\/WhatsApp-Image-2019-10-25-at-11.10.32-1.jpg",620,413,false],"1536x1536":["https:\/\/arantv.az\/wp-content\/uploads\/2019\/10\/WhatsApp-Image-2019-10-25-at-11.10.32-1.jpg",620,413,false],"2048x2048":["https:\/\/arantv.az\/wp-content\/uploads\/2019\/10\/WhatsApp-Image-2019-10-25-at-11.10.32-1.jpg",620,413,false],"post-thumbnail":["https:\/\/arantv.az\/wp-content\/uploads\/2019\/10\/WhatsApp-Image-2019-10-25-at-11.10.32-1-240x172.jpg",240,172,true],"advps-thumb-one":["https:\/\/arantv.az\/wp-content\/uploads\/2019\/10\/WhatsApp-Image-2019-10-25-at-11.10.32-1.jpg",620,413,false]},"rttpg_author":{"display_name":"V\u00fcsal Rafiqo\u011flu","author_link":"https:\/\/arantv.az\/?author=2"},"rttpg_comment":0,"rttpg_category":"<a href=\"https:\/\/arantv.az\/?cat=1\" rel=\"category\">C\u0259miyy\u0259t<\/a>","rttpg_excerpt":"Az\u0259rbaycan Respublikas\u0131n\u0131n Prezidenti c\u0259nab \u0130lham \u018fliyevin davaml\u0131 v\u0259 dinamik inki\u015fafa, s\u0259rb\u0259st bazar m\u00fcnasib\u0259tl\u0259rin\u0259 \u0259saslanan, sosialy\u00f6n\u00fcml\u00fc iqtisadi siyas\u0259ti n\u0259tic\u0259sind\u0259 milli iqtisadiyyat\u0131m\u0131z\u0131n u\u011furlar\u0131 daha da m\u00f6hk\u0259ml\u0259ndirilib, sahibkarl\u0131\u011fa d\u00f6vl\u0259t d\u0259st\u0259yi g\u00fccl\u0259ndirilmi\u015f, \u0259halinin sosial rifah\u0131 davaml\u0131 olaraq yax\u015f\u0131la\u015f\u0131b. \u00d6lk\u0259mizd\u0259 d\u00f6vl\u0259t-sahibkar m\u00fcnasib\u0259tl\u0259rini t\u0259nziml\u0259y\u0259n \u0259sas prinsipl\u0259r m\u00fc\u0259yy\u0259nl\u0259\u015fdirilib, bu m\u00fcnasib\u0259tl\u0259rin institusionalla\u015fd\u0131r\u0131lmas\u0131 ba\u015f verib. \u00dcmumiyy\u0259tl\u0259, sahibkarl\u0131\u011f\u0131n inki\u015faf\u0131 sah\u0259sind\u0259 q\u0259bul edilmi\u015f normativ-h\u00fcquqi s\u0259n\u0259dl\u0259r, sahibkarl\u0131\u011fa&hellip;","_links":{"self":[{"href":"https:\/\/arantv.az\/index.php?rest_route=\/wp\/v2\/posts\/89100"}],"collection":[{"href":"https:\/\/arantv.az\/index.php?rest_route=\/wp\/v2\/posts"}],"about":[{"href":"https:\/\/arantv.az\/index.php?rest_route=\/wp\/v2\/types\/post"}],"author":[{"embeddable":true,"href":"https:\/\/arantv.az\/index.php?rest_route=\/wp\/v2\/users\/2"}],"replies":[{"embeddable":true,"href":"https:\/\/arantv.az\/index.php?rest_route=%2Fwp%2Fv2%2Fcomments&post=89100"}],"version-history":[{"count":0,"href":"https:\/\/arantv.az\/index.php?rest_route=\/wp\/v2\/posts\/89100\/revisions"}],"wp:featuredmedia":[{"embeddable":true,"href":"https:\/\/arantv.az\/index.php?rest_route=\/wp\/v2\/media\/89101"}],"wp:attachment":[{"href":"https:\/\/arantv.az\/index.php?rest_route=%2Fwp%2Fv2%2Fmedia&parent=89100"}],"wp:term":[{"taxonomy":"category","embeddable":true,"href":"https:\/\/arantv.az\/index.php?rest_route=%2Fwp%2Fv2%2Fcategories&post=89100"},{"taxonomy":"post_tag","embeddable":true,"href":"https:\/\/arantv.az\/index.php?rest_route=%2Fwp%2Fv2%2Ftags&post=89100"}],"curies":[{"name":"wp","href":"https:\/\/api.w.org\/{rel}","templated":true}]}}