{"id":89104,"date":"2019-10-25T12:42:36","date_gmt":"2019-10-25T09:42:36","guid":{"rendered":"http:\/\/arantv.az\/?p=89104"},"modified":"2019-10-25T12:42:36","modified_gmt":"2019-10-25T09:42:36","slug":"bmt-bas-katibi-az%c9%99rbaycanin-s%c9%99drliy%c9%99-baslamasi-il%c9%99-qosulmama-h%c9%99r%c9%99katinin-f%c9%99aliyy%c9%99tind%c9%99-yeni-m%c9%99rh%c9%99l%c9%99-baslayir","status":"publish","type":"post","link":"https:\/\/arantv.az\/?p=89104","title":{"rendered":"BMT Ba\u015f katibi: &#8220;Az\u0259rbaycan\u0131n s\u0259drliy\u0259 ba\u015flamas\u0131 il\u0259 Qo\u015fulmama H\u0259r\u0259kat\u0131n\u0131n f\u0259aliyy\u0259tind\u0259 yeni m\u0259rh\u0259l\u0259 ba\u015flay\u0131r&#8221;"},"content":{"rendered":"<p>&#8220;Az\u0259rbaycan\u0131n Qo\u015fulmama H\u0259r\u0259kat\u0131na s\u0259drliyinin ba\u015flanmas\u0131 il\u0259 bu t\u0259\u015fkilat\u0131n f\u0259aliyy\u0259tind\u0259 yeni m\u0259rh\u0259l\u0259 ba\u015flay\u0131r&#8221;.<\/p>\n<p><strong>ARANTV.AZ<\/strong>\u00a0<a href=\"https:\/\/az.trend.az\/\" target=\"_blank\" rel=\"noopener\">Trend<\/a>-\u0259 istinad\u0259n x\u0259b\u0259r verir ki, bunu BMT-nin Ba\u015f katibi Antonio Quterre\u015f Qo\u015fulmama H\u0259r\u0259kat\u0131na \u00fczv \u00f6lk\u0259l\u0259rin d\u00f6vl\u0259t v\u0259 h\u00f6kum\u0259t ba\u015f\u00e7\u0131lar\u0131n\u0131n Bak\u0131da ke\u00e7iril\u0259n XVIII Zirv\u0259 G\u00f6r\u00fc\u015f\u00fcn\u00fcn i\u015ftirak\u00e7\u0131lar\u0131na m\u00fcraci\u0259tind\u0259 deyib.<\/p>\n<p>A.Quterre\u015f Az\u0259rbaycan\u0131 s\u0259drliyi \u00fcz\u0259rin\u0259 g\u00f6t\u00fcrd\u00fcy\u00fcn\u0259 g\u00f6r\u0259 t\u0259brik edib. O qeyd edib ki, Qo\u015fulmama H\u0259r\u0259kat\u0131 BMT-nin f\u0259aliyy\u0259tin\u0259 m\u00fch\u00fcm t\u00f6hf\u0259l\u0259r verir.<\/p>\n<p>Ba\u015f katib vur\u011fulay\u0131b ki, d\u00fcnyaya el\u0259 \u015f\u0259b\u0259k\u0259l\u0259r laz\u0131md\u0131r ki, orada regional v\u0259 beyn\u0259lxalq t\u0259\u015fkilatlar birg\u0259 f\u0259aliyy\u0259t g\u00f6st\u0259r\u0259 bilsinl\u0259r: &#8220;Sabitlik m\u00fcnaqi\u015f\u0259l\u0259rin qar\u015f\u0131s\u0131n\u0131n al\u0131nmas\u0131 \u00fc\u00e7\u00fcn \u00e7ox vacibdir. Bu g\u00fcn resurslar u\u011frunda r\u0259qab\u0259t d\u0259 d\u00fcnyada qeyri-sabitlik yarad\u0131r. Qo\u015fulmama H\u0259r\u0259kat\u0131 kimi t\u0259\u015fkilatlar laz\u0131md\u0131r ki, sabitliyi t\u0259min etm\u0259k m\u00fcmk\u00fcn olsun&#8221;.<\/p>\n","protected":false},"excerpt":{"rendered":"<p>&#8220;Az\u0259rbaycan\u0131n Qo\u015fulmama H\u0259r\u0259kat\u0131na s\u0259drliyinin ba\u015flanmas\u0131 il\u0259 bu t\u0259\u015fkilat\u0131n f\u0259aliyy\u0259tind\u0259 yeni m\u0259rh\u0259l\u0259 ba\u015flay\u0131r&#8221;. ARANTV.AZ\u00a0Trend-\u0259 istinad\u0259n x\u0259b\u0259r verir ki, bunu BMT-nin Ba\u015f katibi Antonio Quterre\u015f Qo\u015fulmama H\u0259r\u0259kat\u0131na \u00fczv \u00f6lk\u0259l\u0259rin d\u00f6vl\u0259t v\u0259 h\u00f6kum\u0259t ba\u015f\u00e7\u0131lar\u0131n\u0131n Bak\u0131da ke\u00e7iril\u0259n XVIII Zirv\u0259 G\u00f6r\u00fc\u015f\u00fcn\u00fcn i\u015ftirak\u00e7\u0131lar\u0131na m\u00fcraci\u0259tind\u0259 deyib. A.Quterre\u015f Az\u0259rbaycan\u0131 s\u0259drliyi \u00fcz\u0259rin\u0259 g\u00f6t\u00fcrd\u00fcy\u00fcn\u0259 g\u00f6r\u0259 t\u0259brik edib. O qeyd edib ki, Qo\u015fulmama H\u0259r\u0259kat\u0131 BMT-nin f\u0259aliyy\u0259tin\u0259 m\u00fch\u00fcm t\u00f6hf\u0259l\u0259r verir. Ba\u015f katib vur\u011fulay\u0131b ki, d\u00fcnyaya el\u0259 \u015f\u0259b\u0259k\u0259l\u0259r laz\u0131md\u0131r ki, orada regional v\u0259 beyn\u0259lxalq t\u0259\u015fkilatlar birg\u0259 f\u0259aliyy\u0259t g\u00f6st\u0259r\u0259 bilsinl\u0259r: &#8220;Sabitlik m\u00fcnaqi\u015f\u0259l\u0259rin qar\u015f\u0131s\u0131n\u0131n al\u0131nmas\u0131 \u00fc\u00e7\u00fcn \u00e7ox vacibdir. Bu g\u00fcn resurslar u\u011frunda r\u0259qab\u0259t d\u0259 d\u00fcnyada&hellip;<\/p>\n","protected":false},"author":2,"featured_media":89105,"comment_status":"closed","ping_status":"closed","sticky":false,"template":"","format":"standard","meta":{"om_disable_all_campaigns":false,"_monsterinsights_skip_tracking":false,"_monsterinsights_sitenote_active":false,"_monsterinsights_sitenote_note":"","_monsterinsights_sitenote_category":0},"categories":[4],"tags":[],"aioseo_notices":[],"gutentor_comment":0,"rttpg_featured_image_url":{"full":["https:\/\/arantv.az\/wp-content\/uploads\/2019\/10\/797047.jpg",800,600,false],"landscape":["https:\/\/arantv.az\/wp-content\/uploads\/2019\/10\/797047.jpg",800,600,false],"portraits":["https:\/\/arantv.az\/wp-content\/uploads\/2019\/10\/797047.jpg",800,600,false],"thumbnail":["https:\/\/arantv.az\/wp-content\/uploads\/2019\/10\/797047-150x150.jpg",150,150,true],"medium":["https:\/\/arantv.az\/wp-content\/uploads\/2019\/10\/797047-300x225.jpg",300,225,true],"large":["https:\/\/arantv.az\/wp-content\/uploads\/2019\/10\/797047.jpg",640,480,false],"1536x1536":["https:\/\/arantv.az\/wp-content\/uploads\/2019\/10\/797047.jpg",800,600,false],"2048x2048":["https:\/\/arantv.az\/wp-content\/uploads\/2019\/10\/797047.jpg",800,600,false],"post-thumbnail":["https:\/\/arantv.az\/wp-content\/uploads\/2019\/10\/797047-240x172.jpg",240,172,true],"advps-thumb-one":["https:\/\/arantv.az\/wp-content\/uploads\/2019\/10\/797047.jpg",800,600,false]},"rttpg_author":{"display_name":"V\u00fcsal Rafiqo\u011flu","author_link":"https:\/\/arantv.az\/?author=2"},"rttpg_comment":0,"rttpg_category":"<a href=\"https:\/\/arantv.az\/?cat=4\" rel=\"category\">Siyas\u0259t<\/a>","rttpg_excerpt":"&#8220;Az\u0259rbaycan\u0131n Qo\u015fulmama H\u0259r\u0259kat\u0131na s\u0259drliyinin ba\u015flanmas\u0131 il\u0259 bu t\u0259\u015fkilat\u0131n f\u0259aliyy\u0259tind\u0259 yeni m\u0259rh\u0259l\u0259 ba\u015flay\u0131r&#8221;. ARANTV.AZ\u00a0Trend-\u0259 istinad\u0259n x\u0259b\u0259r verir ki, bunu BMT-nin Ba\u015f katibi Antonio Quterre\u015f Qo\u015fulmama H\u0259r\u0259kat\u0131na \u00fczv \u00f6lk\u0259l\u0259rin d\u00f6vl\u0259t v\u0259 h\u00f6kum\u0259t ba\u015f\u00e7\u0131lar\u0131n\u0131n Bak\u0131da ke\u00e7iril\u0259n XVIII Zirv\u0259 G\u00f6r\u00fc\u015f\u00fcn\u00fcn i\u015ftirak\u00e7\u0131lar\u0131na m\u00fcraci\u0259tind\u0259 deyib. A.Quterre\u015f Az\u0259rbaycan\u0131 s\u0259drliyi \u00fcz\u0259rin\u0259 g\u00f6t\u00fcrd\u00fcy\u00fcn\u0259 g\u00f6r\u0259 t\u0259brik edib. O qeyd edib ki, Qo\u015fulmama H\u0259r\u0259kat\u0131 BMT-nin f\u0259aliyy\u0259tin\u0259&hellip;","_links":{"self":[{"href":"https:\/\/arantv.az\/index.php?rest_route=\/wp\/v2\/posts\/89104"}],"collection":[{"href":"https:\/\/arantv.az\/index.php?rest_route=\/wp\/v2\/posts"}],"about":[{"href":"https:\/\/arantv.az\/index.php?rest_route=\/wp\/v2\/types\/post"}],"author":[{"embeddable":true,"href":"https:\/\/arantv.az\/index.php?rest_route=\/wp\/v2\/users\/2"}],"replies":[{"embeddable":true,"href":"https:\/\/arantv.az\/index.php?rest_route=%2Fwp%2Fv2%2Fcomments&post=89104"}],"version-history":[{"count":0,"href":"https:\/\/arantv.az\/index.php?rest_route=\/wp\/v2\/posts\/89104\/revisions"}],"wp:featuredmedia":[{"embeddable":true,"href":"https:\/\/arantv.az\/index.php?rest_route=\/wp\/v2\/media\/89105"}],"wp:attachment":[{"href":"https:\/\/arantv.az\/index.php?rest_route=%2Fwp%2Fv2%2Fmedia&parent=89104"}],"wp:term":[{"taxonomy":"category","embeddable":true,"href":"https:\/\/arantv.az\/index.php?rest_route=%2Fwp%2Fv2%2Fcategories&post=89104"},{"taxonomy":"post_tag","embeddable":true,"href":"https:\/\/arantv.az\/index.php?rest_route=%2Fwp%2Fv2%2Ftags&post=89104"}],"curies":[{"name":"wp","href":"https:\/\/api.w.org\/{rel}","templated":true}]}}