{"id":89120,"date":"2019-10-25T13:24:52","date_gmt":"2019-10-25T10:24:52","guid":{"rendered":"http:\/\/arantv.az\/?p=89120"},"modified":"2019-10-25T13:24:52","modified_gmt":"2019-10-25T10:24:52","slug":"milli-m%c9%99clisin-82-yasli-deputati-yerimizi-g%c9%99ncl%c9%99r-tutmalidir","status":"publish","type":"post","link":"https:\/\/arantv.az\/?p=89120","title":{"rendered":"Milli M\u0259clisin 82 ya\u015fl\u0131 deputat\u0131: Yerimizi g\u0259ncl\u0259r tutmal\u0131d\u0131r"},"content":{"rendered":"<p>G\u0259l\u0259n il Az\u0259rbaycanda ke\u00e7iril\u0259c\u0259k parlament se\u00e7kil\u0259rind\u0259 i\u015ftirak etm\u0259y\u0259c\u0259m.<\/p>\n<p>Bu bar\u0259d\u0259\u00a0<a href=\"https:\/\/www.unikal.org\/news\/224366\/gelen-il-deputat-olmayacam-agacan-abiyev\" target=\"_blank\" rel=\"noopener\">Unikal.org<\/a>-a Milli M\u0259clisin deputat\u0131 A\u011facan Abiyev deyib.<\/p>\n<div id=\"AdviadNativeVideo0\" class=\"AdviadNativeVideo\"><\/div>\n<p>O bildirib ki, g\u0259l\u0259n il ya\u015f h\u0259ddi il\u0259 \u0259laq\u0259dar Yeni Az\u0259rbaycan Partiyas\u0131ndan (YAP) deputatl\u0131\u011fa namiz\u0259dliyini ir\u0259li s\u00fcrm\u0259y\u0259c\u0259k:<\/p>\n<p>\u201cArt\u0131q m\u0259n ya\u015flanm\u0131\u015fam. Hesab edir\u0259m ki, bizim yerimizi g\u0259ncl\u0259r tutmal\u0131d\u0131r\u201d.<\/p>\n<p>Qeyd ed\u0259k ki, Milli M\u0259clisin deputat\u0131 A.Abiyevin 82 ya\u015f\u0131 var.<\/p>\n","protected":false},"excerpt":{"rendered":"<p>G\u0259l\u0259n il Az\u0259rbaycanda ke\u00e7iril\u0259c\u0259k parlament se\u00e7kil\u0259rind\u0259 i\u015ftirak etm\u0259y\u0259c\u0259m. Bu bar\u0259d\u0259\u00a0Unikal.org-a Milli M\u0259clisin deputat\u0131 A\u011facan Abiyev deyib. O bildirib ki, g\u0259l\u0259n il ya\u015f h\u0259ddi il\u0259 \u0259laq\u0259dar Yeni Az\u0259rbaycan Partiyas\u0131ndan (YAP) deputatl\u0131\u011fa namiz\u0259dliyini ir\u0259li s\u00fcrm\u0259y\u0259c\u0259k: \u201cArt\u0131q m\u0259n ya\u015flanm\u0131\u015fam. Hesab edir\u0259m ki, bizim yerimizi g\u0259ncl\u0259r tutmal\u0131d\u0131r\u201d. Qeyd ed\u0259k ki, Milli M\u0259clisin deputat\u0131 A.Abiyevin 82 ya\u015f\u0131 var.<\/p>\n","protected":false},"author":2,"featured_media":89121,"comment_status":"closed","ping_status":"closed","sticky":false,"template":"","format":"standard","meta":{"om_disable_all_campaigns":false,"_monsterinsights_skip_tracking":false,"_monsterinsights_sitenote_active":false,"_monsterinsights_sitenote_note":"","_monsterinsights_sitenote_category":0},"categories":[19],"tags":[],"aioseo_notices":[],"gutentor_comment":0,"rttpg_featured_image_url":{"full":["https:\/\/arantv.az\/wp-content\/uploads\/2019\/10\/1511444842.jpg",620,411,false],"landscape":["https:\/\/arantv.az\/wp-content\/uploads\/2019\/10\/1511444842.jpg",620,411,false],"portraits":["https:\/\/arantv.az\/wp-content\/uploads\/2019\/10\/1511444842.jpg",620,411,false],"thumbnail":["https:\/\/arantv.az\/wp-content\/uploads\/2019\/10\/1511444842-150x150.jpg",150,150,true],"medium":["https:\/\/arantv.az\/wp-content\/uploads\/2019\/10\/1511444842-300x199.jpg",300,199,true],"large":["https:\/\/arantv.az\/wp-content\/uploads\/2019\/10\/1511444842.jpg",620,411,false],"1536x1536":["https:\/\/arantv.az\/wp-content\/uploads\/2019\/10\/1511444842.jpg",620,411,false],"2048x2048":["https:\/\/arantv.az\/wp-content\/uploads\/2019\/10\/1511444842.jpg",620,411,false],"post-thumbnail":["https:\/\/arantv.az\/wp-content\/uploads\/2019\/10\/1511444842-240x172.jpg",240,172,true],"advps-thumb-one":["https:\/\/arantv.az\/wp-content\/uploads\/2019\/10\/1511444842.jpg",620,411,false]},"rttpg_author":{"display_name":"V\u00fcsal Rafiqo\u011flu","author_link":"https:\/\/arantv.az\/?author=2"},"rttpg_comment":0,"rttpg_category":"<a href=\"https:\/\/arantv.az\/?cat=19\" rel=\"category\">G\u00fcnd\u0259m<\/a>","rttpg_excerpt":"G\u0259l\u0259n il Az\u0259rbaycanda ke\u00e7iril\u0259c\u0259k parlament se\u00e7kil\u0259rind\u0259 i\u015ftirak etm\u0259y\u0259c\u0259m. Bu bar\u0259d\u0259\u00a0Unikal.org-a Milli M\u0259clisin deputat\u0131 A\u011facan Abiyev deyib. O bildirib ki, g\u0259l\u0259n il ya\u015f h\u0259ddi il\u0259 \u0259laq\u0259dar Yeni Az\u0259rbaycan Partiyas\u0131ndan (YAP) deputatl\u0131\u011fa namiz\u0259dliyini ir\u0259li s\u00fcrm\u0259y\u0259c\u0259k: \u201cArt\u0131q m\u0259n ya\u015flanm\u0131\u015fam. Hesab edir\u0259m ki, bizim yerimizi g\u0259ncl\u0259r tutmal\u0131d\u0131r\u201d. Qeyd ed\u0259k ki, Milli M\u0259clisin deputat\u0131 A.Abiyevin 82 ya\u015f\u0131 var.","_links":{"self":[{"href":"https:\/\/arantv.az\/index.php?rest_route=\/wp\/v2\/posts\/89120"}],"collection":[{"href":"https:\/\/arantv.az\/index.php?rest_route=\/wp\/v2\/posts"}],"about":[{"href":"https:\/\/arantv.az\/index.php?rest_route=\/wp\/v2\/types\/post"}],"author":[{"embeddable":true,"href":"https:\/\/arantv.az\/index.php?rest_route=\/wp\/v2\/users\/2"}],"replies":[{"embeddable":true,"href":"https:\/\/arantv.az\/index.php?rest_route=%2Fwp%2Fv2%2Fcomments&post=89120"}],"version-history":[{"count":0,"href":"https:\/\/arantv.az\/index.php?rest_route=\/wp\/v2\/posts\/89120\/revisions"}],"wp:featuredmedia":[{"embeddable":true,"href":"https:\/\/arantv.az\/index.php?rest_route=\/wp\/v2\/media\/89121"}],"wp:attachment":[{"href":"https:\/\/arantv.az\/index.php?rest_route=%2Fwp%2Fv2%2Fmedia&parent=89120"}],"wp:term":[{"taxonomy":"category","embeddable":true,"href":"https:\/\/arantv.az\/index.php?rest_route=%2Fwp%2Fv2%2Fcategories&post=89120"},{"taxonomy":"post_tag","embeddable":true,"href":"https:\/\/arantv.az\/index.php?rest_route=%2Fwp%2Fv2%2Ftags&post=89120"}],"curies":[{"name":"wp","href":"https:\/\/api.w.org\/{rel}","templated":true}]}}