{"id":89125,"date":"2019-10-25T13:27:52","date_gmt":"2019-10-25T10:27:52","guid":{"rendered":"http:\/\/arantv.az\/?p=89125"},"modified":"2019-10-25T13:27:52","modified_gmt":"2019-10-25T10:27:52","slug":"prezident-ilham-%c9%99liyev-az%c9%99rbaycan-z%c9%99ngin-tolerantliq-multikulturalizm-%c9%99n%c9%99n%c9%99l%c9%99rin%c9%99-malikdir","status":"publish","type":"post","link":"https:\/\/arantv.az\/?p=89125","title":{"rendered":"Prezident \u0130lham \u018fliyev: &#8220;Az\u0259rbaycan z\u0259ngin tolerantl\u0131q, multikulturalizm \u0259n\u0259n\u0259l\u0259rin\u0259 malikdir&#8221;"},"content":{"rendered":"<p>&#8220;Az\u0259rbaycan z\u0259ngin tolerantl\u0131q, multikulturalizm \u0259n\u0259n\u0259l\u0259rin\u0259 malikdir. Multikulturalizm Az\u0259rbaycan xalq\u0131n\u0131n h\u0259yat t\u0259rzidir&#8221;.<\/p>\n<p><strong>ARANTV.AZ<\/strong>\u00a0\u00a0<a href=\"https:\/\/azertag.az\/\" target=\"_blank\" rel=\"noopener\">AZ\u018fRTAC<\/a>-a istinad\u0259n x\u0259b\u0259r verir ki, bunu Az\u0259rbaycan Prezidenti \u0130lham \u018fliyev Bak\u0131da Qo\u015fulmama H\u0259r\u0259kat\u0131na \u00fczv \u00f6lk\u0259l\u0259rin d\u00f6vl\u0259t v\u0259 h\u00f6kum\u0259t ba\u015f\u00e7\u0131lar\u0131n\u0131n XVIII Zirv\u0259 G\u00f6r\u00fc\u015f\u00fcnd\u0259ki nitqind\u0259 deyib.<\/p>\n<p>D\u00f6vl\u0259t ba\u015f\u00e7\u0131s\u0131 qeyd edib ki, on bir il \u0259vv\u0259l \u0130slam \u018fm\u0259kda\u015fl\u0131q T\u0259\u015fkilat\u0131na v\u0259 Avropa \u015euras\u0131na \u00fczv \u00f6lk\u0259l\u0259rin i\u015ftirak\u0131 il\u0259 ba\u015flad\u0131\u011f\u0131m\u0131z &#8220;Bak\u0131 Prosesi&#8221; t\u0259\u015f\u0259bb\u00fcs\u00fc BMT t\u0259r\u0259find\u0259n d\u0259 d\u0259st\u0259kl\u0259nir: &#8220;BMT-nin ba\u015f katibi Antonio Quterre\u015f &#8220;Bak\u0131 Prosesi&#8221;ni 2008-ci ild\u0259n b\u0259ri m\u0259d\u0259niyy\u0259tl\u0259r aras\u0131nda dialoqun t\u0259bli\u011finin \u00f6n c\u0259bh\u0259si kimi d\u0259y\u0259rl\u0259ndirmi\u015fdir. &#8220;Bak\u0131 Prosesi&#8221;nin m\u0259ntiqi davam\u0131 olaraq t\u0259sis edilmi\u015f v\u0259 iki ild\u0259n bir \u00f6lk\u0259mizd\u0259 ke\u00e7iril\u0259n m\u0259d\u0259niyy\u0259tl\u0259raras\u0131 dialoq \u00fczr\u0259 \u00dcmumd\u00fcnya Forumu art\u0131q BMT Ba\u015f Assambleyas\u0131n\u0131n q\u0259tnam\u0259l\u0259ri il\u0259 m\u0259d\u0259niyy\u0259tl\u0259raras\u0131 dialoqun t\u0259\u015fviq olunmas\u0131 \u00fc\u00e7\u00fcn \u0259sas qlobal platforma kimi tan\u0131nm\u0131\u015fd\u0131r.<\/p>\n<p>H\u00f6rm\u0259tli qonaqlar, \u0259min\u0259m ki, Zirv\u0259 G\u00f6r\u00fc\u015f\u00fc \u00e7\u0259r\u00e7iv\u0259sind\u0259 apar\u0131lacaq m\u00fczakir\u0259l\u0259r Qo\u015fulmama H\u0259r\u0259kat\u0131n\u0131n g\u00fcnd\u0259liyind\u0259 duran h\u0259d\u0259fl\u0259rin h\u0259yata ke\u00e7irilm\u0259sin\u0259 xidm\u0259t g\u00f6st\u0259r\u0259c\u0259kdir. Az\u0259rbaycan H\u0259r\u0259kata s\u0259drlik ed\u0259c\u0259yi m\u00fcdd\u0259td\u0259 \u00f6z prioritetl\u0259rini \u00fczv d\u00f6vl\u0259tl\u0259rl\u0259 birg\u0259 h\u0259yata ke\u00e7irm\u0259k \u00fc\u00e7\u00fcn ard\u0131c\u0131l s\u0259yl\u0259r g\u00f6st\u0259r\u0259c\u0259kdir&#8221;.<\/p>\n","protected":false},"excerpt":{"rendered":"<p>&#8220;Az\u0259rbaycan z\u0259ngin tolerantl\u0131q, multikulturalizm \u0259n\u0259n\u0259l\u0259rin\u0259 malikdir. Multikulturalizm Az\u0259rbaycan xalq\u0131n\u0131n h\u0259yat t\u0259rzidir&#8221;. ARANTV.AZ\u00a0\u00a0AZ\u018fRTAC-a istinad\u0259n x\u0259b\u0259r verir ki, bunu Az\u0259rbaycan Prezidenti \u0130lham \u018fliyev Bak\u0131da Qo\u015fulmama H\u0259r\u0259kat\u0131na \u00fczv \u00f6lk\u0259l\u0259rin d\u00f6vl\u0259t v\u0259 h\u00f6kum\u0259t ba\u015f\u00e7\u0131lar\u0131n\u0131n XVIII Zirv\u0259 G\u00f6r\u00fc\u015f\u00fcnd\u0259ki nitqind\u0259 deyib. D\u00f6vl\u0259t ba\u015f\u00e7\u0131s\u0131 qeyd edib ki, on bir il \u0259vv\u0259l \u0130slam \u018fm\u0259kda\u015fl\u0131q T\u0259\u015fkilat\u0131na v\u0259 Avropa \u015euras\u0131na \u00fczv \u00f6lk\u0259l\u0259rin i\u015ftirak\u0131 il\u0259 ba\u015flad\u0131\u011f\u0131m\u0131z &#8220;Bak\u0131 Prosesi&#8221; t\u0259\u015f\u0259bb\u00fcs\u00fc BMT t\u0259r\u0259find\u0259n d\u0259 d\u0259st\u0259kl\u0259nir: &#8220;BMT-nin ba\u015f katibi Antonio Quterre\u015f &#8220;Bak\u0131 Prosesi&#8221;ni 2008-ci ild\u0259n b\u0259ri m\u0259d\u0259niyy\u0259tl\u0259r aras\u0131nda dialoqun t\u0259bli\u011finin \u00f6n c\u0259bh\u0259si kimi d\u0259y\u0259rl\u0259ndirmi\u015fdir. &#8220;Bak\u0131 Prosesi&#8221;nin m\u0259ntiqi davam\u0131 olaraq t\u0259sis edilmi\u015f v\u0259 iki ild\u0259n&hellip;<\/p>\n","protected":false},"author":2,"featured_media":89126,"comment_status":"closed","ping_status":"closed","sticky":false,"template":"","format":"standard","meta":{"om_disable_all_campaigns":false,"_monsterinsights_skip_tracking":false,"_monsterinsights_sitenote_active":false,"_monsterinsights_sitenote_note":"","_monsterinsights_sitenote_category":0},"categories":[4],"tags":[],"aioseo_notices":[],"gutentor_comment":0,"rttpg_featured_image_url":{"full":["https:\/\/arantv.az\/wp-content\/uploads\/2019\/10\/2018_ilham_aliyev_02-1.jpg",1200,900,false],"landscape":["https:\/\/arantv.az\/wp-content\/uploads\/2019\/10\/2018_ilham_aliyev_02-1.jpg",1200,900,false],"portraits":["https:\/\/arantv.az\/wp-content\/uploads\/2019\/10\/2018_ilham_aliyev_02-1.jpg",1200,900,false],"thumbnail":["https:\/\/arantv.az\/wp-content\/uploads\/2019\/10\/2018_ilham_aliyev_02-1-150x150.jpg",150,150,true],"medium":["https:\/\/arantv.az\/wp-content\/uploads\/2019\/10\/2018_ilham_aliyev_02-1-300x225.jpg",300,225,true],"large":["https:\/\/arantv.az\/wp-content\/uploads\/2019\/10\/2018_ilham_aliyev_02-1-1024x768.jpg",640,480,true],"1536x1536":["https:\/\/arantv.az\/wp-content\/uploads\/2019\/10\/2018_ilham_aliyev_02-1.jpg",1200,900,false],"2048x2048":["https:\/\/arantv.az\/wp-content\/uploads\/2019\/10\/2018_ilham_aliyev_02-1.jpg",1200,900,false],"post-thumbnail":["https:\/\/arantv.az\/wp-content\/uploads\/2019\/10\/2018_ilham_aliyev_02-1-240x172.jpg",240,172,true],"advps-thumb-one":["https:\/\/arantv.az\/wp-content\/uploads\/2019\/10\/2018_ilham_aliyev_02-1-1200x620.jpg",1200,620,true]},"rttpg_author":{"display_name":"V\u00fcsal Rafiqo\u011flu","author_link":"https:\/\/arantv.az\/?author=2"},"rttpg_comment":0,"rttpg_category":"<a href=\"https:\/\/arantv.az\/?cat=4\" rel=\"category\">Siyas\u0259t<\/a>","rttpg_excerpt":"&#8220;Az\u0259rbaycan z\u0259ngin tolerantl\u0131q, multikulturalizm \u0259n\u0259n\u0259l\u0259rin\u0259 malikdir. Multikulturalizm Az\u0259rbaycan xalq\u0131n\u0131n h\u0259yat t\u0259rzidir&#8221;. ARANTV.AZ\u00a0\u00a0AZ\u018fRTAC-a istinad\u0259n x\u0259b\u0259r verir ki, bunu Az\u0259rbaycan Prezidenti \u0130lham \u018fliyev Bak\u0131da Qo\u015fulmama H\u0259r\u0259kat\u0131na \u00fczv \u00f6lk\u0259l\u0259rin d\u00f6vl\u0259t v\u0259 h\u00f6kum\u0259t ba\u015f\u00e7\u0131lar\u0131n\u0131n XVIII Zirv\u0259 G\u00f6r\u00fc\u015f\u00fcnd\u0259ki nitqind\u0259 deyib. D\u00f6vl\u0259t ba\u015f\u00e7\u0131s\u0131 qeyd edib ki, on bir il \u0259vv\u0259l \u0130slam \u018fm\u0259kda\u015fl\u0131q T\u0259\u015fkilat\u0131na v\u0259 Avropa \u015euras\u0131na \u00fczv \u00f6lk\u0259l\u0259rin i\u015ftirak\u0131 il\u0259 ba\u015flad\u0131\u011f\u0131m\u0131z&hellip;","_links":{"self":[{"href":"https:\/\/arantv.az\/index.php?rest_route=\/wp\/v2\/posts\/89125"}],"collection":[{"href":"https:\/\/arantv.az\/index.php?rest_route=\/wp\/v2\/posts"}],"about":[{"href":"https:\/\/arantv.az\/index.php?rest_route=\/wp\/v2\/types\/post"}],"author":[{"embeddable":true,"href":"https:\/\/arantv.az\/index.php?rest_route=\/wp\/v2\/users\/2"}],"replies":[{"embeddable":true,"href":"https:\/\/arantv.az\/index.php?rest_route=%2Fwp%2Fv2%2Fcomments&post=89125"}],"version-history":[{"count":0,"href":"https:\/\/arantv.az\/index.php?rest_route=\/wp\/v2\/posts\/89125\/revisions"}],"wp:featuredmedia":[{"embeddable":true,"href":"https:\/\/arantv.az\/index.php?rest_route=\/wp\/v2\/media\/89126"}],"wp:attachment":[{"href":"https:\/\/arantv.az\/index.php?rest_route=%2Fwp%2Fv2%2Fmedia&parent=89125"}],"wp:term":[{"taxonomy":"category","embeddable":true,"href":"https:\/\/arantv.az\/index.php?rest_route=%2Fwp%2Fv2%2Fcategories&post=89125"},{"taxonomy":"post_tag","embeddable":true,"href":"https:\/\/arantv.az\/index.php?rest_route=%2Fwp%2Fv2%2Ftags&post=89125"}],"curies":[{"name":"wp","href":"https:\/\/api.w.org\/{rel}","templated":true}]}}