{"id":89129,"date":"2019-10-25T13:29:37","date_gmt":"2019-10-25T10:29:37","guid":{"rendered":"http:\/\/arantv.az\/?p=89129"},"modified":"2019-10-25T13:29:37","modified_gmt":"2019-10-25T10:29:37","slug":"prezident-ilham-%c9%99liyev-elektrik-enerjisinin-istehsali-ucun-az%c9%99rbaycanda-ancaq-ekoloji-t%c9%99miz-qaz-v%c9%99-su-elektrik-stansiyalarindan-istifad%c9%99-olunur","status":"publish","type":"post","link":"https:\/\/arantv.az\/?p=89129","title":{"rendered":"Prezident \u0130lham \u018fliyev: &#8220;Elektrik enerjisinin istehsal\u0131 \u00fc\u00e7\u00fcn Az\u0259rbaycanda ancaq ekoloji t\u0259miz qaz v\u0259 su elektrik stansiyalar\u0131ndan istifad\u0259 olunur&#8221;"},"content":{"rendered":"<p>&#8220;Elektrik enerjisinin istehsal\u0131 \u00fc\u00e7\u00fcn Az\u0259rbaycanda ancaq ekoloji t\u0259miz qaz v\u0259 su elektrik stansiyalar\u0131ndan istifad\u0259 olunur&#8221;.<\/p>\n<p><strong>ARANTV.AZ<\/strong>\u00a0\u00a0<a href=\"https:\/\/azertag.az\/\" target=\"_blank\" rel=\"noopener\">AZ\u018fRTAC<\/a>-a\u00a0istinad\u0259n x\u0259b\u0259r verir ki, bunu Az\u0259rbaycan Prezidenti \u0130lham \u018fliyev Bak\u0131da Qo\u015fulmama H\u0259r\u0259kat\u0131na \u00fczv \u00f6lk\u0259l\u0259rin d\u00f6vl\u0259t v\u0259 h\u00f6kum\u0259t ba\u015f\u00e7\u0131lar\u0131n\u0131n XVIII Zirv\u0259 G\u00f6r\u00fc\u015f\u00fcnd\u0259ki nitqind\u0259 deyib.<\/p>\n<p>D\u00f6vl\u0259t ba\u015f\u00e7\u0131s\u0131 qeyd edib ki, Az\u0259rbaycan kosmik \u00f6lk\u0259dir. Haz\u0131rda ikisi telekommunikasiya, biri is\u0259 Yer s\u0259thini m\u00fc\u015fahid\u0259 ed\u0259n \u00fc\u00e7 peykimiz var. \u018fhalimizin 80 faizi internet istifad\u0259\u00e7isidir.<\/p>\n<p>Prezident \u0130lham \u018fliyev bildirib ki, Az\u0259rbaycanda enerji t\u0259hl\u00fck\u0259sizliyi t\u0259min edilib:<\/p>\n<p>&#8220;Yen\u0259 d\u0259 Davos \u00dcmumd\u00fcnya \u0130qtisadi Forumunun hesabat\u0131na istinad ed\u0259r\u0259k dem\u0259liy\u0259m ki, elektrik enerjisinin \u0259l\u00e7atanl\u0131q \u0259msal\u0131na g\u00f6r\u0259 Az\u0259rbaycan d\u00fcnyada ikinci yerd\u0259dir. Az\u0259rbaycan, eyni zamanda, bir s\u0131ra \u00f6lk\u0259l\u0259rin enerji t\u0259chizat\u00e7\u0131s\u0131d\u0131r. Asiya v\u0259 Avropa qit\u0259l\u0259ri aras\u0131nda k\u00f6rp\u00fc rolu oynayan Az\u0259rbaycan a\u00e7\u0131q d\u0259niz\u0259 \u00e7\u0131x\u0131\u015f\u0131 olmayan \u00f6lk\u0259 kimi bir s\u0131ra regional n\u0259qliyyat layih\u0259l\u0259rinin t\u0259\u015f\u0259bb\u00fcskar\u0131 v\u0259 icra\u00e7\u0131s\u0131d\u0131r. \u015e\u0259rq-Q\u0259rb v\u0259 \u015eimal-C\u0259nub n\u0259qliyyat d\u0259hlizl\u0259ri layih\u0259l\u0259rinin f\u0259al i\u015ftirak\u00e7\u0131s\u0131 olaraq haz\u0131rda dig\u0259r m\u00fch\u00fcm layih\u0259l\u0259r &#8211; C\u0259nub-Q\u0259rb v\u0259 \u015eimal-Q\u0259rb layih\u0259l\u0259ri \u00fcz\u0259rind\u0259 \u00e7al\u0131\u015f\u0131r\u0131q. Bel\u0259likl\u0259, Az\u0259rbaycan etibarl\u0131 tranzit \u00f6lk\u0259si kimi \u00e7oxt\u0259r\u0259fli beyn\u0259lxalq \u0259m\u0259kda\u015fl\u0131\u011fa \u00f6z d\u0259y\u0259rli t\u00f6hf\u0259sini verir&#8221;.<\/p>\n<p>Az\u0259rbaycan Prezidenti deyib ki, iqlim d\u0259yi\u015fikliyi qlobal t\u0259hl\u00fck\u0259dir. Az\u0259rbaycan onun f\u0259sadlar\u0131na qar\u015f\u0131 m\u00fcbariz\u0259 \u00fczr\u0259 beyn\u0259lxalq s\u0259yl\u0259ri d\u0259st\u0259kl\u0259yir: &#8220;Az\u0259rbaycan Paris Sazi\u015fini ratifikasiya etmi\u015f, baza ili &#8211; 1990-c\u0131 ill\u0259 m\u00fcqayis\u0259d\u0259 2030-cu il\u0259 istilik effekti yaradan qazlar\u0131n emissiyalar\u0131n\u0131n s\u0259viyy\u0259sind\u0259 35 faiz azalman\u0131 h\u0259d\u0259f kimi g\u00f6t\u00fcrm\u00fc\u015fd\u00fcr. Elektrik enerjisinin istehsal\u0131 \u00fc\u00e7\u00fcn Az\u0259rbaycanda ancaq ekoloji t\u0259miz qaz v\u0259 su elektrik stansiyalar\u0131ndan istifad\u0259 olunur&#8221;.<\/p>\n","protected":false},"excerpt":{"rendered":"<p>&#8220;Elektrik enerjisinin istehsal\u0131 \u00fc\u00e7\u00fcn Az\u0259rbaycanda ancaq ekoloji t\u0259miz qaz v\u0259 su elektrik stansiyalar\u0131ndan istifad\u0259 olunur&#8221;. ARANTV.AZ\u00a0\u00a0AZ\u018fRTAC-a\u00a0istinad\u0259n x\u0259b\u0259r verir ki, bunu Az\u0259rbaycan Prezidenti \u0130lham \u018fliyev Bak\u0131da Qo\u015fulmama H\u0259r\u0259kat\u0131na \u00fczv \u00f6lk\u0259l\u0259rin d\u00f6vl\u0259t v\u0259 h\u00f6kum\u0259t ba\u015f\u00e7\u0131lar\u0131n\u0131n XVIII Zirv\u0259 G\u00f6r\u00fc\u015f\u00fcnd\u0259ki nitqind\u0259 deyib. D\u00f6vl\u0259t ba\u015f\u00e7\u0131s\u0131 qeyd edib ki, Az\u0259rbaycan kosmik \u00f6lk\u0259dir. Haz\u0131rda ikisi telekommunikasiya, biri is\u0259 Yer s\u0259thini m\u00fc\u015fahid\u0259 ed\u0259n \u00fc\u00e7 peykimiz var. \u018fhalimizin 80 faizi internet istifad\u0259\u00e7isidir. Prezident \u0130lham \u018fliyev bildirib ki, Az\u0259rbaycanda enerji t\u0259hl\u00fck\u0259sizliyi t\u0259min edilib: &#8220;Yen\u0259 d\u0259 Davos \u00dcmumd\u00fcnya \u0130qtisadi Forumunun hesabat\u0131na istinad ed\u0259r\u0259k dem\u0259liy\u0259m ki, elektrik enerjisinin \u0259l\u00e7atanl\u0131q \u0259msal\u0131na g\u00f6r\u0259 Az\u0259rbaycan&hellip;<\/p>\n","protected":false},"author":2,"featured_media":89023,"comment_status":"closed","ping_status":"closed","sticky":false,"template":"","format":"standard","meta":{"om_disable_all_campaigns":false,"_monsterinsights_skip_tracking":false,"_monsterinsights_sitenote_active":false,"_monsterinsights_sitenote_note":"","_monsterinsights_sitenote_category":0},"categories":[4],"tags":[],"aioseo_notices":[],"gutentor_comment":0,"rttpg_featured_image_url":{"full":["https:\/\/arantv.az\/wp-content\/uploads\/2019\/10\/2018_ilham_aliyev_05-6.jpg",1200,900,false],"landscape":["https:\/\/arantv.az\/wp-content\/uploads\/2019\/10\/2018_ilham_aliyev_05-6.jpg",1200,900,false],"portraits":["https:\/\/arantv.az\/wp-content\/uploads\/2019\/10\/2018_ilham_aliyev_05-6.jpg",1200,900,false],"thumbnail":["https:\/\/arantv.az\/wp-content\/uploads\/2019\/10\/2018_ilham_aliyev_05-6-150x150.jpg",150,150,true],"medium":["https:\/\/arantv.az\/wp-content\/uploads\/2019\/10\/2018_ilham_aliyev_05-6-300x225.jpg",300,225,true],"large":["https:\/\/arantv.az\/wp-content\/uploads\/2019\/10\/2018_ilham_aliyev_05-6-1024x768.jpg",640,480,true],"1536x1536":["https:\/\/arantv.az\/wp-content\/uploads\/2019\/10\/2018_ilham_aliyev_05-6.jpg",1200,900,false],"2048x2048":["https:\/\/arantv.az\/wp-content\/uploads\/2019\/10\/2018_ilham_aliyev_05-6.jpg",1200,900,false],"post-thumbnail":["https:\/\/arantv.az\/wp-content\/uploads\/2019\/10\/2018_ilham_aliyev_05-6-240x172.jpg",240,172,true],"advps-thumb-one":["https:\/\/arantv.az\/wp-content\/uploads\/2019\/10\/2018_ilham_aliyev_05-6-1200x620.jpg",1200,620,true]},"rttpg_author":{"display_name":"V\u00fcsal Rafiqo\u011flu","author_link":"https:\/\/arantv.az\/?author=2"},"rttpg_comment":0,"rttpg_category":"<a href=\"https:\/\/arantv.az\/?cat=4\" rel=\"category\">Siyas\u0259t<\/a>","rttpg_excerpt":"&#8220;Elektrik enerjisinin istehsal\u0131 \u00fc\u00e7\u00fcn Az\u0259rbaycanda ancaq ekoloji t\u0259miz qaz v\u0259 su elektrik stansiyalar\u0131ndan istifad\u0259 olunur&#8221;. ARANTV.AZ\u00a0\u00a0AZ\u018fRTAC-a\u00a0istinad\u0259n x\u0259b\u0259r verir ki, bunu Az\u0259rbaycan Prezidenti \u0130lham \u018fliyev Bak\u0131da Qo\u015fulmama H\u0259r\u0259kat\u0131na \u00fczv \u00f6lk\u0259l\u0259rin d\u00f6vl\u0259t v\u0259 h\u00f6kum\u0259t ba\u015f\u00e7\u0131lar\u0131n\u0131n XVIII Zirv\u0259 G\u00f6r\u00fc\u015f\u00fcnd\u0259ki nitqind\u0259 deyib. D\u00f6vl\u0259t ba\u015f\u00e7\u0131s\u0131 qeyd edib ki, Az\u0259rbaycan kosmik \u00f6lk\u0259dir. Haz\u0131rda ikisi telekommunikasiya, biri is\u0259 Yer s\u0259thini m\u00fc\u015fahid\u0259 ed\u0259n&hellip;","_links":{"self":[{"href":"https:\/\/arantv.az\/index.php?rest_route=\/wp\/v2\/posts\/89129"}],"collection":[{"href":"https:\/\/arantv.az\/index.php?rest_route=\/wp\/v2\/posts"}],"about":[{"href":"https:\/\/arantv.az\/index.php?rest_route=\/wp\/v2\/types\/post"}],"author":[{"embeddable":true,"href":"https:\/\/arantv.az\/index.php?rest_route=\/wp\/v2\/users\/2"}],"replies":[{"embeddable":true,"href":"https:\/\/arantv.az\/index.php?rest_route=%2Fwp%2Fv2%2Fcomments&post=89129"}],"version-history":[{"count":0,"href":"https:\/\/arantv.az\/index.php?rest_route=\/wp\/v2\/posts\/89129\/revisions"}],"wp:featuredmedia":[{"embeddable":true,"href":"https:\/\/arantv.az\/index.php?rest_route=\/wp\/v2\/media\/89023"}],"wp:attachment":[{"href":"https:\/\/arantv.az\/index.php?rest_route=%2Fwp%2Fv2%2Fmedia&parent=89129"}],"wp:term":[{"taxonomy":"category","embeddable":true,"href":"https:\/\/arantv.az\/index.php?rest_route=%2Fwp%2Fv2%2Fcategories&post=89129"},{"taxonomy":"post_tag","embeddable":true,"href":"https:\/\/arantv.az\/index.php?rest_route=%2Fwp%2Fv2%2Ftags&post=89129"}],"curies":[{"name":"wp","href":"https:\/\/api.w.org\/{rel}","templated":true}]}}