{"id":89132,"date":"2019-10-25T13:30:36","date_gmt":"2019-10-25T10:30:36","guid":{"rendered":"http:\/\/arantv.az\/?p=89132"},"modified":"2019-10-25T13:30:36","modified_gmt":"2019-10-25T10:30:36","slug":"prezident-ilham-%c9%99liyev-demokratik-inkisaf-az%c9%99rbaycanin-suurlu-secimidir","status":"publish","type":"post","link":"https:\/\/arantv.az\/?p=89132","title":{"rendered":"Prezident \u0130lham \u018fliyev: &#8220;Demokratik inki\u015faf Az\u0259rbaycan\u0131n \u015f\u00fcurlu se\u00e7imidir&#8221;"},"content":{"rendered":"<p>&#8220;Demokratik inki\u015faf Az\u0259rbaycan\u0131n \u015f\u00fcurlu se\u00e7imidir&#8221;.<\/p>\n<p><strong>ARANTV.AZ<\/strong>\u00a0\u00a0<a href=\"https:\/\/azertag.az\/\" target=\"_blank\" rel=\"noopener\">AZ\u018fRTAC<\/a>-a istinad\u0259n x\u0259b\u0259r verir ki, bunu Az\u0259rbaycan Prezidenti \u0130lham \u018fliyev Bak\u0131da Qo\u015fulmama H\u0259r\u0259kat\u0131na \u00fczv \u00f6lk\u0259l\u0259rin d\u00f6vl\u0259t v\u0259 h\u00f6kum\u0259t ba\u015f\u00e7\u0131lar\u0131n\u0131n XVIII Zirv\u0259 G\u00f6r\u00fc\u015f\u00fcnd\u0259ki nitqind\u0259 deyib.<\/p>\n<p>D\u00f6vl\u0259t ba\u015f\u00e7\u0131s\u0131 qeyd edib ki, m\u00fcst\u0259qilliyimizin ilk ill\u0259ri Az\u0259rbaycan \u00fc\u00e7\u00fcn \u00e7ox ke\u015fm\u0259ke\u015fli olmu\u015fdur: &#8220;X\u0259yan\u0259tkar, satq\u0131n, qorxaq, s\u0259ri\u015ft\u0259siz Az\u0259rbaycan Xalq C\u0259bh\u0259si hakimiyy\u0259ti ill\u0259rind\u0259 \u00f6lk\u0259miz b\u00f6y\u00fck b\u0259lalara d\u00fc\u00e7ar olmu\u015fdur. Az\u0259rbaycanda v\u0259t\u0259nda\u015f m\u00fcharib\u0259si ba\u015flam\u0131\u015fd\u0131r. Yaln\u0131z 1993-c\u00fc ild\u0259 Az\u0259rbaycan xalq\u0131n\u0131n t\u0259l\u0259bi il\u0259 Prezident Heyd\u0259r \u018fliyevin hakimiyy\u0259t\u0259 g\u0259lm\u0259si \u00f6lk\u0259mizi daha b\u00f6y\u00fck faci\u0259l\u0259rd\u0259n xilas etdi. Az\u0259rbaycan demokratik, dayan\u0131ql\u0131 inki\u015faf yoluna q\u0259d\u0259m qoydu, \u00f6lk\u0259d\u0259 sabitlik v\u0259 \u0259min-amanl\u0131q b\u0259rq\u0259rar oldu&#8221;.<\/p>\n<p>Prezident \u0130lham \u018fliyev bildirib ki, Az\u0259rbaycan demokratiya, insan h\u00fcquqlar\u0131 v\u0259 azadl\u0131qlar\u0131 kimi d\u0259y\u0259rl\u0259r\u0259 sadiqdir. Bunun d\u0259rin tarixi k\u00f6kl\u0259ri vard\u0131r:<\/p>\n<p>&#8220;Biz f\u0259xr edirik ki, bir \u0259sr bundan \u0259vv\u0259l \u015e\u0259rqd\u0259 m\u00fcs\u0259lman d\u00fcnyas\u0131nda ilk d\u0259f\u0259 olaraq Az\u0259rbaycanda demokratik respublika qurulmu\u015f, qad\u0131nlara s\u0259sverm\u0259 h\u00fcququq verilmi\u015fdir. Bu sah\u0259d\u0259 biz h\u0259tta \u0259ks\u0259r Q\u0259rb \u00f6lk\u0259l\u0259rini d\u0259 qabaqlam\u0131\u015f\u0131q. Demokratik inki\u015faf Az\u0259rbaycan\u0131n \u015f\u00fcurlu se\u00e7imidir. Az\u0259rbaycanda b\u00fct\u00fcn fundamental insan h\u00fcquq v\u0259 azadl\u0131qlar\u0131, qanunun aliliyi, m\u0259tbuat azadl\u0131\u011f\u0131 t\u0259min olunur&#8221;.<\/p>\n","protected":false},"excerpt":{"rendered":"<p>&#8220;Demokratik inki\u015faf Az\u0259rbaycan\u0131n \u015f\u00fcurlu se\u00e7imidir&#8221;. ARANTV.AZ\u00a0\u00a0AZ\u018fRTAC-a istinad\u0259n x\u0259b\u0259r verir ki, bunu Az\u0259rbaycan Prezidenti \u0130lham \u018fliyev Bak\u0131da Qo\u015fulmama H\u0259r\u0259kat\u0131na \u00fczv \u00f6lk\u0259l\u0259rin d\u00f6vl\u0259t v\u0259 h\u00f6kum\u0259t ba\u015f\u00e7\u0131lar\u0131n\u0131n XVIII Zirv\u0259 G\u00f6r\u00fc\u015f\u00fcnd\u0259ki nitqind\u0259 deyib. D\u00f6vl\u0259t ba\u015f\u00e7\u0131s\u0131 qeyd edib ki, m\u00fcst\u0259qilliyimizin ilk ill\u0259ri Az\u0259rbaycan \u00fc\u00e7\u00fcn \u00e7ox ke\u015fm\u0259ke\u015fli olmu\u015fdur: &#8220;X\u0259yan\u0259tkar, satq\u0131n, qorxaq, s\u0259ri\u015ft\u0259siz Az\u0259rbaycan Xalq C\u0259bh\u0259si hakimiyy\u0259ti ill\u0259rind\u0259 \u00f6lk\u0259miz b\u00f6y\u00fck b\u0259lalara d\u00fc\u00e7ar olmu\u015fdur. Az\u0259rbaycanda v\u0259t\u0259nda\u015f m\u00fcharib\u0259si ba\u015flam\u0131\u015fd\u0131r. Yaln\u0131z 1993-c\u00fc ild\u0259 Az\u0259rbaycan xalq\u0131n\u0131n t\u0259l\u0259bi il\u0259 Prezident Heyd\u0259r \u018fliyevin hakimiyy\u0259t\u0259 g\u0259lm\u0259si \u00f6lk\u0259mizi daha b\u00f6y\u00fck faci\u0259l\u0259rd\u0259n xilas etdi. Az\u0259rbaycan demokratik, dayan\u0131ql\u0131 inki\u015faf yoluna q\u0259d\u0259m qoydu, \u00f6lk\u0259d\u0259 sabitlik v\u0259 \u0259min-amanl\u0131q b\u0259rq\u0259rar&hellip;<\/p>\n","protected":false},"author":2,"featured_media":89133,"comment_status":"closed","ping_status":"closed","sticky":false,"template":"","format":"standard","meta":{"om_disable_all_campaigns":false,"_monsterinsights_skip_tracking":false,"_monsterinsights_sitenote_active":false,"_monsterinsights_sitenote_note":"","_monsterinsights_sitenote_category":0},"categories":[4],"tags":[],"aioseo_notices":[],"gutentor_comment":0,"rttpg_featured_image_url":{"full":["https:\/\/arantv.az\/wp-content\/uploads\/2019\/10\/2018_ilham_aliyev_02-2.jpg",1200,900,false],"landscape":["https:\/\/arantv.az\/wp-content\/uploads\/2019\/10\/2018_ilham_aliyev_02-2.jpg",1200,900,false],"portraits":["https:\/\/arantv.az\/wp-content\/uploads\/2019\/10\/2018_ilham_aliyev_02-2.jpg",1200,900,false],"thumbnail":["https:\/\/arantv.az\/wp-content\/uploads\/2019\/10\/2018_ilham_aliyev_02-2-150x150.jpg",150,150,true],"medium":["https:\/\/arantv.az\/wp-content\/uploads\/2019\/10\/2018_ilham_aliyev_02-2-300x225.jpg",300,225,true],"large":["https:\/\/arantv.az\/wp-content\/uploads\/2019\/10\/2018_ilham_aliyev_02-2-1024x768.jpg",640,480,true],"1536x1536":["https:\/\/arantv.az\/wp-content\/uploads\/2019\/10\/2018_ilham_aliyev_02-2.jpg",1200,900,false],"2048x2048":["https:\/\/arantv.az\/wp-content\/uploads\/2019\/10\/2018_ilham_aliyev_02-2.jpg",1200,900,false],"post-thumbnail":["https:\/\/arantv.az\/wp-content\/uploads\/2019\/10\/2018_ilham_aliyev_02-2-240x172.jpg",240,172,true],"advps-thumb-one":["https:\/\/arantv.az\/wp-content\/uploads\/2019\/10\/2018_ilham_aliyev_02-2-1200x620.jpg",1200,620,true]},"rttpg_author":{"display_name":"V\u00fcsal Rafiqo\u011flu","author_link":"https:\/\/arantv.az\/?author=2"},"rttpg_comment":0,"rttpg_category":"<a href=\"https:\/\/arantv.az\/?cat=4\" rel=\"category\">Siyas\u0259t<\/a>","rttpg_excerpt":"&#8220;Demokratik inki\u015faf Az\u0259rbaycan\u0131n \u015f\u00fcurlu se\u00e7imidir&#8221;. ARANTV.AZ\u00a0\u00a0AZ\u018fRTAC-a istinad\u0259n x\u0259b\u0259r verir ki, bunu Az\u0259rbaycan Prezidenti \u0130lham \u018fliyev Bak\u0131da Qo\u015fulmama H\u0259r\u0259kat\u0131na \u00fczv \u00f6lk\u0259l\u0259rin d\u00f6vl\u0259t v\u0259 h\u00f6kum\u0259t ba\u015f\u00e7\u0131lar\u0131n\u0131n XVIII Zirv\u0259 G\u00f6r\u00fc\u015f\u00fcnd\u0259ki nitqind\u0259 deyib. D\u00f6vl\u0259t ba\u015f\u00e7\u0131s\u0131 qeyd edib ki, m\u00fcst\u0259qilliyimizin ilk ill\u0259ri Az\u0259rbaycan \u00fc\u00e7\u00fcn \u00e7ox ke\u015fm\u0259ke\u015fli olmu\u015fdur: &#8220;X\u0259yan\u0259tkar, satq\u0131n, qorxaq, s\u0259ri\u015ft\u0259siz Az\u0259rbaycan Xalq C\u0259bh\u0259si hakimiyy\u0259ti ill\u0259rind\u0259 \u00f6lk\u0259miz b\u00f6y\u00fck b\u0259lalara d\u00fc\u00e7ar&hellip;","_links":{"self":[{"href":"https:\/\/arantv.az\/index.php?rest_route=\/wp\/v2\/posts\/89132"}],"collection":[{"href":"https:\/\/arantv.az\/index.php?rest_route=\/wp\/v2\/posts"}],"about":[{"href":"https:\/\/arantv.az\/index.php?rest_route=\/wp\/v2\/types\/post"}],"author":[{"embeddable":true,"href":"https:\/\/arantv.az\/index.php?rest_route=\/wp\/v2\/users\/2"}],"replies":[{"embeddable":true,"href":"https:\/\/arantv.az\/index.php?rest_route=%2Fwp%2Fv2%2Fcomments&post=89132"}],"version-history":[{"count":0,"href":"https:\/\/arantv.az\/index.php?rest_route=\/wp\/v2\/posts\/89132\/revisions"}],"wp:featuredmedia":[{"embeddable":true,"href":"https:\/\/arantv.az\/index.php?rest_route=\/wp\/v2\/media\/89133"}],"wp:attachment":[{"href":"https:\/\/arantv.az\/index.php?rest_route=%2Fwp%2Fv2%2Fmedia&parent=89132"}],"wp:term":[{"taxonomy":"category","embeddable":true,"href":"https:\/\/arantv.az\/index.php?rest_route=%2Fwp%2Fv2%2Fcategories&post=89132"},{"taxonomy":"post_tag","embeddable":true,"href":"https:\/\/arantv.az\/index.php?rest_route=%2Fwp%2Fv2%2Ftags&post=89132"}],"curies":[{"name":"wp","href":"https:\/\/api.w.org\/{rel}","templated":true}]}}