{"id":89136,"date":"2019-10-25T13:31:25","date_gmt":"2019-10-25T10:31:25","guid":{"rendered":"http:\/\/arantv.az\/?p=89136"},"modified":"2019-10-25T13:31:25","modified_gmt":"2019-10-25T10:31:25","slug":"prezident-ilham-%c9%99liyev-qarabag-%c9%99z%c9%99li-az%c9%99rbaycan-torpagidir-v%c9%99-munaqis%c9%99-az%c9%99rbaycanin-%c9%99razi-butovluyu-c%c9%99rciv%c9%99sind%c9%99-h%c9%99ll-olunmalidir","status":"publish","type":"post","link":"https:\/\/arantv.az\/?p=89136","title":{"rendered":"Prezident \u0130lham \u018fliyev: &#8220;Qaraba\u011f \u0259z\u0259li Az\u0259rbaycan torpa\u011f\u0131d\u0131r v\u0259 m\u00fcnaqi\u015f\u0259 Az\u0259rbaycan\u0131n \u0259razi b\u00fct\u00f6vl\u00fcy\u00fc \u00e7\u0259r\u00e7iv\u0259sind\u0259 h\u0259ll olunmal\u0131d\u0131r&#8221;"},"content":{"rendered":"<p>&#8220;Qaraba\u011f \u0259z\u0259li Az\u0259rbaycan torpa\u011f\u0131d\u0131r v\u0259 m\u00fcnaqi\u015f\u0259 yaln\u0131z Az\u0259rbaycan\u0131n suverenliyi v\u0259 \u0259razi b\u00fct\u00f6vl\u00fcy\u00fc \u00e7\u0259r\u00e7iv\u0259sind\u0259 h\u0259ll olunmal\u0131d\u0131r&#8221;.<\/p>\n<p><strong>ARANTV.AZ<\/strong>\u00a0\u00a0<a href=\"https:\/\/azertag.az\/\" target=\"_blank\" rel=\"noopener\">AZ\u018fRTAC<\/a>-a istinad\u0259n x\u0259b\u0259r verir ki, bunu Az\u0259rbaycan Prezidenti \u0130lham \u018fliyev Bak\u0131da Qo\u015fulmama H\u0259r\u0259kat\u0131na \u00fczv \u00f6lk\u0259l\u0259rin d\u00f6vl\u0259t v\u0259 h\u00f6kum\u0259t ba\u015f\u00e7\u0131lar\u0131n\u0131n XVIII Zirv\u0259 G\u00f6r\u00fc\u015f\u00fcnd\u0259ki nitqind\u0259 deyib.<\/p>\n<p>D\u00f6vl\u0259t ba\u015f\u00e7\u0131s\u0131 qeyd edib ki, Az\u0259rbaycan\u0131n tarixi torpa\u011f\u0131 olan Da\u011fl\u0131q Qaraba\u011f v\u0259 \u0259traf\u0131ndak\u0131 yeddi rayon &#8211; \u00f6lk\u0259mizin beyn\u0259lxalq s\u0259viyy\u0259d\u0259 tan\u0131nm\u0131\u015f \u0259razil\u0259rinin t\u0259xmin\u0259n 20 faizi iyirmi be\u015f ild\u0259n art\u0131qd\u0131r ki, Erm\u0259nistan\u0131n i\u015f\u011fal\u0131 alt\u0131ndad\u0131r:<\/p>\n<p>&#8220;Erm\u0259nistan az\u0259rbaycanl\u0131lara qar\u015f\u0131 etnik t\u0259mizl\u0259m\u0259 siyas\u0259ti aparm\u0131\u015f v\u0259 n\u0259tic\u0259d\u0259 bir milyondan art\u0131q az\u0259rbaycanl\u0131 qa\u00e7q\u0131n v\u0259 m\u0259cburi k\u00f6\u00e7k\u00fcn v\u0259ziyy\u0259tin\u0259 d\u00fc\u015fm\u00fc\u015fd\u00fcr. O vaxt Az\u0259rbaycan\u0131n \u0259halisi 8 milyon idi v\u0259 qa\u00e7q\u0131nlar\u0131n, m\u0259cburi k\u00f6\u00e7k\u00fcnl\u0259rin \u0259halinin adamba\u015f\u0131na d\u00fc\u015f\u0259n say\u0131na g\u00f6r\u0259 \u00f6lk\u0259miz d\u00fcnyada ilk yerl\u0259ri tuturdu. Erm\u0259nistan az\u0259rbaycanl\u0131lara qar\u015f\u0131 Xocal\u0131 soyq\u0131r\u0131m\u0131n\u0131 t\u00f6r\u0259tmi\u015fdir. Xocal\u0131 soyq\u0131r\u0131m\u0131 n\u0259tic\u0259sind\u0259 613 g\u00fcnahs\u0131z insan, o c\u00fcml\u0259d\u0259n 106 qad\u0131n v\u0259 63 u\u015faq yaln\u0131z az\u0259rbaycanl\u0131 olduqlar\u0131na g\u00f6r\u0259 v\u0259h\u015fic\u0259sin\u0259 q\u0259tl\u0259 yetirilmi\u015fdir. Mind\u0259n \u00e7ox insan itkin d\u00fc\u015fm\u00fc\u015fd\u00fcr.<\/p>\n<p>Xocal\u0131 soyq\u0131r\u0131m\u0131 d\u00fcnyan\u0131n 10-dan \u00e7ox \u00f6lk\u0259si t\u0259r\u0259find\u0259n tan\u0131nm\u0131\u015fd\u0131r. 1993-c\u00fc ild\u0259 BMT T\u0259hl\u00fck\u0259sizlik \u015euras\u0131 t\u0259r\u0259find\u0259n q\u0259bul edilmi\u015f d\u00f6rd q\u0259tnam\u0259d\u0259 Erm\u0259nistan qo\u015funlar\u0131n\u0131n Az\u0259rbaycan\u0131n \u0259razisind\u0259n tam v\u0259 qeyd-\u015f\u0259rtsiz \u00e7\u0131xar\u0131lmas\u0131 t\u0259l\u0259b olunmu\u015fdur. T\u0259\u0259ss\u00fcf ki, h\u0259min q\u0259tnam\u0259l\u0259r h\u0259yata ke\u00e7irilm\u0259mi\u015fdir. B\u0259z\u0259n T\u0259hl\u00fck\u0259sizlik \u015euras\u0131n\u0131n q\u0259tnam\u0259l\u0259ri bir ne\u00e7\u0259 g\u00fcn\u00fcn i\u00e7ind\u0259 icra edilir. B\u0259z\u0259n is\u0259 Az\u0259rbaycan\u0131n \u00fczl\u0259\u015fdiyi m\u00fcnaqi\u015f\u0259y\u0259 m\u00fcnasib\u0259td\u0259 oldu\u011fu kimi, 26 ildir ki, ka\u011f\u0131z \u00fcz\u0259rind\u0259 qal\u0131r&#8221;.<\/p>\n<p>Prezident \u0130lham \u018fliyev bildirib ki, ikili standartlar siyas\u0259tin\u0259 son qoyulmal\u0131d\u0131r: &#8220;\u0130slam \u018fm\u0259kda\u015fl\u0131q T\u0259\u015fkilat\u0131, T\u00fcrkdilli D\u00f6vl\u0259tl\u0259rin \u018fm\u0259kda\u015fl\u0131q \u015euras\u0131, Avropa Parlamenti, Avropa \u015euras\u0131n\u0131n Parlament Assambleyas\u0131, AT\u018fT v\u0259 dig\u0259r n\u00fcfuzlu t\u0259\u015fkilatlar Az\u0259rbaycan\u0131n \u0259razi b\u00fct\u00f6vl\u00fcy\u00fcn\u00fcn b\u0259rpa olunmas\u0131n\u0131 t\u0259l\u0259b ed\u0259n q\u0259tnam\u0259 v\u0259 q\u0259rarlar q\u0259bul etmi\u015fl\u0259r. F\u00fcrs\u0259td\u0259n istifad\u0259 ed\u0259r\u0259k Qo\u015fulmama H\u0259r\u0259kat\u0131n\u0131n indiy\u0259 q\u0259d\u0259r q\u0259bul olunmu\u015f s\u0259n\u0259dl\u0259rind\u0259 m\u00fcnaqi\u015f\u0259nin BMT T\u0259hl\u00fck\u0259sizlik \u015euras\u0131n\u0131n q\u0259tnam\u0259l\u0259rin\u0259 uy\u011fun olaraq Az\u0259rbaycan\u0131n \u0259razi b\u00fct\u00f6vl\u00fcy\u00fc \u00e7\u0259r\u00e7iv\u0259sind\u0259 h\u0259llin\u0259 d\u0259st\u0259k ifad\u0259 etdikl\u0259rin\u0259 g\u00f6r\u0259 \u00fczv d\u00f6vl\u0259tl\u0259r\u0259 t\u0259\u015f\u0259kk\u00fcr\u00fcm\u00fc bildirir\u0259m.<\/p>\n<p>Az\u0259rbaycan\u0131n i\u015f\u011fal olunmu\u015f \u0259razil\u0259rind\u0259 b\u00fct\u00fcn tarixi abid\u0259l\u0259r, m\u0259scidl\u0259r, m\u0259zarl\u0131qlar Erm\u0259nistan t\u0259r\u0259find\u0259n da\u011f\u0131d\u0131lm\u0131\u015f, muzeyl\u0259r v\u0259 maddi-m\u0259n\u0259vi s\u0259rv\u0259tl\u0259rimiz talan edilmi\u015fdir. Erm\u0259nistan m\u0259qs\u0259dli sur\u0259td\u0259 i\u015f\u011fal olunmu\u015f \u0259razil\u0259rd\u0259 Az\u0259rbaycan izini itirm\u0259y\u0259 \u00e7al\u0131\u015faraq b\u00fct\u00fcn toponiml\u0259ri erm\u0259nil\u0259\u015fdirir. Erm\u0259nistan, h\u0259m\u00e7inin i\u015f\u011fal olunmu\u015f \u0259razil\u0259rd\u0259 beyn\u0259lxalq humanitar h\u00fcquqa zidd olaraq qeyri-qanuni m\u0259skunla\u015fd\u0131rma siyas\u0259ti apar\u0131r v\u0259 qanunsuz iqtisadi f\u0259aliyy\u0259tl\u0259 m\u0259\u015f\u011ful olur.<\/p>\n<p>2016-c\u0131 ilin aprel ay\u0131nda Erm\u0259nistan\u0131n t\u00f6r\u0259tdiyi h\u0259rbi t\u0259xribat n\u0259tic\u0259sind\u0259 aralar\u0131nda bir u\u015faq olmaqla alt\u0131 az\u0259rbaycanl\u0131 m\u00fclki \u015f\u0259xs h\u0259lak olmu\u015f, 26-s\u0131 yaralanm\u0131\u015fd\u0131r, y\u00fczl\u0259rl\u0259 ev da\u011f\u0131d\u0131lm\u0131\u015fd\u0131r. Qaraba\u011f \u0259z\u0259li Az\u0259rbaycan torpa\u011f\u0131d\u0131r v\u0259 m\u00fcnaqi\u015f\u0259 yaln\u0131z Az\u0259rbaycan\u0131n suverenliyi v\u0259 \u0259razi b\u00fct\u00f6vl\u00fcy\u00fc \u00e7\u0259r\u00e7iv\u0259sind\u0259 h\u0259ll olunmal\u0131d\u0131r&#8221;.<\/p>\n","protected":false},"excerpt":{"rendered":"<p>&#8220;Qaraba\u011f \u0259z\u0259li Az\u0259rbaycan torpa\u011f\u0131d\u0131r v\u0259 m\u00fcnaqi\u015f\u0259 yaln\u0131z Az\u0259rbaycan\u0131n suverenliyi v\u0259 \u0259razi b\u00fct\u00f6vl\u00fcy\u00fc \u00e7\u0259r\u00e7iv\u0259sind\u0259 h\u0259ll olunmal\u0131d\u0131r&#8221;. ARANTV.AZ\u00a0\u00a0AZ\u018fRTAC-a istinad\u0259n x\u0259b\u0259r verir ki, bunu Az\u0259rbaycan Prezidenti \u0130lham \u018fliyev Bak\u0131da Qo\u015fulmama H\u0259r\u0259kat\u0131na \u00fczv \u00f6lk\u0259l\u0259rin d\u00f6vl\u0259t v\u0259 h\u00f6kum\u0259t ba\u015f\u00e7\u0131lar\u0131n\u0131n XVIII Zirv\u0259 G\u00f6r\u00fc\u015f\u00fcnd\u0259ki nitqind\u0259 deyib. D\u00f6vl\u0259t ba\u015f\u00e7\u0131s\u0131 qeyd edib ki, Az\u0259rbaycan\u0131n tarixi torpa\u011f\u0131 olan Da\u011fl\u0131q Qaraba\u011f v\u0259 \u0259traf\u0131ndak\u0131 yeddi rayon &#8211; \u00f6lk\u0259mizin beyn\u0259lxalq s\u0259viyy\u0259d\u0259 tan\u0131nm\u0131\u015f \u0259razil\u0259rinin t\u0259xmin\u0259n 20 faizi iyirmi be\u015f ild\u0259n art\u0131qd\u0131r ki, Erm\u0259nistan\u0131n i\u015f\u011fal\u0131 alt\u0131ndad\u0131r: &#8220;Erm\u0259nistan az\u0259rbaycanl\u0131lara qar\u015f\u0131 etnik t\u0259mizl\u0259m\u0259 siyas\u0259ti aparm\u0131\u015f v\u0259 n\u0259tic\u0259d\u0259 bir milyondan art\u0131q az\u0259rbaycanl\u0131 qa\u00e7q\u0131n v\u0259 m\u0259cburi k\u00f6\u00e7k\u00fcn v\u0259ziyy\u0259tin\u0259 d\u00fc\u015fm\u00fc\u015fd\u00fcr.&hellip;<\/p>\n","protected":false},"author":2,"featured_media":89137,"comment_status":"closed","ping_status":"closed","sticky":false,"template":"","format":"standard","meta":{"om_disable_all_campaigns":false,"_monsterinsights_skip_tracking":false,"_monsterinsights_sitenote_active":false,"_monsterinsights_sitenote_note":"","_monsterinsights_sitenote_category":0},"categories":[4],"tags":[],"aioseo_notices":[],"gutentor_comment":0,"rttpg_featured_image_url":{"full":["https:\/\/arantv.az\/wp-content\/uploads\/2019\/10\/797077_1.jpg",800,550,false],"landscape":["https:\/\/arantv.az\/wp-content\/uploads\/2019\/10\/797077_1.jpg",800,550,false],"portraits":["https:\/\/arantv.az\/wp-content\/uploads\/2019\/10\/797077_1.jpg",800,550,false],"thumbnail":["https:\/\/arantv.az\/wp-content\/uploads\/2019\/10\/797077_1-150x150.jpg",150,150,true],"medium":["https:\/\/arantv.az\/wp-content\/uploads\/2019\/10\/797077_1-300x206.jpg",300,206,true],"large":["https:\/\/arantv.az\/wp-content\/uploads\/2019\/10\/797077_1.jpg",640,440,false],"1536x1536":["https:\/\/arantv.az\/wp-content\/uploads\/2019\/10\/797077_1.jpg",800,550,false],"2048x2048":["https:\/\/arantv.az\/wp-content\/uploads\/2019\/10\/797077_1.jpg",800,550,false],"post-thumbnail":["https:\/\/arantv.az\/wp-content\/uploads\/2019\/10\/797077_1-240x172.jpg",240,172,true],"advps-thumb-one":["https:\/\/arantv.az\/wp-content\/uploads\/2019\/10\/797077_1.jpg",800,550,false]},"rttpg_author":{"display_name":"V\u00fcsal Rafiqo\u011flu","author_link":"https:\/\/arantv.az\/?author=2"},"rttpg_comment":0,"rttpg_category":"<a href=\"https:\/\/arantv.az\/?cat=4\" rel=\"category\">Siyas\u0259t<\/a>","rttpg_excerpt":"&#8220;Qaraba\u011f \u0259z\u0259li Az\u0259rbaycan torpa\u011f\u0131d\u0131r v\u0259 m\u00fcnaqi\u015f\u0259 yaln\u0131z Az\u0259rbaycan\u0131n suverenliyi v\u0259 \u0259razi b\u00fct\u00f6vl\u00fcy\u00fc \u00e7\u0259r\u00e7iv\u0259sind\u0259 h\u0259ll olunmal\u0131d\u0131r&#8221;. ARANTV.AZ\u00a0\u00a0AZ\u018fRTAC-a istinad\u0259n x\u0259b\u0259r verir ki, bunu Az\u0259rbaycan Prezidenti \u0130lham \u018fliyev Bak\u0131da Qo\u015fulmama H\u0259r\u0259kat\u0131na \u00fczv \u00f6lk\u0259l\u0259rin d\u00f6vl\u0259t v\u0259 h\u00f6kum\u0259t ba\u015f\u00e7\u0131lar\u0131n\u0131n XVIII Zirv\u0259 G\u00f6r\u00fc\u015f\u00fcnd\u0259ki nitqind\u0259 deyib. D\u00f6vl\u0259t ba\u015f\u00e7\u0131s\u0131 qeyd edib ki, Az\u0259rbaycan\u0131n tarixi torpa\u011f\u0131 olan Da\u011fl\u0131q Qaraba\u011f v\u0259 \u0259traf\u0131ndak\u0131 yeddi rayon &#8211;&hellip;","_links":{"self":[{"href":"https:\/\/arantv.az\/index.php?rest_route=\/wp\/v2\/posts\/89136"}],"collection":[{"href":"https:\/\/arantv.az\/index.php?rest_route=\/wp\/v2\/posts"}],"about":[{"href":"https:\/\/arantv.az\/index.php?rest_route=\/wp\/v2\/types\/post"}],"author":[{"embeddable":true,"href":"https:\/\/arantv.az\/index.php?rest_route=\/wp\/v2\/users\/2"}],"replies":[{"embeddable":true,"href":"https:\/\/arantv.az\/index.php?rest_route=%2Fwp%2Fv2%2Fcomments&post=89136"}],"version-history":[{"count":0,"href":"https:\/\/arantv.az\/index.php?rest_route=\/wp\/v2\/posts\/89136\/revisions"}],"wp:featuredmedia":[{"embeddable":true,"href":"https:\/\/arantv.az\/index.php?rest_route=\/wp\/v2\/media\/89137"}],"wp:attachment":[{"href":"https:\/\/arantv.az\/index.php?rest_route=%2Fwp%2Fv2%2Fmedia&parent=89136"}],"wp:term":[{"taxonomy":"category","embeddable":true,"href":"https:\/\/arantv.az\/index.php?rest_route=%2Fwp%2Fv2%2Fcategories&post=89136"},{"taxonomy":"post_tag","embeddable":true,"href":"https:\/\/arantv.az\/index.php?rest_route=%2Fwp%2Fv2%2Ftags&post=89136"}],"curies":[{"name":"wp","href":"https:\/\/api.w.org\/{rel}","templated":true}]}}