{"id":89140,"date":"2019-10-25T13:36:00","date_gmt":"2019-10-25T10:36:00","guid":{"rendered":"http:\/\/arantv.az\/?p=89140"},"modified":"2019-10-25T13:36:00","modified_gmt":"2019-10-25T10:36:00","slug":"xxi-%c9%99sr-turk-dunyasi-%c9%99sri-olacaq-prezident-ilham-%c9%99liyev-rusiyanin-kommersant-q%c9%99zetinin-xususi-layih%c9%99sind%c9%99","status":"publish","type":"post","link":"https:\/\/arantv.az\/?p=89140","title":{"rendered":"&#8220;XXI \u0259sr t\u00fcrk d\u00fcnyas\u0131 \u0259sri olacaq&#8221; &#8211; Prezident \u0130lham \u018fliyev Rusiyan\u0131n \u201cKommersant\u201d q\u0259zetinin x\u00fcsusi layih\u0259sind\u0259"},"content":{"rendered":"<p>Rusiyan\u0131n n\u00fcfuzlu &#8220;Kommersant&#8221; q\u0259zeti ke\u00e7mi\u015f SSR\u0130 \u00f6lk\u0259l\u0259rinin d\u00f6vl\u0259t ba\u015f\u00e7\u0131lar\u0131na h\u0259sr olunmu\u015f yeni x\u00fcsusi layih\u0259 i\u015f\u0259 sal\u0131b.<\/p>\n<p><strong>ARANTV.AZ<\/strong>\u00a0<a href=\"https:\/\/az.trend.az\/\" target=\"_blank\" rel=\"noopener\">Trend<\/a>-\u0259 istinad\u0259n x\u0259b\u0259r verir ki, birinci burax\u0131l\u0131\u015f Az\u0259rbaycan Prezidenti \u0130lham \u018fliyev\u0259 h\u0259sr olunub.<\/p>\n<p>Material\u0131n m\u00fc\u0259llifl\u0259ri Prezident \u0130lham \u018fliyevin \u00fcmummilli lider Heyd\u0259r \u018fliyev, Birinci vitse-prezident Mehriban \u018fliyeva, Da\u011fl\u0131q Qaraba\u011f m\u00fcnaqi\u015f\u0259si v\u0259 dig\u0259r sah\u0259l\u0259r bar\u0259d\u0259 10 sitat\u0131n\u0131 se\u00e7ib.<\/p>\n<p>Oxuculara h\u0259min sitatlar\u0131 t\u0259qdim edirik.<\/p>\n<p>Prezident \u0130lham \u018fliyev \u00fcmummilli lider Heyd\u0259r \u018fliyev haqq\u0131nda:<\/p>\n<p>&#8220;M\u0259n \u00e7ox e\u015fitmi\u015f\u0259m: &#8220;Onu atas\u0131 apar\u0131r&#8221; v\u0259 ya &#8220;\u018fg\u0259r Heyd\u0259r \u018fliyev prezident olmasayd\u0131, \u0130lham he\u00e7 n\u0259y\u0259 nail olmazd\u0131&#8221;. Buna n\u0259 dey\u0259 bil\u0259r\u0259m? H\u0259r \u00f6lk\u0259d\u0259 hakimiyy\u0259tin v\u0259r\u0259s\u0259liyi \u00e7ox vacibdir. Ona g\u00f6r\u0259 d\u0259 Heyd\u0259r \u018fliyevin \u00f6z varisi bar\u0259d\u0259 narahat olmas\u0131 t\u0259bii idi. Bundan ba\u015fqa o, \u00f6z varisini \u0259vv\u0259lc\u0259d\u0259n haz\u0131rlama\u011fa ba\u015flay\u0131b.\u00a0<strong>Atam add\u0131m-add\u0131m \u00f6z t\u0259cr\u00fcb\u0259sini m\u0259n\u0259 \u00f6t\u00fcr\u00fcb<\/strong>\u00a0v\u0259 m\u00fcxt\u0259lif v\u0259ziyy\u0259tl\u0259rd\u0259 nec\u0259 davranmaq laz\u0131m oldu\u011funu deyib&#8221;.<\/p>\n<p>Prezident \u0130lham \u018fliyev Birinci vitse-prezident Mehriban \u018fliyeva haqq\u0131nda:<\/p>\n<p>&#8220;Mehriban \u018fliyeva uzun ill\u0259rdir ki, ictimai-siyasi, m\u0259d\u0259ni v\u0259 beyn\u0259lxalq sferalarda f\u0259aliyy\u0259td\u0259 vacib rol oynay\u0131r. O, \u00fcmumilikd\u0259 \u00e7oxt\u0259r\u0259fli v\u0259 u\u011furlu f\u0259aliyy\u0259t g\u00f6st\u0259rir.\u00a0<strong>M\u0259n onun Az\u0259rbaycan\u0131n Birinci vitse-prezidenti v\u0259zif\u0259sin\u0259 t\u0259yin edilm\u0259sind\u0259 m\u0259hz bu amill\u0259ri r\u0259hb\u0259r g\u00f6t\u00fcrm\u00fc\u015f\u0259m<\/strong>&#8230; O, pe\u015f\u0259kar, t\u0259cr\u00fcb\u0259li v\u0259 prinsipial insand\u0131r, humanistdir&#8221;.<\/p>\n<p>Prezident \u0130lham \u018fliyev Da\u011fl\u0131q Qaraba\u011f haqq\u0131nda:<\/p>\n<p>&#8220;<strong>Biz m\u00fcharib\u0259 \u015f\u0259raitind\u0259 ya\u015fay\u0131r\u0131q<\/strong>. M\u00fcharib\u0259 h\u0259l\u0259 ba\u015fa \u00e7atmay\u0131b v\u0259 biz h\u0259r an do\u011fma torpaqlar\u0131m\u0131z\u0131n i\u015f\u011faldan azad olunmas\u0131na haz\u0131r olmal\u0131y\u0131q. \u018fmin\u0259m ki, o g\u00fcn g\u0259l\u0259c\u0259k v\u0259 Az\u0259rbaycan \u0259razi b\u00fct\u00f6vl\u00fcy\u00fcn\u00fc t\u0259min ed\u0259c\u0259k&#8221;.<\/p>\n<p>Prezident \u0130lham \u018fliyev avrointeqrasiya haqq\u0131nda:<\/p>\n<p>&#8220;B\u0259zil\u0259ri deyir ki, kimins\u0259 xo\u015funa g\u0259lm\u0259k, ya da donor pullar\u0131n\u0131 \u0259sasland\u0131rmaq biz Avropaya inteqrasiya olmal\u0131y\u0131q. Sual olunur, biz hans\u0131 Avropaya inteqrasiya olmal\u0131y\u0131q? Bug\u00fcnk\u00fc Avropa g\u00f6z qaba\u011f\u0131ndad\u0131r&#8230; Biz oraya inteqrasiya olmal\u0131y\u0131q, b\u00f6hrana inteqrasiya olmal\u0131y\u0131q?! &#8220;M\u00fcs\u0259lmanlara stop&#8221; deyil\u0259n yer\u0259 inteqrasiya olmal\u0131y\u0131q?! Qa\u00e7q\u0131n m\u00fcs\u0259lmanlara m\u00fcnasib\u0259td\u0259 ikili standartlar t\u0259tbiq ed\u0259nl\u0259rin c\u0259miyy\u0259tin\u0259 inteqrasiya olmal\u0131y\u0131q?!\u00a0<strong>M\u00fcs\u0259lmanlar\u0131 q\u0259f\u0259sd\u0259 saxlayanlar\u0131n c\u0259miyy\u0259tin\u0259 inteqrasiya olmal\u0131y\u0131q?!<\/strong>&#8221;<\/p>\n<p>Prezident \u0130lham \u018fliyev t\u00fcrk d\u00fcnyas\u0131 haqq\u0131nda:<\/p>\n<p>&#8220;Bizim T\u00fcrkiy\u0259 il\u0259 qarda\u015fl\u0131q \u0259laq\u0259l\u0259rimiz dayan\u0131ql\u0131d\u0131r v\u0259 realla\u015fd\u0131r\u0131lan layih\u0259l\u0259r bunu t\u0259sdiql\u0259yir: aram\u0131zdak\u0131 qarda\u015fl\u0131q, dostluq \u0259b\u0259di olacaq,\u00a0<strong>XXI \u0259sr t\u00fcrk d\u00fcnyas\u0131 \u0259sri olacaq<\/strong>&#8220;.<\/p>\n<p>Prezident \u0130lham \u018fliyev SSR\u0130-nin da\u011f\u0131lmas\u0131 haqq\u0131nda:<\/p>\n<p>&#8220;SSR\u0130 b\u00f6y\u00fck d\u00f6vl\u0259t qismind\u0259 d\u00fczg\u00fcn apar\u0131lan milli siyas\u0259t hesab\u0131na m\u00f6vcud oldu. Amma 1985-ci ild\u0259n SSR\u0130-y\u0259 r\u0259hb\u0259rlik ed\u0259n \u015f\u0259xsl\u0259r ya \u00f6z m\u0259suliyy\u0259tl\u0259rini ba\u015fa d\u00fc\u015fm\u00fcrd\u00fcl\u0259r, ya da bil\u0259r\u0259kd\u0259n z\u0259r\u0259rli add\u0131mlar at\u0131rd\u0131lar ki, bunlar\u0131n aras\u0131nda separat\u00e7\u0131lar\u0131n vaxtl\u0131-vaxt\u0131nda c\u0259zaland\u0131r\u0131lmamas\u0131 da var idi.\u00a0<strong>T\u0259\u0259ss\u00fcf ki, bu g\u00fcn\u0259d\u0259k Qorba\u00e7ov bu v\u0259 dig\u0259r cinay\u0259tl\u0259r\u0259 g\u00f6r\u0259 m\u0259suliyy\u0259t\u0259 c\u0259lb edilm\u0259yib<\/strong>&#8220;.<\/p>\n<p>Prezident \u0130lham \u018fliyev rus dili haqq\u0131nda:<\/p>\n<p>&#8220;Rus dilin\u0259 bizd\u0259 ke\u00e7mi\u015fd\u0259 oldu\u011fu kimi h\u00f6rm\u0259t edilir.\u00a0<strong>Az\u0259rbaycan he\u00e7 vaxt rus dilini \u00f6z\u00fcn\u0259 h\u0259d\u0259f se\u00e7\u0259nl\u0259ri d\u0259st\u0259kl\u0259m\u0259y\u0259c\u0259k<\/strong>&#8220;.<\/p>\n<p>Prezident \u0130lham \u018fliyev m\u00fcxalif\u0259t haqq\u0131nda:<\/p>\n<p>&#8220;M\u00fcxalif\u0259t d\u0259yi\u015fm\u0259lidir.\u00a0<strong>Bu naftalin iyi ver\u0259n insanlar art\u0131q xalq\u0131 bezdirib<\/strong>&#8230; C\u0259miyy\u0259t\u0259 h\u00f6kum\u0259tin diqq\u0259tini bu v\u0259 ya dig\u0259r\u0259 m\u0259s\u0259l\u0259y\u0259 y\u00f6n\u0259ld\u0259n, h\u00f6kum\u0259tin \u00fcnvan\u0131na sa\u011flam t\u0259nqidl\u0259r s\u0259sl\u0259ndir\u0259n konstruktiv m\u00fcxalif\u0259t laz\u0131md\u0131r, polis\u0259 da\u015f atan m\u00fcxalif\u0259t yox&#8221;.<\/p>\n<p>Prezident \u0130lham \u018fliyev t\u0259nqid haqq\u0131nda:<\/p>\n<p>&#8220;Freedom House&#8221; hesab edir ki, Az\u0259rbaycan azad deyil, internet qism\u0259n azadd\u0131r, son on il \u0259rzind\u0259 Az\u0259rbaycan b\u00fct\u00fcn Avrasiyada demokratik idar\u0259etm\u0259 bax\u0131m\u0131ndan ham\u0131dan \u00e7ox geri qal\u0131r. T\u0259s\u0259vv\u00fcr edirsiniz? Bu, sad\u0259c\u0259 g\u00fclm\u0259lidir v\u0259 y\u0259qin ki, bunu he\u00e7 \u015f\u0259rh etm\u0259y\u0259 d\u0259ym\u0259z.\u00a0<strong>&#8220;Freedom House&#8221; erm\u0259niy\u00f6n\u00fcml\u00fc m\u00f6vqeyi v\u0259 \u00f6lk\u0259miz\u0259 daimi h\u00fccumlar\u0131na g\u00f6r\u0259 Az\u0259rbaycan\u0131n he\u00e7 bir \u0259laq\u0259si olmad\u0131\u011f\u0131 bir t\u0259\u015fkilatd\u0131r<\/strong>&#8220;.<\/p>\n<p>Prezident \u0130lham \u018fliyev t\u0259hsil haqq\u0131nda:<\/p>\n<p>&#8220;M\u0259ni ali m\u0259kt\u0259b\u0259 be\u015f ay sonra 16 ya\u015f\u0131m\u0131n tamam olaca\u011f\u0131n\u0131 r\u0259smi t\u0259sdiq ed\u0259n aray\u0131\u015fla q\u0259bul edibl\u0259r. T\u0259hsilin birinci ili daha m\u0259suliyy\u0259tli idi.\u00a0<strong>Bak\u0131da Az\u0259rbaycan Kommunist Partiyas\u0131 M\u0259rk\u0259zi Komit\u0259sinin birinci katibinin o\u011flu kimi t\u0259hsil almaq bir \u015feydir, Moskvada bu c\u00fcr cavan ya\u015fda tamamil\u0259 f\u0259rqli m\u00fchitd\u0259 t\u0259hsil almaq is\u0259 tamamil\u0259 ba\u015fqad\u0131r<\/strong>. Amma m\u0259n atam\u0131 pis v\u0259ziyy\u0259td\u0259 qoymad\u0131m, \u0259vv\u0259lc\u0259 institutda, sonra is\u0259 aspiranturada yax\u015f\u0131 oxudum&#8221;.<\/p>\n","protected":false},"excerpt":{"rendered":"<p>Rusiyan\u0131n n\u00fcfuzlu &#8220;Kommersant&#8221; q\u0259zeti ke\u00e7mi\u015f SSR\u0130 \u00f6lk\u0259l\u0259rinin d\u00f6vl\u0259t ba\u015f\u00e7\u0131lar\u0131na h\u0259sr olunmu\u015f yeni x\u00fcsusi layih\u0259 i\u015f\u0259 sal\u0131b. ARANTV.AZ\u00a0Trend-\u0259 istinad\u0259n x\u0259b\u0259r verir ki, birinci burax\u0131l\u0131\u015f Az\u0259rbaycan Prezidenti \u0130lham \u018fliyev\u0259 h\u0259sr olunub. Material\u0131n m\u00fc\u0259llifl\u0259ri Prezident \u0130lham \u018fliyevin \u00fcmummilli lider Heyd\u0259r \u018fliyev, Birinci vitse-prezident Mehriban \u018fliyeva, Da\u011fl\u0131q Qaraba\u011f m\u00fcnaqi\u015f\u0259si v\u0259 dig\u0259r sah\u0259l\u0259r bar\u0259d\u0259 10 sitat\u0131n\u0131 se\u00e7ib. Oxuculara h\u0259min sitatlar\u0131 t\u0259qdim edirik. Prezident \u0130lham \u018fliyev \u00fcmummilli lider Heyd\u0259r \u018fliyev haqq\u0131nda: &#8220;M\u0259n \u00e7ox e\u015fitmi\u015f\u0259m: &#8220;Onu atas\u0131 apar\u0131r&#8221; v\u0259 ya &#8220;\u018fg\u0259r Heyd\u0259r \u018fliyev prezident olmasayd\u0131, \u0130lham he\u00e7 n\u0259y\u0259 nail olmazd\u0131&#8221;. Buna n\u0259 dey\u0259 bil\u0259r\u0259m? H\u0259r \u00f6lk\u0259d\u0259 hakimiyy\u0259tin&hellip;<\/p>\n","protected":false},"author":2,"featured_media":89141,"comment_status":"closed","ping_status":"closed","sticky":false,"template":"","format":"standard","meta":{"om_disable_all_campaigns":false,"_monsterinsights_skip_tracking":false,"_monsterinsights_sitenote_active":false,"_monsterinsights_sitenote_note":"","_monsterinsights_sitenote_category":0},"categories":[4],"tags":[],"aioseo_notices":[],"gutentor_comment":0,"rttpg_featured_image_url":{"full":["https:\/\/arantv.az\/wp-content\/uploads\/2019\/10\/2018_ilham_aliyev_05-7.jpg",1200,900,false],"landscape":["https:\/\/arantv.az\/wp-content\/uploads\/2019\/10\/2018_ilham_aliyev_05-7.jpg",1200,900,false],"portraits":["https:\/\/arantv.az\/wp-content\/uploads\/2019\/10\/2018_ilham_aliyev_05-7.jpg",1200,900,false],"thumbnail":["https:\/\/arantv.az\/wp-content\/uploads\/2019\/10\/2018_ilham_aliyev_05-7-150x150.jpg",150,150,true],"medium":["https:\/\/arantv.az\/wp-content\/uploads\/2019\/10\/2018_ilham_aliyev_05-7-300x225.jpg",300,225,true],"large":["https:\/\/arantv.az\/wp-content\/uploads\/2019\/10\/2018_ilham_aliyev_05-7-1024x768.jpg",640,480,true],"1536x1536":["https:\/\/arantv.az\/wp-content\/uploads\/2019\/10\/2018_ilham_aliyev_05-7.jpg",1200,900,false],"2048x2048":["https:\/\/arantv.az\/wp-content\/uploads\/2019\/10\/2018_ilham_aliyev_05-7.jpg",1200,900,false],"post-thumbnail":["https:\/\/arantv.az\/wp-content\/uploads\/2019\/10\/2018_ilham_aliyev_05-7-240x172.jpg",240,172,true],"advps-thumb-one":["https:\/\/arantv.az\/wp-content\/uploads\/2019\/10\/2018_ilham_aliyev_05-7-1200x620.jpg",1200,620,true]},"rttpg_author":{"display_name":"V\u00fcsal Rafiqo\u011flu","author_link":"https:\/\/arantv.az\/?author=2"},"rttpg_comment":0,"rttpg_category":"<a href=\"https:\/\/arantv.az\/?cat=4\" rel=\"category\">Siyas\u0259t<\/a>","rttpg_excerpt":"Rusiyan\u0131n n\u00fcfuzlu &#8220;Kommersant&#8221; q\u0259zeti ke\u00e7mi\u015f SSR\u0130 \u00f6lk\u0259l\u0259rinin d\u00f6vl\u0259t ba\u015f\u00e7\u0131lar\u0131na h\u0259sr olunmu\u015f yeni x\u00fcsusi layih\u0259 i\u015f\u0259 sal\u0131b. ARANTV.AZ\u00a0Trend-\u0259 istinad\u0259n x\u0259b\u0259r verir ki, birinci burax\u0131l\u0131\u015f Az\u0259rbaycan Prezidenti \u0130lham \u018fliyev\u0259 h\u0259sr olunub. Material\u0131n m\u00fc\u0259llifl\u0259ri Prezident \u0130lham \u018fliyevin \u00fcmummilli lider Heyd\u0259r \u018fliyev, Birinci vitse-prezident Mehriban \u018fliyeva, Da\u011fl\u0131q Qaraba\u011f m\u00fcnaqi\u015f\u0259si v\u0259 dig\u0259r sah\u0259l\u0259r bar\u0259d\u0259 10 sitat\u0131n\u0131 se\u00e7ib. Oxuculara h\u0259min sitatlar\u0131&hellip;","_links":{"self":[{"href":"https:\/\/arantv.az\/index.php?rest_route=\/wp\/v2\/posts\/89140"}],"collection":[{"href":"https:\/\/arantv.az\/index.php?rest_route=\/wp\/v2\/posts"}],"about":[{"href":"https:\/\/arantv.az\/index.php?rest_route=\/wp\/v2\/types\/post"}],"author":[{"embeddable":true,"href":"https:\/\/arantv.az\/index.php?rest_route=\/wp\/v2\/users\/2"}],"replies":[{"embeddable":true,"href":"https:\/\/arantv.az\/index.php?rest_route=%2Fwp%2Fv2%2Fcomments&post=89140"}],"version-history":[{"count":0,"href":"https:\/\/arantv.az\/index.php?rest_route=\/wp\/v2\/posts\/89140\/revisions"}],"wp:featuredmedia":[{"embeddable":true,"href":"https:\/\/arantv.az\/index.php?rest_route=\/wp\/v2\/media\/89141"}],"wp:attachment":[{"href":"https:\/\/arantv.az\/index.php?rest_route=%2Fwp%2Fv2%2Fmedia&parent=89140"}],"wp:term":[{"taxonomy":"category","embeddable":true,"href":"https:\/\/arantv.az\/index.php?rest_route=%2Fwp%2Fv2%2Fcategories&post=89140"},{"taxonomy":"post_tag","embeddable":true,"href":"https:\/\/arantv.az\/index.php?rest_route=%2Fwp%2Fv2%2Ftags&post=89140"}],"curies":[{"name":"wp","href":"https:\/\/api.w.org\/{rel}","templated":true}]}}