{"id":89156,"date":"2019-10-25T13:43:32","date_gmt":"2019-10-25T10:43:32","guid":{"rendered":"http:\/\/arantv.az\/?p=89156"},"modified":"2019-10-25T13:43:32","modified_gmt":"2019-10-25T10:43:32","slug":"prezident-ilham-%c9%99liyev-az%c9%99rbaycan-qosulmama-h%c9%99r%c9%99katinda-s%c9%99drliyi-zamani-%c9%99m%c9%99kdasligin-cografiyasinin-genisl%c9%99ndirilm%c9%99si-ucun-s%c9%99yl%c9%99r-gost%c9%99r","status":"publish","type":"post","link":"https:\/\/arantv.az\/?p=89156","title":{"rendered":"Prezident \u0130lham \u018fliyev: &#8220;Az\u0259rbaycan Qo\u015fulmama H\u0259r\u0259kat\u0131nda s\u0259drliyi zaman\u0131 \u0259m\u0259kda\u015fl\u0131\u011f\u0131n co\u011frafiyas\u0131n\u0131n geni\u015fl\u0259ndirilm\u0259si \u00fc\u00e7\u00fcn s\u0259yl\u0259r g\u00f6st\u0259r\u0259c\u0259k&#8221;"},"content":{"rendered":"<p>&#8220;Az\u0259rbaycan Qo\u015fulmama H\u0259r\u0259kat\u0131nda s\u0259drliyi zaman\u0131 dig\u0259r t\u0259sisatlarla dialoqun inki\u015faf etdirilm\u0259si, \u0259m\u0259kda\u015fl\u0131\u011f\u0131n co\u011frafiyas\u0131n\u0131n geni\u015fl\u0259ndirilm\u0259si \u00fc\u00e7\u00fcn s\u0259yl\u0259r g\u00f6st\u0259r\u0259c\u0259k&#8221;.<\/p>\n<p><strong>ARANTV.AZ<\/strong>\u00a0\u00a0<a href=\"https:\/\/azertag.az\/\" target=\"_blank\" rel=\"noopener\">AZ\u018fRTAC<\/a>-a istinad\u0259n x\u0259b\u0259r verir ki, bunu Az\u0259rbaycan Prezidenti \u0130lham \u018fliyev Bak\u0131da Qo\u015fulmama H\u0259r\u0259kat\u0131na \u00fczv \u00f6lk\u0259l\u0259rin d\u00f6vl\u0259t v\u0259 h\u00f6kum\u0259t ba\u015f\u00e7\u0131lar\u0131n\u0131n XVIII Zirv\u0259 G\u00f6r\u00fc\u015f\u00fcnd\u0259ki nitqind\u0259 deyib.<\/p>\n<p>D\u00f6vl\u0259t ba\u015f\u00e7\u0131s\u0131 qeyd edib ki, Az\u0259rbaycan Qo\u015fulmama H\u0259r\u0259kat\u0131nda s\u0259drliyi zaman\u0131 \u00f6z prioritetl\u0259rini v\u0259 f\u0259aliyy\u0259tini tarixi Bandunq prinsipl\u0259ri \u00fcz\u0259rind\u0259 quracaq. B\u00fct\u00fcn \u00f6lk\u0259l\u0259rin suverenliyin\u0259, \u0259razi b\u00fct\u00f6vl\u00fcy\u00fcn\u0259 h\u00f6rm\u0259t, d\u00f6vl\u0259tl\u0259rin daxili i\u015fl\u0259rin\u0259 qar\u0131\u015fmamaq v\u0259 qar\u015f\u0131l\u0131ql\u0131 maraqlar\u0131n qorunmas\u0131 v\u0259 \u0259m\u0259kda\u015fl\u0131\u011f\u0131n t\u0259\u015fviqi kimi prinsipl\u0259ri ehtiva ed\u0259n Bandunq prinsipl\u0259ri Az\u0259rbaycan\u0131n xarici siyas\u0259tinin t\u0259m\u0259l prinsipl\u0259ri il\u0259 \u00fcst-\u00fcst\u0259 d\u00fc\u015f\u00fcr:<\/p>\n<p>&#8220;Biz beyn\u0259lxalq h\u00fcququn norma v\u0259 prinsipl\u0259rin\u0259 ham\u0131l\u0131qla \u0259m\u0259l olunmas\u0131 \u00fc\u00e7\u00fcn s\u0259yl\u0259rimizi art\u0131rmal\u0131y\u0131q. Bu bax\u0131mdan BMT-nin f\u0259aliyy\u0259tind\u0259 islahatlara b\u00f6y\u00fck ehtiyac duyulur. S\u0259rh\u0259dl\u0259rin g\u00fcc yolu il\u0259 d\u0259yi\u015fdirilm\u0259si, g\u00fccd\u0259n istifad\u0259 olunmaqla \u00f6lk\u0259l\u0259rin \u0259razi b\u00fct\u00f6vl\u00fcy\u00fcn\u00fcn pozulmas\u0131, daxili i\u015fl\u0259r\u0259 m\u00fcdaxil\u0259 yolverilm\u0259zdir.<\/p>\n<p>Az\u0259rbaycan Qo\u015fulmama H\u0259r\u0259kat\u0131nda s\u0259drliyi zaman\u0131 dig\u0259r t\u0259sisatlarla dialoqun qurulmas\u0131 v\u0259 inki\u015faf etdirilm\u0259si, \u0259m\u0259kda\u015fl\u0131\u011f\u0131n co\u011frafiyas\u0131n\u0131n geni\u015fl\u0259ndirilm\u0259si \u00fc\u00e7\u00fcn s\u0259yl\u0259r g\u00f6st\u0259r\u0259c\u0259kdir. Qo\u015fulmama H\u0259r\u0259kat\u0131na \u00fczv \u00f6lk\u0259l\u0259rin \u0259ks\u0259riyy\u0259ti inki\u015faf etm\u0259kd\u0259 olan \u00f6lk\u0259l\u0259r oldu\u011fundan H\u0259r\u0259kat \u00e7\u0259r\u00e7iv\u0259sind\u0259 iqtisadi sah\u0259d\u0259 \u0259m\u0259kda\u015fl\u0131\u011f\u0131n inki\u015faf etdirilm\u0259si \u00e7ox m\u00fch\u00fcmd\u00fcr. Bu m\u0259nada ke\u00e7\u0259n ay Az\u0259rbaycan\u0131n &#8220;77-l\u0259r qrupu&#8221;na qo\u015fulmas\u0131 sosial-iqtisadi sah\u0259d\u0259 beyn\u0259lxalq miqyasda s\u0259yl\u0259rimizi daha da art\u0131rma\u011fa imkan verir. \u00dczv d\u00f6vl\u0259tl\u0259rin maraqlar\u0131n\u0131n BMT \u00e7\u0259r\u00e7iv\u0259sind\u0259 birg\u0259 s\u0259yl\u0259rl\u0259 m\u00fcdafi\u0259 olunmas\u0131 x\u00fcsusi \u0259h\u0259miyy\u0259t k\u0259sb edir.<\/p>\n<p>\u018fn az inki\u015faf etmi\u015f, d\u0259niz\u0259 \u00e7\u0131x\u0131\u015f\u0131 olmayan ki\u00e7ik ada \u00f6lk\u0259l\u0259rinin \u00fczl\u0259\u015fdiyi t\u0259hdidl\u0259r\u0259 x\u00fcsus\u0259n diqq\u0259t yetirilm\u0259lidir. 2005-ci ild\u0259n etibar\u0259n Az\u0259rbaycan 90-dan \u00e7ox \u00f6lk\u0259y\u0259 humanitar v\u0259 texniki yard\u0131mlar g\u00f6st\u0259rmi\u015fdir. Az\u0259rbaycan Respublikas\u0131n\u0131n Beyn\u0259lxalq \u0130nki\u015fafa Yard\u0131m Agentliyi m\u00fcxt\u0259lif \u00f6lk\u0259l\u0259rd\u0259 yoxsullu\u011fun azald\u0131lmas\u0131, elm, m\u0259d\u0259niyy\u0259t, s\u0259hiyy\u0259, informasiya texnologiyalar\u0131n\u0131n inki\u015faf\u0131, su resurslar\u0131ndan s\u0259m\u0259r\u0259li istifad\u0259 olunmas\u0131, qrant proqramlar\u0131 v\u0259 dig\u0259r sah\u0259l\u0259rd\u0259 layih\u0259l\u0259r h\u0259yata ke\u00e7irir&#8221;.<\/p>\n","protected":false},"excerpt":{"rendered":"<p>&#8220;Az\u0259rbaycan Qo\u015fulmama H\u0259r\u0259kat\u0131nda s\u0259drliyi zaman\u0131 dig\u0259r t\u0259sisatlarla dialoqun inki\u015faf etdirilm\u0259si, \u0259m\u0259kda\u015fl\u0131\u011f\u0131n co\u011frafiyas\u0131n\u0131n geni\u015fl\u0259ndirilm\u0259si \u00fc\u00e7\u00fcn s\u0259yl\u0259r g\u00f6st\u0259r\u0259c\u0259k&#8221;. ARANTV.AZ\u00a0\u00a0AZ\u018fRTAC-a istinad\u0259n x\u0259b\u0259r verir ki, bunu Az\u0259rbaycan Prezidenti \u0130lham \u018fliyev Bak\u0131da Qo\u015fulmama H\u0259r\u0259kat\u0131na \u00fczv \u00f6lk\u0259l\u0259rin d\u00f6vl\u0259t v\u0259 h\u00f6kum\u0259t ba\u015f\u00e7\u0131lar\u0131n\u0131n XVIII Zirv\u0259 G\u00f6r\u00fc\u015f\u00fcnd\u0259ki nitqind\u0259 deyib. D\u00f6vl\u0259t ba\u015f\u00e7\u0131s\u0131 qeyd edib ki, Az\u0259rbaycan Qo\u015fulmama H\u0259r\u0259kat\u0131nda s\u0259drliyi zaman\u0131 \u00f6z prioritetl\u0259rini v\u0259 f\u0259aliyy\u0259tini tarixi Bandunq prinsipl\u0259ri \u00fcz\u0259rind\u0259 quracaq. B\u00fct\u00fcn \u00f6lk\u0259l\u0259rin suverenliyin\u0259, \u0259razi b\u00fct\u00f6vl\u00fcy\u00fcn\u0259 h\u00f6rm\u0259t, d\u00f6vl\u0259tl\u0259rin daxili i\u015fl\u0259rin\u0259 qar\u0131\u015fmamaq v\u0259 qar\u015f\u0131l\u0131ql\u0131 maraqlar\u0131n qorunmas\u0131 v\u0259 \u0259m\u0259kda\u015fl\u0131\u011f\u0131n t\u0259\u015fviqi kimi prinsipl\u0259ri ehtiva ed\u0259n Bandunq prinsipl\u0259ri Az\u0259rbaycan\u0131n xarici siyas\u0259tinin t\u0259m\u0259l prinsipl\u0259ri il\u0259 \u00fcst-\u00fcst\u0259 d\u00fc\u015f\u00fcr:&hellip;<\/p>\n","protected":false},"author":2,"featured_media":89157,"comment_status":"closed","ping_status":"closed","sticky":false,"template":"","format":"standard","meta":{"om_disable_all_campaigns":false,"_monsterinsights_skip_tracking":false,"_monsterinsights_sitenote_active":false,"_monsterinsights_sitenote_note":"","_monsterinsights_sitenote_category":0},"categories":[4],"tags":[],"aioseo_notices":[],"gutentor_comment":0,"rttpg_featured_image_url":{"full":["https:\/\/arantv.az\/wp-content\/uploads\/2019\/10\/2018_ilham_aliyev_01-7.jpg",1200,900,false],"landscape":["https:\/\/arantv.az\/wp-content\/uploads\/2019\/10\/2018_ilham_aliyev_01-7.jpg",1200,900,false],"portraits":["https:\/\/arantv.az\/wp-content\/uploads\/2019\/10\/2018_ilham_aliyev_01-7.jpg",1200,900,false],"thumbnail":["https:\/\/arantv.az\/wp-content\/uploads\/2019\/10\/2018_ilham_aliyev_01-7-150x150.jpg",150,150,true],"medium":["https:\/\/arantv.az\/wp-content\/uploads\/2019\/10\/2018_ilham_aliyev_01-7-300x225.jpg",300,225,true],"large":["https:\/\/arantv.az\/wp-content\/uploads\/2019\/10\/2018_ilham_aliyev_01-7-1024x768.jpg",640,480,true],"1536x1536":["https:\/\/arantv.az\/wp-content\/uploads\/2019\/10\/2018_ilham_aliyev_01-7.jpg",1200,900,false],"2048x2048":["https:\/\/arantv.az\/wp-content\/uploads\/2019\/10\/2018_ilham_aliyev_01-7.jpg",1200,900,false],"post-thumbnail":["https:\/\/arantv.az\/wp-content\/uploads\/2019\/10\/2018_ilham_aliyev_01-7-240x172.jpg",240,172,true],"advps-thumb-one":["https:\/\/arantv.az\/wp-content\/uploads\/2019\/10\/2018_ilham_aliyev_01-7-1200x620.jpg",1200,620,true]},"rttpg_author":{"display_name":"V\u00fcsal Rafiqo\u011flu","author_link":"https:\/\/arantv.az\/?author=2"},"rttpg_comment":0,"rttpg_category":"<a href=\"https:\/\/arantv.az\/?cat=4\" rel=\"category\">Siyas\u0259t<\/a>","rttpg_excerpt":"&#8220;Az\u0259rbaycan Qo\u015fulmama H\u0259r\u0259kat\u0131nda s\u0259drliyi zaman\u0131 dig\u0259r t\u0259sisatlarla dialoqun inki\u015faf etdirilm\u0259si, \u0259m\u0259kda\u015fl\u0131\u011f\u0131n co\u011frafiyas\u0131n\u0131n geni\u015fl\u0259ndirilm\u0259si \u00fc\u00e7\u00fcn s\u0259yl\u0259r g\u00f6st\u0259r\u0259c\u0259k&#8221;. ARANTV.AZ\u00a0\u00a0AZ\u018fRTAC-a istinad\u0259n x\u0259b\u0259r verir ki, bunu Az\u0259rbaycan Prezidenti \u0130lham \u018fliyev Bak\u0131da Qo\u015fulmama H\u0259r\u0259kat\u0131na \u00fczv \u00f6lk\u0259l\u0259rin d\u00f6vl\u0259t v\u0259 h\u00f6kum\u0259t ba\u015f\u00e7\u0131lar\u0131n\u0131n XVIII Zirv\u0259 G\u00f6r\u00fc\u015f\u00fcnd\u0259ki nitqind\u0259 deyib. D\u00f6vl\u0259t ba\u015f\u00e7\u0131s\u0131 qeyd edib ki, Az\u0259rbaycan Qo\u015fulmama H\u0259r\u0259kat\u0131nda s\u0259drliyi zaman\u0131 \u00f6z prioritetl\u0259rini v\u0259 f\u0259aliyy\u0259tini tarixi&hellip;","_links":{"self":[{"href":"https:\/\/arantv.az\/index.php?rest_route=\/wp\/v2\/posts\/89156"}],"collection":[{"href":"https:\/\/arantv.az\/index.php?rest_route=\/wp\/v2\/posts"}],"about":[{"href":"https:\/\/arantv.az\/index.php?rest_route=\/wp\/v2\/types\/post"}],"author":[{"embeddable":true,"href":"https:\/\/arantv.az\/index.php?rest_route=\/wp\/v2\/users\/2"}],"replies":[{"embeddable":true,"href":"https:\/\/arantv.az\/index.php?rest_route=%2Fwp%2Fv2%2Fcomments&post=89156"}],"version-history":[{"count":0,"href":"https:\/\/arantv.az\/index.php?rest_route=\/wp\/v2\/posts\/89156\/revisions"}],"wp:featuredmedia":[{"embeddable":true,"href":"https:\/\/arantv.az\/index.php?rest_route=\/wp\/v2\/media\/89157"}],"wp:attachment":[{"href":"https:\/\/arantv.az\/index.php?rest_route=%2Fwp%2Fv2%2Fmedia&parent=89156"}],"wp:term":[{"taxonomy":"category","embeddable":true,"href":"https:\/\/arantv.az\/index.php?rest_route=%2Fwp%2Fv2%2Fcategories&post=89156"},{"taxonomy":"post_tag","embeddable":true,"href":"https:\/\/arantv.az\/index.php?rest_route=%2Fwp%2Fv2%2Ftags&post=89156"}],"curies":[{"name":"wp","href":"https:\/\/api.w.org\/{rel}","templated":true}]}}