{"id":89160,"date":"2019-10-25T13:44:52","date_gmt":"2019-10-25T10:44:52","guid":{"rendered":"http:\/\/arantv.az\/?p=89160"},"modified":"2019-10-25T13:44:52","modified_gmt":"2019-10-25T10:44:52","slug":"prezident-ilham-%c9%99liyev-son-15-il-%c9%99rzind%c9%99-az%c9%99rbaycan-iqtisadiyyati-sur%c9%99tl%c9%99-inkisaf-edib","status":"publish","type":"post","link":"https:\/\/arantv.az\/?p=89160","title":{"rendered":"Prezident \u0130lham \u018fliyev: &#8220;Son 15 il \u0259rzind\u0259 Az\u0259rbaycan iqtisadiyyat\u0131 s\u00fcr\u0259tl\u0259 inki\u015faf edib&#8221;"},"content":{"rendered":"<p>&#8220;Son 15 il \u0259rzind\u0259 Az\u0259rbaycan iqtisadiyyat\u0131 s\u00fcr\u0259tl\u0259 inki\u015faf etmi\u015f, \u00fcmumi daxili m\u0259hsul \u00fc\u00e7 d\u0259f\u0259d\u0259n \u00e7ox artm\u0131\u015fd\u0131r&#8221;.<\/p>\n<p><strong>ARANTV.AZ<\/strong>\u00a0\u00a0<a href=\"https:\/\/azertag.az\/\" target=\"_blank\" rel=\"noopener\">AZ\u018fRTAC<\/a>-a istinad\u0259n x\u0259b\u0259r verir ki, bunu Az\u0259rbaycan Prezidenti \u0130lham \u018fliyev Bak\u0131da Qo\u015fulmama H\u0259r\u0259kat\u0131na \u00fczv \u00f6lk\u0259l\u0259rin d\u00f6vl\u0259t v\u0259 h\u00f6kum\u0259t ba\u015f\u00e7\u0131lar\u0131n\u0131n XVIII Zirv\u0259 G\u00f6r\u00fc\u015f\u00fcnd\u0259ki nitqind\u0259 deyib.<\/p>\n<p>D\u00f6vl\u0259t ba\u015f\u00e7\u0131s\u0131 qeyd edib ki, Az\u0259rbaycana 270 milyard dollardan art\u0131q s\u0259rmay\u0259 qoyulmu\u015fdur ki, bunun da yar\u0131s\u0131 xarici s\u0259rmay\u0259dir:<\/p>\n<p>&#8220;Az\u0259rbaycan\u0131n xarici borcu \u00fcmumi daxili m\u0259hsulun c\u0259mi 17 faizini t\u0259\u015fkil edir. Bu g\u00f6st\u0259riciy\u0259 g\u00f6r\u0259 biz d\u00fcnyada 9-cu yerd\u0259yik. Az\u0259rbaycanda yoxsulluq 5 faiz s\u0259viyy\u0259sind\u0259dir. T\u0259kc\u0259 bu il minimum \u0259m\u0259k haqq\u0131 v\u0259 sosial m\u00fcavin\u0259tl\u0259r iki d\u0259f\u0259, minimum pensiya 70 faiz artm\u0131\u015fd\u0131r. 280 mind\u0259n \u00e7ox insan\u0131 \u0259hat\u0259 ed\u0259n 68 min ail\u0259 \u00fcnvanl\u0131 sosial yard\u0131mdan faydalan\u0131r v\u0259 h\u0259r bir ail\u0259 t\u0259xmin\u0259n 140 AB\u015e dollar\u0131 ekvivalentind\u0259 ayl\u0131q sosial yard\u0131m al\u0131r. Son 15 il \u0259rzind\u0259 Az\u0259rbaycanda 3200-d\u0259n \u00e7ox m\u0259kt\u0259b v\u0259 640-dan \u00e7ox x\u0259st\u0259xana v\u0259 tibb m\u00fc\u0259ssis\u0259si tikilmi\u015f v\u0259 ya t\u0259mir edilmi\u015fdir. Az\u0259rbaycanda savadl\u0131l\u0131q s\u0259viyy\u0259si 100 faiz\u0259 yax\u0131nd\u0131r. \u00dc\u00e7 y\u00fcz mind\u0259n \u00e7ox m\u0259cburi k\u00f6\u00e7k\u00fcn pulsuz evl\u0259r v\u0259 m\u0259nzill\u0259rl\u0259 t\u0259min edilmi\u015fdir. M\u0259cburi k\u00f6\u00e7k\u00fcn ail\u0259l\u0259rin\u0259 orta hesabla 180 AB\u015e dollar\u0131 ekvivalentind\u0259 ayl\u0131q m\u00fcavin\u0259t verilir.<\/p>\n<p>Prezident \u0130lham \u018fliyev bildirib ki, Az\u0259rbaycan\u0131n \u0259ld\u0259 etdiyi nailiyy\u0259tl\u0259r beyn\u0259lxalq al\u0259md\u0259 t\u0259qdir olunur: &#8220;D\u00fcnya Bank\u0131n\u0131n 2020-ci il \u00fczr\u0259 &#8220;Doing Business&#8221; hesabat\u0131nda Az\u0259rbaycan \u0259n islahat\u00e7\u0131 20 \u00f6lk\u0259 s\u0131ras\u0131nda yer al\u0131b. Davos \u00dcmumd\u00fcnya \u0130qtisadi Forumunun hesabat\u0131nda h\u00f6kum\u0259tin uzunm\u00fcdd\u0259tli strategiyas\u0131na g\u00f6r\u0259 Az\u0259rbaycan d\u00fcnya miqyas\u0131nda 10-cu, r\u0259hb\u0259rliyin islahatlara meyillilik s\u0259viyy\u0259sind\u0259 is\u0259 5-ci yerd\u0259dir&#8221;.<\/p>\n","protected":false},"excerpt":{"rendered":"<p>&#8220;Son 15 il \u0259rzind\u0259 Az\u0259rbaycan iqtisadiyyat\u0131 s\u00fcr\u0259tl\u0259 inki\u015faf etmi\u015f, \u00fcmumi daxili m\u0259hsul \u00fc\u00e7 d\u0259f\u0259d\u0259n \u00e7ox artm\u0131\u015fd\u0131r&#8221;. ARANTV.AZ\u00a0\u00a0AZ\u018fRTAC-a istinad\u0259n x\u0259b\u0259r verir ki, bunu Az\u0259rbaycan Prezidenti \u0130lham \u018fliyev Bak\u0131da Qo\u015fulmama H\u0259r\u0259kat\u0131na \u00fczv \u00f6lk\u0259l\u0259rin d\u00f6vl\u0259t v\u0259 h\u00f6kum\u0259t ba\u015f\u00e7\u0131lar\u0131n\u0131n XVIII Zirv\u0259 G\u00f6r\u00fc\u015f\u00fcnd\u0259ki nitqind\u0259 deyib. D\u00f6vl\u0259t ba\u015f\u00e7\u0131s\u0131 qeyd edib ki, Az\u0259rbaycana 270 milyard dollardan art\u0131q s\u0259rmay\u0259 qoyulmu\u015fdur ki, bunun da yar\u0131s\u0131 xarici s\u0259rmay\u0259dir: &#8220;Az\u0259rbaycan\u0131n xarici borcu \u00fcmumi daxili m\u0259hsulun c\u0259mi 17 faizini t\u0259\u015fkil edir. Bu g\u00f6st\u0259riciy\u0259 g\u00f6r\u0259 biz d\u00fcnyada 9-cu yerd\u0259yik. Az\u0259rbaycanda yoxsulluq 5 faiz s\u0259viyy\u0259sind\u0259dir. T\u0259kc\u0259 bu il minimum \u0259m\u0259k haqq\u0131 v\u0259 sosial m\u00fcavin\u0259tl\u0259r&hellip;<\/p>\n","protected":false},"author":2,"featured_media":89161,"comment_status":"closed","ping_status":"closed","sticky":false,"template":"","format":"standard","meta":{"om_disable_all_campaigns":false,"_monsterinsights_skip_tracking":false,"_monsterinsights_sitenote_active":false,"_monsterinsights_sitenote_note":"","_monsterinsights_sitenote_category":0},"categories":[4],"tags":[],"aioseo_notices":[],"gutentor_comment":0,"rttpg_featured_image_url":{"full":["https:\/\/arantv.az\/wp-content\/uploads\/2019\/10\/2018_ilham_aliyev_05-8.jpg",1200,900,false],"landscape":["https:\/\/arantv.az\/wp-content\/uploads\/2019\/10\/2018_ilham_aliyev_05-8.jpg",1200,900,false],"portraits":["https:\/\/arantv.az\/wp-content\/uploads\/2019\/10\/2018_ilham_aliyev_05-8.jpg",1200,900,false],"thumbnail":["https:\/\/arantv.az\/wp-content\/uploads\/2019\/10\/2018_ilham_aliyev_05-8-150x150.jpg",150,150,true],"medium":["https:\/\/arantv.az\/wp-content\/uploads\/2019\/10\/2018_ilham_aliyev_05-8-300x225.jpg",300,225,true],"large":["https:\/\/arantv.az\/wp-content\/uploads\/2019\/10\/2018_ilham_aliyev_05-8-1024x768.jpg",640,480,true],"1536x1536":["https:\/\/arantv.az\/wp-content\/uploads\/2019\/10\/2018_ilham_aliyev_05-8.jpg",1200,900,false],"2048x2048":["https:\/\/arantv.az\/wp-content\/uploads\/2019\/10\/2018_ilham_aliyev_05-8.jpg",1200,900,false],"post-thumbnail":["https:\/\/arantv.az\/wp-content\/uploads\/2019\/10\/2018_ilham_aliyev_05-8-240x172.jpg",240,172,true],"advps-thumb-one":["https:\/\/arantv.az\/wp-content\/uploads\/2019\/10\/2018_ilham_aliyev_05-8-1200x620.jpg",1200,620,true]},"rttpg_author":{"display_name":"V\u00fcsal Rafiqo\u011flu","author_link":"https:\/\/arantv.az\/?author=2"},"rttpg_comment":0,"rttpg_category":"<a href=\"https:\/\/arantv.az\/?cat=4\" rel=\"category\">Siyas\u0259t<\/a>","rttpg_excerpt":"&#8220;Son 15 il \u0259rzind\u0259 Az\u0259rbaycan iqtisadiyyat\u0131 s\u00fcr\u0259tl\u0259 inki\u015faf etmi\u015f, \u00fcmumi daxili m\u0259hsul \u00fc\u00e7 d\u0259f\u0259d\u0259n \u00e7ox artm\u0131\u015fd\u0131r&#8221;. ARANTV.AZ\u00a0\u00a0AZ\u018fRTAC-a istinad\u0259n x\u0259b\u0259r verir ki, bunu Az\u0259rbaycan Prezidenti \u0130lham \u018fliyev Bak\u0131da Qo\u015fulmama H\u0259r\u0259kat\u0131na \u00fczv \u00f6lk\u0259l\u0259rin d\u00f6vl\u0259t v\u0259 h\u00f6kum\u0259t ba\u015f\u00e7\u0131lar\u0131n\u0131n XVIII Zirv\u0259 G\u00f6r\u00fc\u015f\u00fcnd\u0259ki nitqind\u0259 deyib. D\u00f6vl\u0259t ba\u015f\u00e7\u0131s\u0131 qeyd edib ki, Az\u0259rbaycana 270 milyard dollardan art\u0131q s\u0259rmay\u0259 qoyulmu\u015fdur ki, bunun da&hellip;","_links":{"self":[{"href":"https:\/\/arantv.az\/index.php?rest_route=\/wp\/v2\/posts\/89160"}],"collection":[{"href":"https:\/\/arantv.az\/index.php?rest_route=\/wp\/v2\/posts"}],"about":[{"href":"https:\/\/arantv.az\/index.php?rest_route=\/wp\/v2\/types\/post"}],"author":[{"embeddable":true,"href":"https:\/\/arantv.az\/index.php?rest_route=\/wp\/v2\/users\/2"}],"replies":[{"embeddable":true,"href":"https:\/\/arantv.az\/index.php?rest_route=%2Fwp%2Fv2%2Fcomments&post=89160"}],"version-history":[{"count":0,"href":"https:\/\/arantv.az\/index.php?rest_route=\/wp\/v2\/posts\/89160\/revisions"}],"wp:featuredmedia":[{"embeddable":true,"href":"https:\/\/arantv.az\/index.php?rest_route=\/wp\/v2\/media\/89161"}],"wp:attachment":[{"href":"https:\/\/arantv.az\/index.php?rest_route=%2Fwp%2Fv2%2Fmedia&parent=89160"}],"wp:term":[{"taxonomy":"category","embeddable":true,"href":"https:\/\/arantv.az\/index.php?rest_route=%2Fwp%2Fv2%2Fcategories&post=89160"},{"taxonomy":"post_tag","embeddable":true,"href":"https:\/\/arantv.az\/index.php?rest_route=%2Fwp%2Fv2%2Ftags&post=89160"}],"curies":[{"name":"wp","href":"https:\/\/api.w.org\/{rel}","templated":true}]}}