{"id":89168,"date":"2019-10-25T13:46:27","date_gmt":"2019-10-25T10:46:27","guid":{"rendered":"http:\/\/arantv.az\/?p=89168"},"modified":"2019-10-25T13:46:27","modified_gmt":"2019-10-25T10:46:27","slug":"prezident-ilham-%c9%99liyev-az%c9%99rbaycan-qosulmama-h%c9%99r%c9%99katinda-s%c9%99drliyi-zamani-f%c9%99aliyy%c9%99tini-tarixi-bandunq-prinsipl%c9%99ri-uz%c9%99rind%c9%99-quracaq","status":"publish","type":"post","link":"https:\/\/arantv.az\/?p=89168","title":{"rendered":"Prezident \u0130lham \u018fliyev: &#8220;Az\u0259rbaycan Qo\u015fulmama H\u0259r\u0259kat\u0131nda s\u0259drliyi zaman\u0131 f\u0259aliyy\u0259tini tarixi Bandunq prinsipl\u0259ri \u00fcz\u0259rind\u0259 quracaq&#8221;"},"content":{"rendered":"<p>&#8220;Az\u0259rbaycan Qo\u015fulmama H\u0259r\u0259kat\u0131nda s\u0259drliyi zaman\u0131 \u00f6z prioritetl\u0259rini v\u0259 f\u0259aliyy\u0259tini tarixi Bandunq prinsipl\u0259ri \u00fcz\u0259rind\u0259 quracaq&#8221;.<\/p>\n<p><strong>ARANTV.AZ<\/strong>\u00a0\u00a0<a href=\"https:\/\/azertag.az\/\" target=\"_blank\" rel=\"noopener\">AZ\u018fRTAC<\/a>-a istinad\u0259n \u0259b\u0259r verir ki, bunu Az\u0259rbaycan Prezidenti \u0130lham \u018fliyev Bak\u0131da Qo\u015fulmama H\u0259r\u0259kat\u0131na \u00fczv \u00f6lk\u0259l\u0259rin d\u00f6vl\u0259t v\u0259 h\u00f6kum\u0259t ba\u015f\u00e7\u0131lar\u0131n\u0131n XVIII Zirv\u0259 G\u00f6r\u00fc\u015f\u00fcnd\u0259ki nitqind\u0259 deyib.<\/p>\n<p>D\u00f6vl\u0259t ba\u015f\u00e7\u0131s\u0131 qeyd edib ki, b\u00fct\u00fcn \u00f6lk\u0259l\u0259rin suverenliyin\u0259, \u0259razi b\u00fct\u00f6vl\u00fcy\u00fcn\u0259 h\u00f6rm\u0259t, d\u00f6vl\u0259tl\u0259rin daxili i\u015fl\u0259rin\u0259 qar\u0131\u015fmamaq v\u0259 qar\u015f\u0131l\u0131ql\u0131 maraqlar\u0131n qorunmas\u0131 v\u0259 \u0259m\u0259kda\u015fl\u0131\u011f\u0131n t\u0259\u015fviqi kimi prinsipl\u0259ri ehtiva ed\u0259n Bandunq prinsipl\u0259ri Az\u0259rbaycan\u0131n xarici siyas\u0259tinin t\u0259m\u0259l prinsipl\u0259ri il\u0259 \u00fcst-\u00fcst\u0259 d\u00fc\u015f\u00fcr:<\/p>\n<p>&#8220;Biz beyn\u0259lxalq h\u00fcququn norma v\u0259 prinsipl\u0259rin\u0259 ham\u0131l\u0131qla \u0259m\u0259l olunmas\u0131 \u00fc\u00e7\u00fcn s\u0259yl\u0259rimizi art\u0131rmal\u0131y\u0131q. Bu bax\u0131mdan BMT-nin f\u0259aliyy\u0259tind\u0259 islahatlara b\u00f6y\u00fck ehtiyac duyulur. S\u0259rh\u0259dl\u0259rin g\u00fcc yolu il\u0259 d\u0259yi\u015fdirilm\u0259si, g\u00fccd\u0259n istifad\u0259 olunmaqla \u00f6lk\u0259l\u0259rin \u0259razi b\u00fct\u00f6vl\u00fcy\u00fcn\u00fcn pozulmas\u0131, daxili i\u015fl\u0259r\u0259 m\u00fcdaxil\u0259 yolverilm\u0259zdir&#8221;.<\/p>\n","protected":false},"excerpt":{"rendered":"<p>&#8220;Az\u0259rbaycan Qo\u015fulmama H\u0259r\u0259kat\u0131nda s\u0259drliyi zaman\u0131 \u00f6z prioritetl\u0259rini v\u0259 f\u0259aliyy\u0259tini tarixi Bandunq prinsipl\u0259ri \u00fcz\u0259rind\u0259 quracaq&#8221;. ARANTV.AZ\u00a0\u00a0AZ\u018fRTAC-a istinad\u0259n \u0259b\u0259r verir ki, bunu Az\u0259rbaycan Prezidenti \u0130lham \u018fliyev Bak\u0131da Qo\u015fulmama H\u0259r\u0259kat\u0131na \u00fczv \u00f6lk\u0259l\u0259rin d\u00f6vl\u0259t v\u0259 h\u00f6kum\u0259t ba\u015f\u00e7\u0131lar\u0131n\u0131n XVIII Zirv\u0259 G\u00f6r\u00fc\u015f\u00fcnd\u0259ki nitqind\u0259 deyib. D\u00f6vl\u0259t ba\u015f\u00e7\u0131s\u0131 qeyd edib ki, b\u00fct\u00fcn \u00f6lk\u0259l\u0259rin suverenliyin\u0259, \u0259razi b\u00fct\u00f6vl\u00fcy\u00fcn\u0259 h\u00f6rm\u0259t, d\u00f6vl\u0259tl\u0259rin daxili i\u015fl\u0259rin\u0259 qar\u0131\u015fmamaq v\u0259 qar\u015f\u0131l\u0131ql\u0131 maraqlar\u0131n qorunmas\u0131 v\u0259 \u0259m\u0259kda\u015fl\u0131\u011f\u0131n t\u0259\u015fviqi kimi prinsipl\u0259ri ehtiva ed\u0259n Bandunq prinsipl\u0259ri Az\u0259rbaycan\u0131n xarici siyas\u0259tinin t\u0259m\u0259l prinsipl\u0259ri il\u0259 \u00fcst-\u00fcst\u0259 d\u00fc\u015f\u00fcr: &#8220;Biz beyn\u0259lxalq h\u00fcququn norma v\u0259 prinsipl\u0259rin\u0259 ham\u0131l\u0131qla \u0259m\u0259l olunmas\u0131 \u00fc\u00e7\u00fcn s\u0259yl\u0259rimizi art\u0131rmal\u0131y\u0131q. Bu bax\u0131mdan BMT-nin f\u0259aliyy\u0259tind\u0259&hellip;<\/p>\n","protected":false},"author":2,"featured_media":89169,"comment_status":"closed","ping_status":"closed","sticky":false,"template":"","format":"standard","meta":{"om_disable_all_campaigns":false,"_monsterinsights_skip_tracking":false,"_monsterinsights_sitenote_active":false,"_monsterinsights_sitenote_note":"","_monsterinsights_sitenote_category":0},"categories":[4],"tags":[],"aioseo_notices":[],"gutentor_comment":0,"rttpg_featured_image_url":{"full":["https:\/\/arantv.az\/wp-content\/uploads\/2019\/10\/2018_ilham_aliyev_01-8.jpg",1200,900,false],"landscape":["https:\/\/arantv.az\/wp-content\/uploads\/2019\/10\/2018_ilham_aliyev_01-8.jpg",1200,900,false],"portraits":["https:\/\/arantv.az\/wp-content\/uploads\/2019\/10\/2018_ilham_aliyev_01-8.jpg",1200,900,false],"thumbnail":["https:\/\/arantv.az\/wp-content\/uploads\/2019\/10\/2018_ilham_aliyev_01-8-150x150.jpg",150,150,true],"medium":["https:\/\/arantv.az\/wp-content\/uploads\/2019\/10\/2018_ilham_aliyev_01-8-300x225.jpg",300,225,true],"large":["https:\/\/arantv.az\/wp-content\/uploads\/2019\/10\/2018_ilham_aliyev_01-8-1024x768.jpg",640,480,true],"1536x1536":["https:\/\/arantv.az\/wp-content\/uploads\/2019\/10\/2018_ilham_aliyev_01-8.jpg",1200,900,false],"2048x2048":["https:\/\/arantv.az\/wp-content\/uploads\/2019\/10\/2018_ilham_aliyev_01-8.jpg",1200,900,false],"post-thumbnail":["https:\/\/arantv.az\/wp-content\/uploads\/2019\/10\/2018_ilham_aliyev_01-8-240x172.jpg",240,172,true],"advps-thumb-one":["https:\/\/arantv.az\/wp-content\/uploads\/2019\/10\/2018_ilham_aliyev_01-8-1200x620.jpg",1200,620,true]},"rttpg_author":{"display_name":"V\u00fcsal Rafiqo\u011flu","author_link":"https:\/\/arantv.az\/?author=2"},"rttpg_comment":0,"rttpg_category":"<a href=\"https:\/\/arantv.az\/?cat=4\" rel=\"category\">Siyas\u0259t<\/a>","rttpg_excerpt":"&#8220;Az\u0259rbaycan Qo\u015fulmama H\u0259r\u0259kat\u0131nda s\u0259drliyi zaman\u0131 \u00f6z prioritetl\u0259rini v\u0259 f\u0259aliyy\u0259tini tarixi Bandunq prinsipl\u0259ri \u00fcz\u0259rind\u0259 quracaq&#8221;. ARANTV.AZ\u00a0\u00a0AZ\u018fRTAC-a istinad\u0259n \u0259b\u0259r verir ki, bunu Az\u0259rbaycan Prezidenti \u0130lham \u018fliyev Bak\u0131da Qo\u015fulmama H\u0259r\u0259kat\u0131na \u00fczv \u00f6lk\u0259l\u0259rin d\u00f6vl\u0259t v\u0259 h\u00f6kum\u0259t ba\u015f\u00e7\u0131lar\u0131n\u0131n XVIII Zirv\u0259 G\u00f6r\u00fc\u015f\u00fcnd\u0259ki nitqind\u0259 deyib. D\u00f6vl\u0259t ba\u015f\u00e7\u0131s\u0131 qeyd edib ki, b\u00fct\u00fcn \u00f6lk\u0259l\u0259rin suverenliyin\u0259, \u0259razi b\u00fct\u00f6vl\u00fcy\u00fcn\u0259 h\u00f6rm\u0259t, d\u00f6vl\u0259tl\u0259rin daxili i\u015fl\u0259rin\u0259 qar\u0131\u015fmamaq v\u0259 qar\u015f\u0131l\u0131ql\u0131&hellip;","_links":{"self":[{"href":"https:\/\/arantv.az\/index.php?rest_route=\/wp\/v2\/posts\/89168"}],"collection":[{"href":"https:\/\/arantv.az\/index.php?rest_route=\/wp\/v2\/posts"}],"about":[{"href":"https:\/\/arantv.az\/index.php?rest_route=\/wp\/v2\/types\/post"}],"author":[{"embeddable":true,"href":"https:\/\/arantv.az\/index.php?rest_route=\/wp\/v2\/users\/2"}],"replies":[{"embeddable":true,"href":"https:\/\/arantv.az\/index.php?rest_route=%2Fwp%2Fv2%2Fcomments&post=89168"}],"version-history":[{"count":0,"href":"https:\/\/arantv.az\/index.php?rest_route=\/wp\/v2\/posts\/89168\/revisions"}],"wp:featuredmedia":[{"embeddable":true,"href":"https:\/\/arantv.az\/index.php?rest_route=\/wp\/v2\/media\/89169"}],"wp:attachment":[{"href":"https:\/\/arantv.az\/index.php?rest_route=%2Fwp%2Fv2%2Fmedia&parent=89168"}],"wp:term":[{"taxonomy":"category","embeddable":true,"href":"https:\/\/arantv.az\/index.php?rest_route=%2Fwp%2Fv2%2Fcategories&post=89168"},{"taxonomy":"post_tag","embeddable":true,"href":"https:\/\/arantv.az\/index.php?rest_route=%2Fwp%2Fv2%2Ftags&post=89168"}],"curies":[{"name":"wp","href":"https:\/\/api.w.org\/{rel}","templated":true}]}}