{"id":89173,"date":"2019-10-25T13:47:57","date_gmt":"2019-10-25T10:47:57","guid":{"rendered":"http:\/\/arantv.az\/?p=89173"},"modified":"2019-10-25T13:47:57","modified_gmt":"2019-10-25T10:47:57","slug":"prezident-ilham-%c9%99liyev-az%c9%99rbaycanin-xarici-siyas%c9%99ti-milli-maraqlara-%c9%99dal%c9%99t%c9%99-%c9%99saslanir-v%c9%99-biz%c9%99-coxlu-dostlar-qazandirmisdir","status":"publish","type":"post","link":"https:\/\/arantv.az\/?p=89173","title":{"rendered":"Prezident \u0130lham \u018fliyev: &#8220;Az\u0259rbaycan\u0131n xarici siyas\u0259ti milli maraqlara, \u0259dal\u0259t\u0259 \u0259saslan\u0131r v\u0259 biz\u0259 \u00e7oxlu dostlar qazand\u0131rm\u0131\u015fd\u0131r&#8221;"},"content":{"rendered":"<p>&#8220;Az\u0259rbaycan\u0131n xarici siyas\u0259ti milli maraqlara, \u0259dal\u0259t\u0259 \u0259saslan\u0131r v\u0259 biz\u0259 \u00e7oxlu dostlar qazand\u0131rm\u0131\u015fd\u0131r&#8221;.<\/p>\n<p><strong>ARANTV.AZ<\/strong>\u00a0\u00a0<a href=\"https:\/\/azertag.az\/\" target=\"_blank\" rel=\"noopener\">AZ\u018fRTAC<\/a>-a istinad\u0259n x\u0259b\u0259r verir ki, bunu Az\u0259rbaycan Prezidenti \u0130lham \u018fliyev Bak\u0131da Qo\u015fulmama H\u0259r\u0259kat\u0131na \u00fczv \u00f6lk\u0259l\u0259rin d\u00f6vl\u0259t v\u0259 h\u00f6kum\u0259t ba\u015f\u00e7\u0131lar\u0131n\u0131n XVIII Zirv\u0259 G\u00f6r\u00fc\u015f\u00fcnd\u0259ki nitqind\u0259 deyib.<\/p>\n<p>D\u00f6vl\u0259t ba\u015f\u00e7\u0131s\u0131 bildirib: &#8220;Az\u0259rbaycan m\u00fcst\u0259qil xarici siyas\u0259t yeridir. Bu siyas\u0259t milli maraqlara, \u0259dal\u0259t\u0259 \u0259saslan\u0131r v\u0259 biz\u0259 \u00e7oxlu dostlar qazand\u0131rm\u0131\u015fd\u0131r. 2011-ci ild\u0259 Az\u0259rbaycan\u0131n 155 d\u00f6vl\u0259tin d\u0259st\u0259yi il\u0259 BMT T\u0259hl\u00fck\u0259sizlik \u015euras\u0131n\u0131n qeyri-daimi \u00fczvl\u00fcy\u00fcn\u0259 se\u00e7ilm\u0259si buna bariz n\u00fcmun\u0259dir. T\u0259hl\u00fck\u0259sizlik \u015euras\u0131na \u00fczvl\u00fck m\u00fcdd\u0259tind\u0259 Az\u0259rbaycan beyn\u0259lxalq s\u00fclh v\u0259 t\u0259hl\u00fck\u0259sizliyin m\u00f6hk\u0259ml\u0259ndirilm\u0259sin\u0259, \u0259dal\u0259tin t\u0259min edilm\u0259sin\u0259 m\u00fch\u00fcm t\u00f6hf\u0259l\u0259r vermi\u015f v\u0259 beyn\u0259lxalq siyasi prosesl\u0259rin f\u0259al i\u015ftirak\u00e7\u0131s\u0131na \u00e7evrilmi\u015fdir.<\/p>\n<p>Az\u0259rbaycan BMT T\u0259hl\u00fck\u0259sizlik \u015euras\u0131n\u0131n mandat\u0131 \u0259sas\u0131nda t\u0259sis edilmi\u015f beyn\u0259lxalq s\u00fclhm\u0259raml\u0131 \u0259m\u0259liyyatlara da \u00f6z t\u00f6hf\u0259sini verir. \u00d6lk\u0259miz Rusiya-NATO, Rusiya-AB\u015e y\u00fcks\u0259k h\u0259rbi r\u0259hb\u0259rliyinin m\u00fct\u0259madi olaraq ke\u00e7iril\u0259n g\u00f6r\u00fc\u015fl\u0259rin\u0259 ev sahibliyi edir. D\u00fcnyada 200-\u0259 q\u0259d\u0259r \u00f6lk\u0259 vard\u0131r. Bu \u00f6lk\u0259l\u0259r aras\u0131nda qeyd etdiyim g\u00f6r\u00fc\u015fl\u0259r \u00fc\u00e7\u00fcn Az\u0259rbaycan\u0131n se\u00e7ilm\u0259si bizim y\u00fcr\u00fctd\u00fcy\u00fcm\u00fcz m\u00fcst\u0259qil xarici siyas\u0259t\u0259 olan h\u00f6rm\u0259tin g\u00f6st\u0259ricisidir&#8221;.<\/p>\n","protected":false},"excerpt":{"rendered":"<p>&#8220;Az\u0259rbaycan\u0131n xarici siyas\u0259ti milli maraqlara, \u0259dal\u0259t\u0259 \u0259saslan\u0131r v\u0259 biz\u0259 \u00e7oxlu dostlar qazand\u0131rm\u0131\u015fd\u0131r&#8221;. ARANTV.AZ\u00a0\u00a0AZ\u018fRTAC-a istinad\u0259n x\u0259b\u0259r verir ki, bunu Az\u0259rbaycan Prezidenti \u0130lham \u018fliyev Bak\u0131da Qo\u015fulmama H\u0259r\u0259kat\u0131na \u00fczv \u00f6lk\u0259l\u0259rin d\u00f6vl\u0259t v\u0259 h\u00f6kum\u0259t ba\u015f\u00e7\u0131lar\u0131n\u0131n XVIII Zirv\u0259 G\u00f6r\u00fc\u015f\u00fcnd\u0259ki nitqind\u0259 deyib. D\u00f6vl\u0259t ba\u015f\u00e7\u0131s\u0131 bildirib: &#8220;Az\u0259rbaycan m\u00fcst\u0259qil xarici siyas\u0259t yeridir. Bu siyas\u0259t milli maraqlara, \u0259dal\u0259t\u0259 \u0259saslan\u0131r v\u0259 biz\u0259 \u00e7oxlu dostlar qazand\u0131rm\u0131\u015fd\u0131r. 2011-ci ild\u0259 Az\u0259rbaycan\u0131n 155 d\u00f6vl\u0259tin d\u0259st\u0259yi il\u0259 BMT T\u0259hl\u00fck\u0259sizlik \u015euras\u0131n\u0131n qeyri-daimi \u00fczvl\u00fcy\u00fcn\u0259 se\u00e7ilm\u0259si buna bariz n\u00fcmun\u0259dir. T\u0259hl\u00fck\u0259sizlik \u015euras\u0131na \u00fczvl\u00fck m\u00fcdd\u0259tind\u0259 Az\u0259rbaycan beyn\u0259lxalq s\u00fclh v\u0259 t\u0259hl\u00fck\u0259sizliyin m\u00f6hk\u0259ml\u0259ndirilm\u0259sin\u0259, \u0259dal\u0259tin t\u0259min edilm\u0259sin\u0259 m\u00fch\u00fcm t\u00f6hf\u0259l\u0259r vermi\u015f v\u0259 beyn\u0259lxalq siyasi&hellip;<\/p>\n","protected":false},"author":2,"featured_media":89174,"comment_status":"closed","ping_status":"closed","sticky":false,"template":"","format":"standard","meta":{"om_disable_all_campaigns":false,"_monsterinsights_skip_tracking":false,"_monsterinsights_sitenote_active":false,"_monsterinsights_sitenote_note":"","_monsterinsights_sitenote_category":0},"categories":[4],"tags":[],"aioseo_notices":[],"gutentor_comment":0,"rttpg_featured_image_url":{"full":["https:\/\/arantv.az\/wp-content\/uploads\/2019\/10\/2018_ilham_aliyev_02-3.jpg",1200,900,false],"landscape":["https:\/\/arantv.az\/wp-content\/uploads\/2019\/10\/2018_ilham_aliyev_02-3.jpg",1200,900,false],"portraits":["https:\/\/arantv.az\/wp-content\/uploads\/2019\/10\/2018_ilham_aliyev_02-3.jpg",1200,900,false],"thumbnail":["https:\/\/arantv.az\/wp-content\/uploads\/2019\/10\/2018_ilham_aliyev_02-3-150x150.jpg",150,150,true],"medium":["https:\/\/arantv.az\/wp-content\/uploads\/2019\/10\/2018_ilham_aliyev_02-3-300x225.jpg",300,225,true],"large":["https:\/\/arantv.az\/wp-content\/uploads\/2019\/10\/2018_ilham_aliyev_02-3-1024x768.jpg",640,480,true],"1536x1536":["https:\/\/arantv.az\/wp-content\/uploads\/2019\/10\/2018_ilham_aliyev_02-3.jpg",1200,900,false],"2048x2048":["https:\/\/arantv.az\/wp-content\/uploads\/2019\/10\/2018_ilham_aliyev_02-3.jpg",1200,900,false],"post-thumbnail":["https:\/\/arantv.az\/wp-content\/uploads\/2019\/10\/2018_ilham_aliyev_02-3-240x172.jpg",240,172,true],"advps-thumb-one":["https:\/\/arantv.az\/wp-content\/uploads\/2019\/10\/2018_ilham_aliyev_02-3-1200x620.jpg",1200,620,true]},"rttpg_author":{"display_name":"V\u00fcsal Rafiqo\u011flu","author_link":"https:\/\/arantv.az\/?author=2"},"rttpg_comment":0,"rttpg_category":"<a href=\"https:\/\/arantv.az\/?cat=4\" rel=\"category\">Siyas\u0259t<\/a>","rttpg_excerpt":"&#8220;Az\u0259rbaycan\u0131n xarici siyas\u0259ti milli maraqlara, \u0259dal\u0259t\u0259 \u0259saslan\u0131r v\u0259 biz\u0259 \u00e7oxlu dostlar qazand\u0131rm\u0131\u015fd\u0131r&#8221;. ARANTV.AZ\u00a0\u00a0AZ\u018fRTAC-a istinad\u0259n x\u0259b\u0259r verir ki, bunu Az\u0259rbaycan Prezidenti \u0130lham \u018fliyev Bak\u0131da Qo\u015fulmama H\u0259r\u0259kat\u0131na \u00fczv \u00f6lk\u0259l\u0259rin d\u00f6vl\u0259t v\u0259 h\u00f6kum\u0259t ba\u015f\u00e7\u0131lar\u0131n\u0131n XVIII Zirv\u0259 G\u00f6r\u00fc\u015f\u00fcnd\u0259ki nitqind\u0259 deyib. D\u00f6vl\u0259t ba\u015f\u00e7\u0131s\u0131 bildirib: &#8220;Az\u0259rbaycan m\u00fcst\u0259qil xarici siyas\u0259t yeridir. Bu siyas\u0259t milli maraqlara, \u0259dal\u0259t\u0259 \u0259saslan\u0131r v\u0259 biz\u0259 \u00e7oxlu dostlar qazand\u0131rm\u0131\u015fd\u0131r.&hellip;","_links":{"self":[{"href":"https:\/\/arantv.az\/index.php?rest_route=\/wp\/v2\/posts\/89173"}],"collection":[{"href":"https:\/\/arantv.az\/index.php?rest_route=\/wp\/v2\/posts"}],"about":[{"href":"https:\/\/arantv.az\/index.php?rest_route=\/wp\/v2\/types\/post"}],"author":[{"embeddable":true,"href":"https:\/\/arantv.az\/index.php?rest_route=\/wp\/v2\/users\/2"}],"replies":[{"embeddable":true,"href":"https:\/\/arantv.az\/index.php?rest_route=%2Fwp%2Fv2%2Fcomments&post=89173"}],"version-history":[{"count":0,"href":"https:\/\/arantv.az\/index.php?rest_route=\/wp\/v2\/posts\/89173\/revisions"}],"wp:featuredmedia":[{"embeddable":true,"href":"https:\/\/arantv.az\/index.php?rest_route=\/wp\/v2\/media\/89174"}],"wp:attachment":[{"href":"https:\/\/arantv.az\/index.php?rest_route=%2Fwp%2Fv2%2Fmedia&parent=89173"}],"wp:term":[{"taxonomy":"category","embeddable":true,"href":"https:\/\/arantv.az\/index.php?rest_route=%2Fwp%2Fv2%2Fcategories&post=89173"},{"taxonomy":"post_tag","embeddable":true,"href":"https:\/\/arantv.az\/index.php?rest_route=%2Fwp%2Fv2%2Ftags&post=89173"}],"curies":[{"name":"wp","href":"https:\/\/api.w.org\/{rel}","templated":true}]}}