{"id":89181,"date":"2019-10-25T13:59:46","date_gmt":"2019-10-25T10:59:46","guid":{"rendered":"http:\/\/arantv.az\/?p=89181"},"modified":"2019-10-25T13:59:46","modified_gmt":"2019-10-25T10:59:46","slug":"prezident-ilham-%c9%99liyev-az%c9%99rbaycanda-g%c9%99ncl%c9%99r-siyas%c9%99ti-prioritet-sah%c9%99-kimi-mu%c9%99yy%c9%99n-edilmisdir","status":"publish","type":"post","link":"https:\/\/arantv.az\/?p=89181","title":{"rendered":"Prezident \u0130lham \u018fliyev: &#8220;Az\u0259rbaycanda g\u0259ncl\u0259r siyas\u0259ti prioritet sah\u0259 kimi m\u00fc\u0259yy\u0259n edilmi\u015fdir&#8221;"},"content":{"rendered":"<p>&#8220;Az\u0259rbaycanda g\u0259ncl\u0259r siyas\u0259ti prioritet sah\u0259 kimi m\u00fc\u0259yy\u0259n edilmi\u015fdir&#8221;.<\/p>\n<p><strong>ARANTV.AZ<\/strong>\u00a0\u00a0<a href=\"https:\/\/azertag.az\/\" target=\"_blank\" rel=\"noopener\">AZ\u018fRTAC<\/a>-a istinad\u0259n x\u0259b\u0259r verir ki, bunu Az\u0259rbaycan Prezidenti \u0130lham \u018fliyev Bak\u0131da Qo\u015fulmama H\u0259r\u0259kat\u0131na \u00fczv \u00f6lk\u0259l\u0259rin d\u00f6vl\u0259t v\u0259 h\u00f6kum\u0259t ba\u015f\u00e7\u0131lar\u0131n\u0131n XVIII Zirv\u0259 G\u00f6r\u00fc\u015f\u00fcnd\u0259ki nitqind\u0259 deyib.<\/p>\n<p>D\u00f6vl\u0259t ba\u015f\u00e7\u0131s\u0131 bildirib: &#8220;Az\u0259rbaycan 2018-ci ild\u0259n etibar\u0259n Qo\u015fulmama H\u0259r\u0259kat\u0131na \u00fczv d\u00f6vl\u0259tl\u0259rin v\u0259t\u0259nda\u015flar\u0131na \u00f6lk\u0259mizin ali m\u0259kt\u0259bl\u0259rind\u0259 t\u0259hsil almaq m\u0259qs\u0259dil\u0259 tam \u00f6d\u0259ni\u015fli t\u0259qa\u00fcdl\u0259r verir. Bu g\u00fcn 31 \u00fczv d\u00f6vl\u0259td\u0259n 37 g\u0259nc bu proqramdan faydalan\u0131r.<\/p>\n<p>Az\u0259rbaycanda g\u0259ncl\u0259r siyas\u0259ti prioritet sah\u0259 kimi m\u00fc\u0259yy\u0259n edilmi\u015fdir. Az\u0259rbaycan g\u0259ncl\u0259ri milli ruhda, \u0259n\u0259n\u0259vi d\u0259y\u0259rl\u0259rl\u0259, V\u0259t\u0259n\u0259 ba\u011fl\u0131 v\u0259 v\u0259t\u0259np\u0259rv\u0259r ruhda t\u0259rbiy\u0259 al\u0131rlar. Buna g\u00f6r\u0259dir ki, Qo\u015fulmama H\u0259r\u0259kat\u0131 tarixind\u0259 ilk d\u0259f\u0259 olaraq G\u0259ncl\u0259r Sammitinin ke\u00e7irilm\u0259si t\u0259\u015f\u0259bb\u00fcs\u00fc il\u0259 \u00e7\u0131x\u0131\u015f etmi\u015fik. Haz\u0131rk\u0131 Zirv\u0259 G\u00f6r\u00fc\u015f\u00fc \u0259r\u0259f\u0259sind\u0259 ke\u00e7irilmi\u015f G\u0259ncl\u0259r Sammitind\u0259 40 d\u00f6vl\u0259td\u0259n \u00f6lk\u0259miz\u0259 g\u0259lmi\u015f g\u0259ncl\u0259r i\u015ftirak etmi\u015fl\u0259r&#8221;.<\/p>\n","protected":false},"excerpt":{"rendered":"<p>&#8220;Az\u0259rbaycanda g\u0259ncl\u0259r siyas\u0259ti prioritet sah\u0259 kimi m\u00fc\u0259yy\u0259n edilmi\u015fdir&#8221;. ARANTV.AZ\u00a0\u00a0AZ\u018fRTAC-a istinad\u0259n x\u0259b\u0259r verir ki, bunu Az\u0259rbaycan Prezidenti \u0130lham \u018fliyev Bak\u0131da Qo\u015fulmama H\u0259r\u0259kat\u0131na \u00fczv \u00f6lk\u0259l\u0259rin d\u00f6vl\u0259t v\u0259 h\u00f6kum\u0259t ba\u015f\u00e7\u0131lar\u0131n\u0131n XVIII Zirv\u0259 G\u00f6r\u00fc\u015f\u00fcnd\u0259ki nitqind\u0259 deyib. D\u00f6vl\u0259t ba\u015f\u00e7\u0131s\u0131 bildirib: &#8220;Az\u0259rbaycan 2018-ci ild\u0259n etibar\u0259n Qo\u015fulmama H\u0259r\u0259kat\u0131na \u00fczv d\u00f6vl\u0259tl\u0259rin v\u0259t\u0259nda\u015flar\u0131na \u00f6lk\u0259mizin ali m\u0259kt\u0259bl\u0259rind\u0259 t\u0259hsil almaq m\u0259qs\u0259dil\u0259 tam \u00f6d\u0259ni\u015fli t\u0259qa\u00fcdl\u0259r verir. Bu g\u00fcn 31 \u00fczv d\u00f6vl\u0259td\u0259n 37 g\u0259nc bu proqramdan faydalan\u0131r. Az\u0259rbaycanda g\u0259ncl\u0259r siyas\u0259ti prioritet sah\u0259 kimi m\u00fc\u0259yy\u0259n edilmi\u015fdir. Az\u0259rbaycan g\u0259ncl\u0259ri milli ruhda, \u0259n\u0259n\u0259vi d\u0259y\u0259rl\u0259rl\u0259, V\u0259t\u0259n\u0259 ba\u011fl\u0131 v\u0259 v\u0259t\u0259np\u0259rv\u0259r ruhda t\u0259rbiy\u0259 al\u0131rlar. Buna g\u00f6r\u0259dir ki, Qo\u015fulmama H\u0259r\u0259kat\u0131&hellip;<\/p>\n","protected":false},"author":2,"featured_media":89182,"comment_status":"closed","ping_status":"closed","sticky":false,"template":"","format":"standard","meta":{"om_disable_all_campaigns":false,"_monsterinsights_skip_tracking":false,"_monsterinsights_sitenote_active":false,"_monsterinsights_sitenote_note":"","_monsterinsights_sitenote_category":0},"categories":[4],"tags":[],"aioseo_notices":[],"gutentor_comment":0,"rttpg_featured_image_url":{"full":["https:\/\/arantv.az\/wp-content\/uploads\/2019\/10\/2018_ilham_aliyev_05-9.jpg",1200,900,false],"landscape":["https:\/\/arantv.az\/wp-content\/uploads\/2019\/10\/2018_ilham_aliyev_05-9.jpg",1200,900,false],"portraits":["https:\/\/arantv.az\/wp-content\/uploads\/2019\/10\/2018_ilham_aliyev_05-9.jpg",1200,900,false],"thumbnail":["https:\/\/arantv.az\/wp-content\/uploads\/2019\/10\/2018_ilham_aliyev_05-9-150x150.jpg",150,150,true],"medium":["https:\/\/arantv.az\/wp-content\/uploads\/2019\/10\/2018_ilham_aliyev_05-9-300x225.jpg",300,225,true],"large":["https:\/\/arantv.az\/wp-content\/uploads\/2019\/10\/2018_ilham_aliyev_05-9-1024x768.jpg",640,480,true],"1536x1536":["https:\/\/arantv.az\/wp-content\/uploads\/2019\/10\/2018_ilham_aliyev_05-9.jpg",1200,900,false],"2048x2048":["https:\/\/arantv.az\/wp-content\/uploads\/2019\/10\/2018_ilham_aliyev_05-9.jpg",1200,900,false],"post-thumbnail":["https:\/\/arantv.az\/wp-content\/uploads\/2019\/10\/2018_ilham_aliyev_05-9-240x172.jpg",240,172,true],"advps-thumb-one":["https:\/\/arantv.az\/wp-content\/uploads\/2019\/10\/2018_ilham_aliyev_05-9-1200x620.jpg",1200,620,true]},"rttpg_author":{"display_name":"V\u00fcsal Rafiqo\u011flu","author_link":"https:\/\/arantv.az\/?author=2"},"rttpg_comment":0,"rttpg_category":"<a href=\"https:\/\/arantv.az\/?cat=4\" rel=\"category\">Siyas\u0259t<\/a>","rttpg_excerpt":"&#8220;Az\u0259rbaycanda g\u0259ncl\u0259r siyas\u0259ti prioritet sah\u0259 kimi m\u00fc\u0259yy\u0259n edilmi\u015fdir&#8221;. ARANTV.AZ\u00a0\u00a0AZ\u018fRTAC-a istinad\u0259n x\u0259b\u0259r verir ki, bunu Az\u0259rbaycan Prezidenti \u0130lham \u018fliyev Bak\u0131da Qo\u015fulmama H\u0259r\u0259kat\u0131na \u00fczv \u00f6lk\u0259l\u0259rin d\u00f6vl\u0259t v\u0259 h\u00f6kum\u0259t ba\u015f\u00e7\u0131lar\u0131n\u0131n XVIII Zirv\u0259 G\u00f6r\u00fc\u015f\u00fcnd\u0259ki nitqind\u0259 deyib. D\u00f6vl\u0259t ba\u015f\u00e7\u0131s\u0131 bildirib: &#8220;Az\u0259rbaycan 2018-ci ild\u0259n etibar\u0259n Qo\u015fulmama H\u0259r\u0259kat\u0131na \u00fczv d\u00f6vl\u0259tl\u0259rin v\u0259t\u0259nda\u015flar\u0131na \u00f6lk\u0259mizin ali m\u0259kt\u0259bl\u0259rind\u0259 t\u0259hsil almaq m\u0259qs\u0259dil\u0259 tam \u00f6d\u0259ni\u015fli t\u0259qa\u00fcdl\u0259r verir. Bu&hellip;","_links":{"self":[{"href":"https:\/\/arantv.az\/index.php?rest_route=\/wp\/v2\/posts\/89181"}],"collection":[{"href":"https:\/\/arantv.az\/index.php?rest_route=\/wp\/v2\/posts"}],"about":[{"href":"https:\/\/arantv.az\/index.php?rest_route=\/wp\/v2\/types\/post"}],"author":[{"embeddable":true,"href":"https:\/\/arantv.az\/index.php?rest_route=\/wp\/v2\/users\/2"}],"replies":[{"embeddable":true,"href":"https:\/\/arantv.az\/index.php?rest_route=%2Fwp%2Fv2%2Fcomments&post=89181"}],"version-history":[{"count":0,"href":"https:\/\/arantv.az\/index.php?rest_route=\/wp\/v2\/posts\/89181\/revisions"}],"wp:featuredmedia":[{"embeddable":true,"href":"https:\/\/arantv.az\/index.php?rest_route=\/wp\/v2\/media\/89182"}],"wp:attachment":[{"href":"https:\/\/arantv.az\/index.php?rest_route=%2Fwp%2Fv2%2Fmedia&parent=89181"}],"wp:term":[{"taxonomy":"category","embeddable":true,"href":"https:\/\/arantv.az\/index.php?rest_route=%2Fwp%2Fv2%2Fcategories&post=89181"},{"taxonomy":"post_tag","embeddable":true,"href":"https:\/\/arantv.az\/index.php?rest_route=%2Fwp%2Fv2%2Ftags&post=89181"}],"curies":[{"name":"wp","href":"https:\/\/api.w.org\/{rel}","templated":true}]}}