{"id":89201,"date":"2019-10-25T14:21:46","date_gmt":"2019-10-25T11:21:46","guid":{"rendered":"http:\/\/arantv.az\/?p=89201"},"modified":"2019-10-25T14:21:46","modified_gmt":"2019-10-25T11:21:46","slug":"pakistan-prezidenti-qosulmama-h%c9%99r%c9%99katinin-b%c9%99zi-uzvl%c9%99ri-isgaldan-%c9%99ziyy%c9%99t-c%c9%99kir","status":"publish","type":"post","link":"https:\/\/arantv.az\/?p=89201","title":{"rendered":"Pakistan Prezidenti: Qo\u015fulmama H\u0259r\u0259kat\u0131n\u0131n b\u0259zi \u00fczvl\u0259ri i\u015f\u011faldan \u0259ziyy\u0259t \u00e7\u0259kir"},"content":{"rendered":"<p>H\u0259r g\u00fcn artan terror h\u00fccumlar\u0131 bizi \u00e7ox m\u00fcr\u0259kk\u0259b v\u0259ziyy\u0259t\u0259 g\u0259tirib \u00e7\u0131xar\u0131b. Sabitlik sual alt\u0131ndad\u0131r. Biz burada g\u00fccd\u0259n istifad\u0259nin, qeyri-sabitliyin \u015fahidi oluruq. B\u0259rab\u0259rsizlik, yoxsulluq, iqlim d\u0259yi\u015fikliyi bizim \u0259n \u00e7ox g\u00f6rd\u00fcy\u00fcm\u00fcz probleml\u0259rdir. \u0130rq\u00e7ilik, islamafobiyan\u0131n \u015fahidi oluruq.<\/p>\n<p><b>ARANTV.AZ\u00a0<\/b> x\u0259b\u0259r verir ki, bunu Pakistan Prezidenti Arif Alvi Qo\u015fulmama H\u0259r\u0259kat\u0131n\u0131n D\u00f6vl\u0259t v\u0259 H\u00f6kum\u0259t Ba\u015f\u00e7\u0131lar\u0131n\u0131n 18-ci Zirv\u0259 G\u00f6r\u00fc\u015f\u00fcnd\u0259 deyib.<\/p>\n<p>Onun s\u00f6zl\u0259rin\u0259 g\u00f6r\u0259, geosiyasi d\u0259yi\u015fiklikl\u0259r, d\u00fcnyada ba\u015f ver\u0259n par\u00e7alanma d\u00f6vl\u0259tl\u0259r qar\u015f\u0131s\u0131nda t\u0259xir\u0259sal\u0131nmaz yeni m\u0259qs\u0259dl\u0259r qoyur:<\/p>\n<div id=\"AdviadNativeVideo0\" class=\"AdviadNativeVideo\"><\/div>\n<p>\u201cPakistan birm\u0259nal\u0131 olaraq i\u015f\u011fal\u0131 pisl\u0259yir, beyn\u0259lxalq birliyin terror\u00e7ulu\u011fa qar\u015f\u0131 m\u00fcbariz\u0259sini d\u0259st\u0259kl\u0259yir. Qo\u015fulmama H\u0259r\u0259kat\u0131n\u0131n b\u0259zi \u00fczvl\u0259ri i\u015f\u011faldan \u0259ziyy\u0259t \u00e7\u0259kir. K\u0259\u015fmir ne\u00e7\u0259 ildir ki, i\u015f\u011fal alt\u0131ndad\u0131r.<\/p>\n<p>K\u0259\u015fmird\u0259 ya\u015fayan \u0259hali \u0259ziyy\u0259t \u00e7\u0259kir. H\u0259min regionda ya\u015fayan xalq\u0131n \u00f6z m\u00fcq\u0259dd\u0259rat\u0131 t\u0259yin edilm\u0259lidir. Bu regionda terror ba\u015f al\u0131b gedir v\u0259 bu, q\u0259buledilm\u0259zdir\u201d, &#8211; dey\u0259 o \u0259lav\u0259 edib.<\/p>\n<p>Pakistan r\u0259hb\u0259ri qeyd edib ki, BMT-nin beyn\u0259lxalq h\u00fcquq m\u00f6vqeyind\u0259n \u00e7\u0131x\u0131\u015f ed\u0259r\u0259k \u00f6l\u00e7\u00fcl\u0259r g\u00f6t\u00fcr\u00fclm\u0259lidir:<\/p>\n<p>\u201cBiz h\u0259min yerd\u0259 s\u00fclh\u00fcn b\u0259rq\u0259rar olunmas\u0131 \u00fc\u00e7\u00fcn t\u0259klifl\u0259rl\u0259 \u00e7\u0131x\u0131\u015f etmi\u015fik. Biz ist\u0259rdik ki, K\u0259\u015fmird\u0259 olan m\u00fcnaqi\u015f\u0259 s\u00fclh yolu il\u0259 \u00f6z h\u0259llini taps\u0131n. BMT T\u0259hl\u00fck\u0259sizlik \u015euras\u0131 K\u0259\u015fmirl\u0259 ba\u011fl\u0131 11 q\u0259tnam\u0259 q\u0259bul edib. Pakistan Qo\u015fulmama H\u0259r\u0259kat\u0131n\u0131n terror\u00e7ulu\u011fa qar\u015f\u0131 m\u00f6vqeyini d\u0259st\u0259kl\u0259yir.<\/p>\n<p>Pakistan terror\u00e7ulu\u011fa qar\u015f\u0131 m\u00fcbariz\u0259ni vacib hesab edir. Terror\u00e7uluq \u0259leyhin\u0259 beyn\u0259lxalq birlik h\u0259mr\u0259ylik g\u00f6st\u0259rm\u0259lidir. Biz terror\u00e7ular\u0131 beyn\u0259lxalq h\u00fcquq \u00e7\u0259r\u00e7iv\u0259sind\u0259 c\u0259zaland\u0131rmal\u0131y\u0131q\u201d.oxu.az<\/p>\n","protected":false},"excerpt":{"rendered":"<p>H\u0259r g\u00fcn artan terror h\u00fccumlar\u0131 bizi \u00e7ox m\u00fcr\u0259kk\u0259b v\u0259ziyy\u0259t\u0259 g\u0259tirib \u00e7\u0131xar\u0131b. Sabitlik sual alt\u0131ndad\u0131r. Biz burada g\u00fccd\u0259n istifad\u0259nin, qeyri-sabitliyin \u015fahidi oluruq. B\u0259rab\u0259rsizlik, yoxsulluq, iqlim d\u0259yi\u015fikliyi bizim \u0259n \u00e7ox g\u00f6rd\u00fcy\u00fcm\u00fcz probleml\u0259rdir. \u0130rq\u00e7ilik, islamafobiyan\u0131n \u015fahidi oluruq. ARANTV.AZ\u00a0 x\u0259b\u0259r verir ki, bunu Pakistan Prezidenti Arif Alvi Qo\u015fulmama H\u0259r\u0259kat\u0131n\u0131n D\u00f6vl\u0259t v\u0259 H\u00f6kum\u0259t Ba\u015f\u00e7\u0131lar\u0131n\u0131n 18-ci Zirv\u0259 G\u00f6r\u00fc\u015f\u00fcnd\u0259 deyib. Onun s\u00f6zl\u0259rin\u0259 g\u00f6r\u0259, geosiyasi d\u0259yi\u015fiklikl\u0259r, d\u00fcnyada ba\u015f ver\u0259n par\u00e7alanma d\u00f6vl\u0259tl\u0259r qar\u015f\u0131s\u0131nda t\u0259xir\u0259sal\u0131nmaz yeni m\u0259qs\u0259dl\u0259r qoyur: \u201cPakistan birm\u0259nal\u0131 olaraq i\u015f\u011fal\u0131 pisl\u0259yir, beyn\u0259lxalq birliyin terror\u00e7ulu\u011fa qar\u015f\u0131 m\u00fcbariz\u0259sini d\u0259st\u0259kl\u0259yir. Qo\u015fulmama H\u0259r\u0259kat\u0131n\u0131n b\u0259zi \u00fczvl\u0259ri i\u015f\u011faldan \u0259ziyy\u0259t \u00e7\u0259kir. K\u0259\u015fmir ne\u00e7\u0259 ildir ki,&hellip;<\/p>\n","protected":false},"author":2,"featured_media":89202,"comment_status":"closed","ping_status":"closed","sticky":false,"template":"","format":"standard","meta":{"om_disable_all_campaigns":false,"_monsterinsights_skip_tracking":false,"_monsterinsights_sitenote_active":false,"_monsterinsights_sitenote_note":"","_monsterinsights_sitenote_category":0},"categories":[4],"tags":[],"aioseo_notices":[],"gutentor_comment":0,"rttpg_featured_image_url":{"full":["https:\/\/arantv.az\/wp-content\/uploads\/2019\/10\/BBPOIrf.jpg",620,413,false],"landscape":["https:\/\/arantv.az\/wp-content\/uploads\/2019\/10\/BBPOIrf.jpg",620,413,false],"portraits":["https:\/\/arantv.az\/wp-content\/uploads\/2019\/10\/BBPOIrf.jpg",620,413,false],"thumbnail":["https:\/\/arantv.az\/wp-content\/uploads\/2019\/10\/BBPOIrf-150x150.jpg",150,150,true],"medium":["https:\/\/arantv.az\/wp-content\/uploads\/2019\/10\/BBPOIrf-300x200.jpg",300,200,true],"large":["https:\/\/arantv.az\/wp-content\/uploads\/2019\/10\/BBPOIrf.jpg",620,413,false],"1536x1536":["https:\/\/arantv.az\/wp-content\/uploads\/2019\/10\/BBPOIrf.jpg",620,413,false],"2048x2048":["https:\/\/arantv.az\/wp-content\/uploads\/2019\/10\/BBPOIrf.jpg",620,413,false],"post-thumbnail":["https:\/\/arantv.az\/wp-content\/uploads\/2019\/10\/BBPOIrf-240x172.jpg",240,172,true],"advps-thumb-one":["https:\/\/arantv.az\/wp-content\/uploads\/2019\/10\/BBPOIrf.jpg",620,413,false]},"rttpg_author":{"display_name":"V\u00fcsal Rafiqo\u011flu","author_link":"https:\/\/arantv.az\/?author=2"},"rttpg_comment":0,"rttpg_category":"<a href=\"https:\/\/arantv.az\/?cat=4\" rel=\"category\">Siyas\u0259t<\/a>","rttpg_excerpt":"H\u0259r g\u00fcn artan terror h\u00fccumlar\u0131 bizi \u00e7ox m\u00fcr\u0259kk\u0259b v\u0259ziyy\u0259t\u0259 g\u0259tirib \u00e7\u0131xar\u0131b. Sabitlik sual alt\u0131ndad\u0131r. Biz burada g\u00fccd\u0259n istifad\u0259nin, qeyri-sabitliyin \u015fahidi oluruq. B\u0259rab\u0259rsizlik, yoxsulluq, iqlim d\u0259yi\u015fikliyi bizim \u0259n \u00e7ox g\u00f6rd\u00fcy\u00fcm\u00fcz probleml\u0259rdir. \u0130rq\u00e7ilik, islamafobiyan\u0131n \u015fahidi oluruq. ARANTV.AZ\u00a0 x\u0259b\u0259r verir ki, bunu Pakistan Prezidenti Arif Alvi Qo\u015fulmama H\u0259r\u0259kat\u0131n\u0131n D\u00f6vl\u0259t v\u0259 H\u00f6kum\u0259t Ba\u015f\u00e7\u0131lar\u0131n\u0131n 18-ci Zirv\u0259 G\u00f6r\u00fc\u015f\u00fcnd\u0259 deyib. Onun s\u00f6zl\u0259rin\u0259&hellip;","_links":{"self":[{"href":"https:\/\/arantv.az\/index.php?rest_route=\/wp\/v2\/posts\/89201"}],"collection":[{"href":"https:\/\/arantv.az\/index.php?rest_route=\/wp\/v2\/posts"}],"about":[{"href":"https:\/\/arantv.az\/index.php?rest_route=\/wp\/v2\/types\/post"}],"author":[{"embeddable":true,"href":"https:\/\/arantv.az\/index.php?rest_route=\/wp\/v2\/users\/2"}],"replies":[{"embeddable":true,"href":"https:\/\/arantv.az\/index.php?rest_route=%2Fwp%2Fv2%2Fcomments&post=89201"}],"version-history":[{"count":0,"href":"https:\/\/arantv.az\/index.php?rest_route=\/wp\/v2\/posts\/89201\/revisions"}],"wp:featuredmedia":[{"embeddable":true,"href":"https:\/\/arantv.az\/index.php?rest_route=\/wp\/v2\/media\/89202"}],"wp:attachment":[{"href":"https:\/\/arantv.az\/index.php?rest_route=%2Fwp%2Fv2%2Fmedia&parent=89201"}],"wp:term":[{"taxonomy":"category","embeddable":true,"href":"https:\/\/arantv.az\/index.php?rest_route=%2Fwp%2Fv2%2Fcategories&post=89201"},{"taxonomy":"post_tag","embeddable":true,"href":"https:\/\/arantv.az\/index.php?rest_route=%2Fwp%2Fv2%2Ftags&post=89201"}],"curies":[{"name":"wp","href":"https:\/\/api.w.org\/{rel}","templated":true}]}}