{"id":89217,"date":"2019-10-25T14:39:57","date_gmt":"2019-10-25T11:39:57","guid":{"rendered":"http:\/\/arantv.az\/?p=89217"},"modified":"2019-10-25T14:39:57","modified_gmt":"2019-10-25T11:39:57","slug":"berdim%c9%99h%c9%99mm%c9%99dov-qosulmama-h%c9%99r%c9%99kati-qlobal-iqtisadi-prosesl%c9%99rd%c9%99-yaxindan-istirak-etm%c9%99lidir","status":"publish","type":"post","link":"https:\/\/arantv.az\/?p=89217","title":{"rendered":"Berdim\u0259h\u0259mm\u0259dov: &#8220;Qo\u015fulmama H\u0259r\u0259kat\u0131 qlobal iqtisadi prosesl\u0259rd\u0259 yax\u0131ndan i\u015ftirak etm\u0259lidir&#8221;"},"content":{"rendered":"<p>Az\u0259rbaycana bu m\u00f6t\u0259b\u0259r t\u0259dbir\u0259 ev sahibliyi etdiyin\u0259 g\u00f6r\u0259 t\u0259\u015f\u0259kk\u00fcr edir\u0259m.<\/p>\n<p><strong>ARANTV.AZ<\/strong>\u00a0<a href=\"http:\/\/az.trend.az\/\" target=\"_blank\" rel=\"noopener\">Trend<\/a>-\u0259 istinad\u0259n bildirir ki,\u00a0bunu T\u00fcrkm\u0259nistan Prezidenti Qurbanqulu Berdim\u0259h\u0259mm\u0259dov Qo\u015fulmama H\u0259r\u0259kat\u0131na \u00fczv \u00f6lk\u0259l\u0259rin d\u00f6vl\u0259t v\u0259 h\u00f6kum\u0259t ba\u015f\u00e7\u0131lar\u0131n\u0131n Bak\u0131da ke\u00e7iril\u0259n XVIII Zirv\u0259 G\u00f6r\u00fc\u015f\u00fcnd\u0259 deyib.<\/p>\n<p>O qeyd edib ki, Qo\u015fulmama H\u0259r\u0259kat\u0131 d\u00fcnyada qlobal q\u0259rarlar\u0131n q\u0259bul edilm\u0259sind\u0259 yax\u0131ndan i\u015ftirak etm\u0259lidir: &#8220;Qo\u015fulmama H\u0259r\u0259kat\u0131 qlobal t\u0259hl\u00fck\u0259sizlik \u00fc\u00e7\u00fcn \u00e7al\u0131\u015fan bir t\u0259\u015fkilat kimi q\u0259bul edilm\u0259lidir. T\u00fcrkm\u0259nistan \u00f6z m\u0259suliyy\u0259tini anlayaraq s\u00fclh\u00fcn t\u0259min olunmas\u0131na d\u0259st\u0259yini g\u00f6st\u0259rir. Beyn\u0259lxalq terro\u00e7ulu\u011fa qar\u015f\u0131 effektiv m\u00fcbariz\u0259 aparmaq vacibdir&#8221;.<\/p>\n<p>Q.Berdim\u0259h\u0259mm\u0259dov vur\u011fulay\u0131b ki, T\u00fcrkm\u0259nistan BMT-nin qlobal antiterror strategiyas\u0131n\u0131n h\u0259yata ke\u00e7irilm\u0259sinin t\u0259r\u0259fdar\u0131d\u0131r: &#8220;Bu m\u00fcbariz\u0259 h\u0259m qlobal, h\u0259m regional, h\u0259m d\u0259 d\u00f6vl\u0259tl\u0259r s\u0259viyy\u0259sind\u0259 h\u0259yata ke\u00e7irilm\u0259lidir. Qo\u015fulmama H\u0259r\u0259kat\u0131na \u00fczv \u00f6lk\u0259l\u0259r qa\u00e7q\u0131nlar problemind\u0259n \u0259ziyy\u0259t \u00e7\u0259kir. Son ill\u0259r \u0259rzind\u0259 bizim d\u00f6vl\u0259t 20 mind\u0259n \u00e7ox qa\u00e7q\u0131na v\u0259 v\u0259t\u0259nda\u015fl\u0131\u011f\u0131 olmayan \u015f\u0259xs\u0259 v\u0259t\u0259nda\u015fl\u0131q verib. T\u00fcrkm\u0259nistan Qo\u015fulmama H\u0259r\u0259kat\u0131nda qa\u00e7q\u0131nlarla ba\u011fl\u0131 ayr\u0131ca b\u00f6lm\u0259nin f\u0259aliyy\u0259t g\u00f6st\u0259rm\u0259sini t\u0259klif edib v\u0259 bu g\u00fcn d\u0259 t\u0259klif edir&#8221;.<\/p>\n<p>T\u00fcrkm\u0259nistan Prezidenti vur\u011fulay\u0131b ki, Qo\u015fulmama H\u0259r\u0259kat\u0131 h\u0259m\u00e7inin qlobal iqtisadi prosesl\u0259rd\u0259 yax\u0131ndan i\u015ftirak etm\u0259lidir: &#8220;T\u0259\u015fkilat vahid m\u00f6vqed\u0259 \u00e7\u0131x\u0131\u015f etm\u0259li, \u00f6z iqtisadi g\u00fcnd\u0259liyini t\u0259\u015fviq etm\u0259lidir. Qlobal enerji t\u0259hl\u00fck\u0259sizliyinin t\u0259min olunmas\u0131nda yax\u0131ndan i\u015ftirak etm\u0259lidir&#8221;.<\/p>\n<p>Q.Berdim\u0259h\u0259mm\u0259dov \u0259lav\u0259 edib ki, X\u0259z\u0259r h\u00f6vz\u0259sind\u0259ki resurslar rasional \u015f\u0259kild\u0259 istifad\u0259 edilm\u0259lidir v\u0259 Qo\u015fulmama H\u0259r\u0259kat\u0131 da bu proses\u0259 d\u0259st\u0259k verm\u0259lidir.<\/p>\n","protected":false},"excerpt":{"rendered":"<p>Az\u0259rbaycana bu m\u00f6t\u0259b\u0259r t\u0259dbir\u0259 ev sahibliyi etdiyin\u0259 g\u00f6r\u0259 t\u0259\u015f\u0259kk\u00fcr edir\u0259m. ARANTV.AZ\u00a0Trend-\u0259 istinad\u0259n bildirir ki,\u00a0bunu T\u00fcrkm\u0259nistan Prezidenti Qurbanqulu Berdim\u0259h\u0259mm\u0259dov Qo\u015fulmama H\u0259r\u0259kat\u0131na \u00fczv \u00f6lk\u0259l\u0259rin d\u00f6vl\u0259t v\u0259 h\u00f6kum\u0259t ba\u015f\u00e7\u0131lar\u0131n\u0131n Bak\u0131da ke\u00e7iril\u0259n XVIII Zirv\u0259 G\u00f6r\u00fc\u015f\u00fcnd\u0259 deyib. O qeyd edib ki, Qo\u015fulmama H\u0259r\u0259kat\u0131 d\u00fcnyada qlobal q\u0259rarlar\u0131n q\u0259bul edilm\u0259sind\u0259 yax\u0131ndan i\u015ftirak etm\u0259lidir: &#8220;Qo\u015fulmama H\u0259r\u0259kat\u0131 qlobal t\u0259hl\u00fck\u0259sizlik \u00fc\u00e7\u00fcn \u00e7al\u0131\u015fan bir t\u0259\u015fkilat kimi q\u0259bul edilm\u0259lidir. T\u00fcrkm\u0259nistan \u00f6z m\u0259suliyy\u0259tini anlayaraq s\u00fclh\u00fcn t\u0259min olunmas\u0131na d\u0259st\u0259yini g\u00f6st\u0259rir. Beyn\u0259lxalq terro\u00e7ulu\u011fa qar\u015f\u0131 effektiv m\u00fcbariz\u0259 aparmaq vacibdir&#8221;. Q.Berdim\u0259h\u0259mm\u0259dov vur\u011fulay\u0131b ki, T\u00fcrkm\u0259nistan BMT-nin qlobal antiterror strategiyas\u0131n\u0131n h\u0259yata ke\u00e7irilm\u0259sinin t\u0259r\u0259fdar\u0131d\u0131r: &#8220;Bu m\u00fcbariz\u0259 h\u0259m qlobal, h\u0259m regional,&hellip;<\/p>\n","protected":false},"author":2,"featured_media":89218,"comment_status":"closed","ping_status":"closed","sticky":false,"template":"","format":"standard","meta":{"om_disable_all_campaigns":false,"_monsterinsights_skip_tracking":false,"_monsterinsights_sitenote_active":false,"_monsterinsights_sitenote_note":"","_monsterinsights_sitenote_category":0},"categories":[4],"tags":[],"aioseo_notices":[],"gutentor_comment":0,"rttpg_featured_image_url":{"full":["https:\/\/arantv.az\/wp-content\/uploads\/2019\/10\/797138.jpg",587,440,false],"landscape":["https:\/\/arantv.az\/wp-content\/uploads\/2019\/10\/797138.jpg",587,440,false],"portraits":["https:\/\/arantv.az\/wp-content\/uploads\/2019\/10\/797138.jpg",587,440,false],"thumbnail":["https:\/\/arantv.az\/wp-content\/uploads\/2019\/10\/797138-150x150.jpg",150,150,true],"medium":["https:\/\/arantv.az\/wp-content\/uploads\/2019\/10\/797138-300x225.jpg",300,225,true],"large":["https:\/\/arantv.az\/wp-content\/uploads\/2019\/10\/797138.jpg",587,440,false],"1536x1536":["https:\/\/arantv.az\/wp-content\/uploads\/2019\/10\/797138.jpg",587,440,false],"2048x2048":["https:\/\/arantv.az\/wp-content\/uploads\/2019\/10\/797138.jpg",587,440,false],"post-thumbnail":["https:\/\/arantv.az\/wp-content\/uploads\/2019\/10\/797138-240x172.jpg",240,172,true],"advps-thumb-one":["https:\/\/arantv.az\/wp-content\/uploads\/2019\/10\/797138.jpg",587,440,false]},"rttpg_author":{"display_name":"V\u00fcsal Rafiqo\u011flu","author_link":"https:\/\/arantv.az\/?author=2"},"rttpg_comment":0,"rttpg_category":"<a href=\"https:\/\/arantv.az\/?cat=4\" rel=\"category\">Siyas\u0259t<\/a>","rttpg_excerpt":"Az\u0259rbaycana bu m\u00f6t\u0259b\u0259r t\u0259dbir\u0259 ev sahibliyi etdiyin\u0259 g\u00f6r\u0259 t\u0259\u015f\u0259kk\u00fcr edir\u0259m. ARANTV.AZ\u00a0Trend-\u0259 istinad\u0259n bildirir ki,\u00a0bunu T\u00fcrkm\u0259nistan Prezidenti Qurbanqulu Berdim\u0259h\u0259mm\u0259dov Qo\u015fulmama H\u0259r\u0259kat\u0131na \u00fczv \u00f6lk\u0259l\u0259rin d\u00f6vl\u0259t v\u0259 h\u00f6kum\u0259t ba\u015f\u00e7\u0131lar\u0131n\u0131n Bak\u0131da ke\u00e7iril\u0259n XVIII Zirv\u0259 G\u00f6r\u00fc\u015f\u00fcnd\u0259 deyib. O qeyd edib ki, Qo\u015fulmama H\u0259r\u0259kat\u0131 d\u00fcnyada qlobal q\u0259rarlar\u0131n q\u0259bul edilm\u0259sind\u0259 yax\u0131ndan i\u015ftirak etm\u0259lidir: &#8220;Qo\u015fulmama H\u0259r\u0259kat\u0131 qlobal t\u0259hl\u00fck\u0259sizlik \u00fc\u00e7\u00fcn \u00e7al\u0131\u015fan bir t\u0259\u015fkilat kimi&hellip;","_links":{"self":[{"href":"https:\/\/arantv.az\/index.php?rest_route=\/wp\/v2\/posts\/89217"}],"collection":[{"href":"https:\/\/arantv.az\/index.php?rest_route=\/wp\/v2\/posts"}],"about":[{"href":"https:\/\/arantv.az\/index.php?rest_route=\/wp\/v2\/types\/post"}],"author":[{"embeddable":true,"href":"https:\/\/arantv.az\/index.php?rest_route=\/wp\/v2\/users\/2"}],"replies":[{"embeddable":true,"href":"https:\/\/arantv.az\/index.php?rest_route=%2Fwp%2Fv2%2Fcomments&post=89217"}],"version-history":[{"count":0,"href":"https:\/\/arantv.az\/index.php?rest_route=\/wp\/v2\/posts\/89217\/revisions"}],"wp:featuredmedia":[{"embeddable":true,"href":"https:\/\/arantv.az\/index.php?rest_route=\/wp\/v2\/media\/89218"}],"wp:attachment":[{"href":"https:\/\/arantv.az\/index.php?rest_route=%2Fwp%2Fv2%2Fmedia&parent=89217"}],"wp:term":[{"taxonomy":"category","embeddable":true,"href":"https:\/\/arantv.az\/index.php?rest_route=%2Fwp%2Fv2%2Fcategories&post=89217"},{"taxonomy":"post_tag","embeddable":true,"href":"https:\/\/arantv.az\/index.php?rest_route=%2Fwp%2Fv2%2Ftags&post=89217"}],"curies":[{"name":"wp","href":"https:\/\/api.w.org\/{rel}","templated":true}]}}