{"id":89234,"date":"2019-10-25T14:54:25","date_gmt":"2019-10-25T11:54:25","guid":{"rendered":"http:\/\/arantv.az\/?p=89234"},"modified":"2019-10-25T14:54:25","modified_gmt":"2019-10-25T11:54:25","slug":"berdim%c9%99h%c9%99mm%c9%99dovdan-x%c9%99z%c9%99r-d%c9%99nizi-il%c9%99-bagli-cagiris","status":"publish","type":"post","link":"https:\/\/arantv.az\/?p=89234","title":{"rendered":"Berdim\u0259h\u0259mm\u0259dovdan X\u0259z\u0259r d\u0259nizi il\u0259 ba\u011fl\u0131 &#8211; \u00c7A\u011eIRI\u015e"},"content":{"rendered":"<p>T\u00fcrkm\u0259nistan hesab edir ki, Qo\u015fulmama H\u0259r\u0259kat\u0131 olaraq atd\u0131\u011f\u0131m\u0131z add\u0131mlar, q\u0259bul etdiyimiz q\u0259rarlar bu g\u00fcn d\u0259 aktuall\u0131\u011f\u0131n\u0131 itirmir. D\u00fcnya birliyi bizi qlobal t\u0259hl\u00fck\u0259sizlik \u00fc\u00e7\u00fcn \u00e7al\u0131\u015fan t\u0259\u015fkilat kimi q\u0259bul etm\u0259lidir.<\/p>\n<p><strong>ARANTV.AZ\u00a0\u00a0<\/strong>x\u0259b\u0259r verir ki, bunu T\u00fcrkm\u0259nistan Prezidenti Qurbanqulu Berdim\u0259h\u0259mm\u0259dov Qo\u015fulmama H\u0259r\u0259kat\u0131n\u0131n Zirv\u0259 G\u00f6r\u00fc\u015f\u00fcnd\u0259 deyib.<\/p>\n<p>O vur\u011fulay\u0131b ki, T\u00fcrkm\u0259nistan BMT-nin Ba\u015f Assambleyas\u0131n\u0131n q\u0259bul etdiyi b\u00fct\u00fcn q\u0259rarlar\u0131 q\u0259bul edir:<\/p>\n<div id=\"AdviadNativeVideo0\" class=\"AdviadNativeVideo\"><\/div>\n<p>\u201cTerror\u00e7ulu\u011fa qar\u015f\u0131 m\u00fcbariz\u0259 qlobal \u00e7a\u011f\u0131r\u0131\u015flardan biridir. T\u00fcrkm\u0259nistan q\u0259ti \u015f\u0259kild\u0259 BMT-nin qlobal anti-terror siyas\u0259tinin ke\u00e7irm\u0259sinin t\u0259r\u0259fdar\u0131d\u0131r. Bu g\u00fcn m\u00fch\u00fcm \u00e7a\u011f\u0131r\u0131\u015flardan biri Qo\u015fulmama H\u0259r\u0259kat\u0131n\u0131n qlobal iqtisadiyyatda i\u015ftirak etm\u0259sidir\u201d.<\/p>\n<p>Prezident bildirib ki, Qo\u015fulmama H\u0259r\u0259kat\u0131 \u00fcmumi m\u00f6vqed\u0259n \u00e7\u0131x\u0131\u015f ed\u0259r\u0259k inki\u015faf etm\u0259kd\u0259 olan \u00f6lk\u0259l\u0259r\u0259 d\u0259st\u0259k verm\u0259lidir.<\/p>\n<p>\u201cBiz m\u0259suliyy\u0259tli formada \u00f6z iqtisadi g\u00fcnd\u0259liyimizi t\u0259\u015fviq etm\u0259liyik. Biz qlobal enerji t\u0259hl\u00fck\u0259sizliyinin davaml\u0131 \u015f\u0259kild\u0259 formala\u015fd\u0131r\u0131lmas\u0131nda i\u015ftirak etm\u0259liyik\u201d, &#8211; dey\u0259 o \u0259lav\u0259 edib.<\/p>\n<p>Q.Berdim\u0259h\u0259mm\u0259dov \u00e7\u0131x\u0131\u015f\u0131nda onu da qeyd edib ki, X\u0259z\u0259r d\u0259nizinin ekoloji m\u00fchitinin qorunmas\u0131 olduqca \u00f6n\u0259mlidir.oxu.az<\/p>\n","protected":false},"excerpt":{"rendered":"<p>T\u00fcrkm\u0259nistan hesab edir ki, Qo\u015fulmama H\u0259r\u0259kat\u0131 olaraq atd\u0131\u011f\u0131m\u0131z add\u0131mlar, q\u0259bul etdiyimiz q\u0259rarlar bu g\u00fcn d\u0259 aktuall\u0131\u011f\u0131n\u0131 itirmir. D\u00fcnya birliyi bizi qlobal t\u0259hl\u00fck\u0259sizlik \u00fc\u00e7\u00fcn \u00e7al\u0131\u015fan t\u0259\u015fkilat kimi q\u0259bul etm\u0259lidir. ARANTV.AZ\u00a0\u00a0x\u0259b\u0259r verir ki, bunu T\u00fcrkm\u0259nistan Prezidenti Qurbanqulu Berdim\u0259h\u0259mm\u0259dov Qo\u015fulmama H\u0259r\u0259kat\u0131n\u0131n Zirv\u0259 G\u00f6r\u00fc\u015f\u00fcnd\u0259 deyib. O vur\u011fulay\u0131b ki, T\u00fcrkm\u0259nistan BMT-nin Ba\u015f Assambleyas\u0131n\u0131n q\u0259bul etdiyi b\u00fct\u00fcn q\u0259rarlar\u0131 q\u0259bul edir: \u201cTerror\u00e7ulu\u011fa qar\u015f\u0131 m\u00fcbariz\u0259 qlobal \u00e7a\u011f\u0131r\u0131\u015flardan biridir. T\u00fcrkm\u0259nistan q\u0259ti \u015f\u0259kild\u0259 BMT-nin qlobal anti-terror siyas\u0259tinin ke\u00e7irm\u0259sinin t\u0259r\u0259fdar\u0131d\u0131r. Bu g\u00fcn m\u00fch\u00fcm \u00e7a\u011f\u0131r\u0131\u015flardan biri Qo\u015fulmama H\u0259r\u0259kat\u0131n\u0131n qlobal iqtisadiyyatda i\u015ftirak etm\u0259sidir\u201d. Prezident bildirib ki, Qo\u015fulmama H\u0259r\u0259kat\u0131 \u00fcmumi m\u00f6vqed\u0259n \u00e7\u0131x\u0131\u015f ed\u0259r\u0259k inki\u015faf&hellip;<\/p>\n","protected":false},"author":2,"featured_media":89235,"comment_status":"closed","ping_status":"closed","sticky":false,"template":"","format":"standard","meta":{"om_disable_all_campaigns":false,"_monsterinsights_skip_tracking":false,"_monsterinsights_sitenote_active":false,"_monsterinsights_sitenote_note":"","_monsterinsights_sitenote_category":0},"categories":[4],"tags":[],"aioseo_notices":[],"gutentor_comment":0,"rttpg_featured_image_url":{"full":["https:\/\/arantv.az\/wp-content\/uploads\/2019\/10\/turk.jpg",620,335,false],"landscape":["https:\/\/arantv.az\/wp-content\/uploads\/2019\/10\/turk.jpg",620,335,false],"portraits":["https:\/\/arantv.az\/wp-content\/uploads\/2019\/10\/turk.jpg",620,335,false],"thumbnail":["https:\/\/arantv.az\/wp-content\/uploads\/2019\/10\/turk-150x150.jpg",150,150,true],"medium":["https:\/\/arantv.az\/wp-content\/uploads\/2019\/10\/turk-300x162.jpg",300,162,true],"large":["https:\/\/arantv.az\/wp-content\/uploads\/2019\/10\/turk.jpg",620,335,false],"1536x1536":["https:\/\/arantv.az\/wp-content\/uploads\/2019\/10\/turk.jpg",620,335,false],"2048x2048":["https:\/\/arantv.az\/wp-content\/uploads\/2019\/10\/turk.jpg",620,335,false],"post-thumbnail":["https:\/\/arantv.az\/wp-content\/uploads\/2019\/10\/turk-240x172.jpg",240,172,true],"advps-thumb-one":["https:\/\/arantv.az\/wp-content\/uploads\/2019\/10\/turk.jpg",620,335,false]},"rttpg_author":{"display_name":"V\u00fcsal Rafiqo\u011flu","author_link":"https:\/\/arantv.az\/?author=2"},"rttpg_comment":0,"rttpg_category":"<a href=\"https:\/\/arantv.az\/?cat=4\" rel=\"category\">Siyas\u0259t<\/a>","rttpg_excerpt":"T\u00fcrkm\u0259nistan hesab edir ki, Qo\u015fulmama H\u0259r\u0259kat\u0131 olaraq atd\u0131\u011f\u0131m\u0131z add\u0131mlar, q\u0259bul etdiyimiz q\u0259rarlar bu g\u00fcn d\u0259 aktuall\u0131\u011f\u0131n\u0131 itirmir. D\u00fcnya birliyi bizi qlobal t\u0259hl\u00fck\u0259sizlik \u00fc\u00e7\u00fcn \u00e7al\u0131\u015fan t\u0259\u015fkilat kimi q\u0259bul etm\u0259lidir. ARANTV.AZ\u00a0\u00a0x\u0259b\u0259r verir ki, bunu T\u00fcrkm\u0259nistan Prezidenti Qurbanqulu Berdim\u0259h\u0259mm\u0259dov Qo\u015fulmama H\u0259r\u0259kat\u0131n\u0131n Zirv\u0259 G\u00f6r\u00fc\u015f\u00fcnd\u0259 deyib. O vur\u011fulay\u0131b ki, T\u00fcrkm\u0259nistan BMT-nin Ba\u015f Assambleyas\u0131n\u0131n q\u0259bul etdiyi b\u00fct\u00fcn q\u0259rarlar\u0131 q\u0259bul edir: \u201cTerror\u00e7ulu\u011fa&hellip;","_links":{"self":[{"href":"https:\/\/arantv.az\/index.php?rest_route=\/wp\/v2\/posts\/89234"}],"collection":[{"href":"https:\/\/arantv.az\/index.php?rest_route=\/wp\/v2\/posts"}],"about":[{"href":"https:\/\/arantv.az\/index.php?rest_route=\/wp\/v2\/types\/post"}],"author":[{"embeddable":true,"href":"https:\/\/arantv.az\/index.php?rest_route=\/wp\/v2\/users\/2"}],"replies":[{"embeddable":true,"href":"https:\/\/arantv.az\/index.php?rest_route=%2Fwp%2Fv2%2Fcomments&post=89234"}],"version-history":[{"count":0,"href":"https:\/\/arantv.az\/index.php?rest_route=\/wp\/v2\/posts\/89234\/revisions"}],"wp:featuredmedia":[{"embeddable":true,"href":"https:\/\/arantv.az\/index.php?rest_route=\/wp\/v2\/media\/89235"}],"wp:attachment":[{"href":"https:\/\/arantv.az\/index.php?rest_route=%2Fwp%2Fv2%2Fmedia&parent=89234"}],"wp:term":[{"taxonomy":"category","embeddable":true,"href":"https:\/\/arantv.az\/index.php?rest_route=%2Fwp%2Fv2%2Fcategories&post=89234"},{"taxonomy":"post_tag","embeddable":true,"href":"https:\/\/arantv.az\/index.php?rest_route=%2Fwp%2Fv2%2Ftags&post=89234"}],"curies":[{"name":"wp","href":"https:\/\/api.w.org\/{rel}","templated":true}]}}