{"id":89246,"date":"2019-10-25T15:21:03","date_gmt":"2019-10-25T12:21:03","guid":{"rendered":"http:\/\/arantv.az\/?p=89246"},"modified":"2019-10-25T15:21:03","modified_gmt":"2019-10-25T12:21:03","slug":"movlud-cavusoglu-az%c9%99rbaycana-d%c9%99st%c9%99yimizi-gost%c9%99rm%c9%99k-ucun-bu-zirv%c9%99d%c9%99-istirak-etdik","status":"publish","type":"post","link":"https:\/\/arantv.az\/?p=89246","title":{"rendered":"M\u00f6vlud \u00c7avu\u015fo\u011flu: &#8220;Az\u0259rbaycana d\u0259st\u0259yimizi g\u00f6st\u0259rm\u0259k \u00fc\u00e7\u00fcn bu Zirv\u0259d\u0259 i\u015ftirak etdik&#8221;"},"content":{"rendered":"<p><strong>Az\u0259rbaycana d\u0259st\u0259yimizi g\u00f6st\u0259rm\u0259k \u00fc\u00e7\u00fcn Qo\u015fulmama H\u0259r\u0259kat\u0131n\u0131n XVIII Bak\u0131 Zirv\u0259 G\u00f6r\u00fc\u015f\u00fcnd\u0259 i\u015ftirak etdik.<\/strong><\/p>\n<p><strong>ARANTV.AZ<\/strong>\u00a0\u00a0<a href=\"http:\/\/az.trend.az\/\" target=\"_blank\" rel=\"noopener\">Trend<\/a>-\u0259 istinad\u0259n bildirir ki,\u00a0bunu T\u00fcrkiy\u0259nin Xarici i\u015fl\u0259r naziri M\u00f6vl\u00fcd \u00c7avu\u015fo\u011flu deyib.<\/p>\n<p>Nazir qeyd edib ki, Az\u0259rbaycan\u0131n bel\u0259 \u0259h\u0259miyy\u0259tli bir t\u0259dbir\u0259 ev sahibliyi etm\u0259si \u00e7ox \u00f6n\u0259mlidir v\u0259 m\u0259n h\u0259m Az\u0259rbaycan xalq\u0131n\u0131, h\u0259m d\u0259 Prezident \u0130lham \u018fliyevi bu m\u00fcnasib\u0259tl\u0259 t\u0259brik edir\u0259m.<\/p>\n<p>&#8220;Biz Az\u0259rbaycanda \u00f6z\u00fcm\u00fcz\u00fc v\u0259t\u0259nimizd\u0259ki kimi hiss edirik&#8221;- dey\u0259, M.\u00c7avu\u015fo\u011flu bildirib.<\/p>\n<p>O vur\u011fulay\u0131b ki, Qo\u015fulmama H\u0259r\u0259kat\u0131n\u0131n XVIII Bak\u0131 Zirv\u0259s\u0131 zaman\u0131 bir s\u0131ra \u0259h\u0259miyy\u0259tli g\u00f6r\u00fc\u015fl\u0259r ke\u00e7irib.<\/p>\n<p>Qeyd ed\u0259k ki, Bak\u0131da Qo\u015fulmama H\u0259r\u0259kat\u0131na \u00fczv \u00f6lk\u0259l\u0259rin d\u00f6vl\u0259t v\u0259 h\u00f6kum\u0259t ba\u015f\u00e7\u0131lar\u0131n\u0131n XVIII Zirv\u0259 G\u00f6r\u00fc\u015f\u00fc ke\u00e7irilir. H\u0259r\u0259kata \u00fczv \u00f6lk\u0259l\u0259rin d\u00f6vl\u0259t v\u0259 h\u00f6kum\u0259t ba\u015f\u00e7\u0131lar\u0131n\u0131n b\u00fcg\u00fcnk\u00fc g\u00f6r\u00fc\u015f\u00fcnd\u0259 Qo\u015fulmama H\u0259r\u0259kat\u0131na s\u0259drlik Az\u0259rbaycana t\u0259hvil verilib. Sabah da davam ed\u0259c\u0259k Zirv\u0259 G\u00f6r\u00fc\u015f\u00fc haz\u0131rda i\u015fini \u00fcmumi debatlarla davam etdirir.<\/p>\n<p>Bak\u0131 Zirv\u0259 G\u00f6r\u00fc\u015f\u00fcnd\u0259 4 yekun s\u0259n\u0259din q\u0259bulu g\u00f6zl\u0259nilir.<\/p>\n","protected":false},"excerpt":{"rendered":"<p>Az\u0259rbaycana d\u0259st\u0259yimizi g\u00f6st\u0259rm\u0259k \u00fc\u00e7\u00fcn Qo\u015fulmama H\u0259r\u0259kat\u0131n\u0131n XVIII Bak\u0131 Zirv\u0259 G\u00f6r\u00fc\u015f\u00fcnd\u0259 i\u015ftirak etdik. ARANTV.AZ\u00a0\u00a0Trend-\u0259 istinad\u0259n bildirir ki,\u00a0bunu T\u00fcrkiy\u0259nin Xarici i\u015fl\u0259r naziri M\u00f6vl\u00fcd \u00c7avu\u015fo\u011flu deyib. Nazir qeyd edib ki, Az\u0259rbaycan\u0131n bel\u0259 \u0259h\u0259miyy\u0259tli bir t\u0259dbir\u0259 ev sahibliyi etm\u0259si \u00e7ox \u00f6n\u0259mlidir v\u0259 m\u0259n h\u0259m Az\u0259rbaycan xalq\u0131n\u0131, h\u0259m d\u0259 Prezident \u0130lham \u018fliyevi bu m\u00fcnasib\u0259tl\u0259 t\u0259brik edir\u0259m. &#8220;Biz Az\u0259rbaycanda \u00f6z\u00fcm\u00fcz\u00fc v\u0259t\u0259nimizd\u0259ki kimi hiss edirik&#8221;- dey\u0259, M.\u00c7avu\u015fo\u011flu bildirib. O vur\u011fulay\u0131b ki, Qo\u015fulmama H\u0259r\u0259kat\u0131n\u0131n XVIII Bak\u0131 Zirv\u0259s\u0131 zaman\u0131 bir s\u0131ra \u0259h\u0259miyy\u0259tli g\u00f6r\u00fc\u015fl\u0259r ke\u00e7irib. Qeyd ed\u0259k ki, Bak\u0131da Qo\u015fulmama H\u0259r\u0259kat\u0131na \u00fczv \u00f6lk\u0259l\u0259rin d\u00f6vl\u0259t v\u0259 h\u00f6kum\u0259t ba\u015f\u00e7\u0131lar\u0131n\u0131n XVIII Zirv\u0259 G\u00f6r\u00fc\u015f\u00fc&hellip;<\/p>\n","protected":false},"author":2,"featured_media":89247,"comment_status":"closed","ping_status":"closed","sticky":false,"template":"","format":"standard","meta":{"om_disable_all_campaigns":false,"_monsterinsights_skip_tracking":false,"_monsterinsights_sitenote_active":false,"_monsterinsights_sitenote_note":"","_monsterinsights_sitenote_category":0},"categories":[19],"tags":[],"aioseo_notices":[],"gutentor_comment":0,"rttpg_featured_image_url":{"full":["https:\/\/arantv.az\/wp-content\/uploads\/2019\/10\/797151.jpg",800,600,false],"landscape":["https:\/\/arantv.az\/wp-content\/uploads\/2019\/10\/797151.jpg",800,600,false],"portraits":["https:\/\/arantv.az\/wp-content\/uploads\/2019\/10\/797151.jpg",800,600,false],"thumbnail":["https:\/\/arantv.az\/wp-content\/uploads\/2019\/10\/797151-150x150.jpg",150,150,true],"medium":["https:\/\/arantv.az\/wp-content\/uploads\/2019\/10\/797151-300x225.jpg",300,225,true],"large":["https:\/\/arantv.az\/wp-content\/uploads\/2019\/10\/797151.jpg",640,480,false],"1536x1536":["https:\/\/arantv.az\/wp-content\/uploads\/2019\/10\/797151.jpg",800,600,false],"2048x2048":["https:\/\/arantv.az\/wp-content\/uploads\/2019\/10\/797151.jpg",800,600,false],"post-thumbnail":["https:\/\/arantv.az\/wp-content\/uploads\/2019\/10\/797151-240x172.jpg",240,172,true],"advps-thumb-one":["https:\/\/arantv.az\/wp-content\/uploads\/2019\/10\/797151.jpg",800,600,false]},"rttpg_author":{"display_name":"V\u00fcsal Rafiqo\u011flu","author_link":"https:\/\/arantv.az\/?author=2"},"rttpg_comment":0,"rttpg_category":"<a href=\"https:\/\/arantv.az\/?cat=19\" rel=\"category\">G\u00fcnd\u0259m<\/a>","rttpg_excerpt":"Az\u0259rbaycana d\u0259st\u0259yimizi g\u00f6st\u0259rm\u0259k \u00fc\u00e7\u00fcn Qo\u015fulmama H\u0259r\u0259kat\u0131n\u0131n XVIII Bak\u0131 Zirv\u0259 G\u00f6r\u00fc\u015f\u00fcnd\u0259 i\u015ftirak etdik. ARANTV.AZ\u00a0\u00a0Trend-\u0259 istinad\u0259n bildirir ki,\u00a0bunu T\u00fcrkiy\u0259nin Xarici i\u015fl\u0259r naziri M\u00f6vl\u00fcd \u00c7avu\u015fo\u011flu deyib. Nazir qeyd edib ki, Az\u0259rbaycan\u0131n bel\u0259 \u0259h\u0259miyy\u0259tli bir t\u0259dbir\u0259 ev sahibliyi etm\u0259si \u00e7ox \u00f6n\u0259mlidir v\u0259 m\u0259n h\u0259m Az\u0259rbaycan xalq\u0131n\u0131, h\u0259m d\u0259 Prezident \u0130lham \u018fliyevi bu m\u00fcnasib\u0259tl\u0259 t\u0259brik edir\u0259m. &#8220;Biz Az\u0259rbaycanda \u00f6z\u00fcm\u00fcz\u00fc v\u0259t\u0259nimizd\u0259ki&hellip;","_links":{"self":[{"href":"https:\/\/arantv.az\/index.php?rest_route=\/wp\/v2\/posts\/89246"}],"collection":[{"href":"https:\/\/arantv.az\/index.php?rest_route=\/wp\/v2\/posts"}],"about":[{"href":"https:\/\/arantv.az\/index.php?rest_route=\/wp\/v2\/types\/post"}],"author":[{"embeddable":true,"href":"https:\/\/arantv.az\/index.php?rest_route=\/wp\/v2\/users\/2"}],"replies":[{"embeddable":true,"href":"https:\/\/arantv.az\/index.php?rest_route=%2Fwp%2Fv2%2Fcomments&post=89246"}],"version-history":[{"count":0,"href":"https:\/\/arantv.az\/index.php?rest_route=\/wp\/v2\/posts\/89246\/revisions"}],"wp:featuredmedia":[{"embeddable":true,"href":"https:\/\/arantv.az\/index.php?rest_route=\/wp\/v2\/media\/89247"}],"wp:attachment":[{"href":"https:\/\/arantv.az\/index.php?rest_route=%2Fwp%2Fv2%2Fmedia&parent=89246"}],"wp:term":[{"taxonomy":"category","embeddable":true,"href":"https:\/\/arantv.az\/index.php?rest_route=%2Fwp%2Fv2%2Fcategories&post=89246"},{"taxonomy":"post_tag","embeddable":true,"href":"https:\/\/arantv.az\/index.php?rest_route=%2Fwp%2Fv2%2Ftags&post=89246"}],"curies":[{"name":"wp","href":"https:\/\/api.w.org\/{rel}","templated":true}]}}