{"id":89263,"date":"2019-10-25T15:35:23","date_gmt":"2019-10-25T12:35:23","guid":{"rendered":"http:\/\/arantv.az\/?p=89263"},"modified":"2019-10-25T15:35:23","modified_gmt":"2019-10-25T12:35:23","slug":"kuba-prezidenti-zirv%c9%99-toplantisinin-yuks%c9%99k-s%c9%99viyy%c9%99d%c9%99-t%c9%99skilin%c9%99-gor%c9%99-az%c9%99rbaycana-t%c9%99s%c9%99kkur-edirik","status":"publish","type":"post","link":"https:\/\/arantv.az\/?p=89263","title":{"rendered":"Kuba Prezidenti: &#8220;Zirv\u0259 toplant\u0131s\u0131n\u0131n y\u00fcks\u0259k s\u0259viyy\u0259d\u0259 t\u0259\u015fkilin\u0259 g\u00f6r\u0259 Az\u0259rbaycana t\u0259\u015f\u0259kk\u00fcr edirik&#8221;"},"content":{"rendered":"<p>&#8220;Bu zirv\u0259 toplant\u0131s\u0131n\u0131n y\u00fcks\u0259k s\u0259viyy\u0259d\u0259 t\u0259\u015fkil edilm\u0259sin\u0259 g\u00f6r\u0259 Az\u0259rbaycana t\u0259\u015f\u0259kk\u00fcr edirik. Kuba il\u0259 Az\u0259rbaycan aras\u0131nda 27 ildir ki, ikit\u0259r\u0259fli m\u00fcnasib\u0259tl\u0259r m\u00f6vcuddur. Biz 11 min kilometr m\u0259saf\u0259ni q\u0259t ed\u0259r\u0259k m\u0259hz bu toplant\u0131da i\u015ftirak etm\u0259k \u00fc\u00e7\u00fcn g\u0259lmi\u015fik&#8221;.<\/p>\n<p><strong>ARANTV.AZ<\/strong>\u00a0\u00a0<a href=\"https:\/\/az.trend.az\/\" target=\"_blank\" rel=\"noopener\">Trend<\/a>-\u0259 istinad\u0259n x\u0259b\u0259r verir ki, bunu Kuba Prezidenti Migel Diaz-Kanel Qo\u015fulmama H\u0259r\u0259kat\u0131na \u00fczv \u00f6lk\u0259l\u0259rin d\u00f6vl\u0259t v\u0259 h\u00f6kum\u0259t ba\u015f\u00e7\u0131lar\u0131n\u0131n Bak\u0131da ke\u00e7iril\u0259n XVIII Zirv\u0259 G\u00f6r\u00fc\u015f\u00fcnd\u0259 deyib.<\/p>\n<p>M.Kanel bildirib ki, d\u00fcnyada \u0259dal\u0259ti b\u0259rpa etm\u0259k \u00fc\u00e7\u00fcn birg\u0259 f\u0259aliyy\u0259t vacibdir: &#8220;Biz \u0259limizd\u0259n g\u0259l\u0259ni etm\u0259liyik ki, xalqlar\u0131m\u0131z\u0131 xilas ed\u0259k. M\u00fcst\u0259ml\u0259k\u0259\u00e7ilik siyas\u0259ti bizim s\u0259rv\u0259tl\u0259rimizin talan olunmas\u0131na s\u0259b\u0259b olub.<\/p>\n<p>\u0130mperialist q\u00fcvv\u0259l\u0259r bizim \u00f6lk\u0259l\u0259rimizi bir n\u00f6v laboratoriyaya \u00e7eviribl\u0259r. Onlar bizi h\u0259r bir platformadan m\u0259hrum edibl\u0259r. Onlar\u0131n diqt\u0259sin\u0259 ba\u015f \u0259ym\u0259diyimiz \u00fc\u00e7\u00fcn bizi bu v\u0259ziyy\u0259t\u0259 sal\u0131blar. B\u00fct\u00fcn bunlar XXI \u0259sdr\u0259 ba\u015f verir. O \u00f6lk\u0259l\u0259r ki m\u00fcst\u0259qil, suveren olmaq ist\u0259yir, b\u00f6y\u00fck d\u00f6vl\u0259tl\u0259rin diqt\u0259si il\u0259 ya\u015famaq ist\u0259mir, onlara qar\u015f\u0131 \u00e7irkin siyas\u0259t apar\u0131l\u0131r. Biz s\u00fclh ist\u0259yirik. Bunun \u00fc\u00e7\u00fcn biz g\u00fccl\u00fc v\u0259 h\u0259mr\u0259y olmal\u0131y\u0131q, bir araya g\u0259l\u0259r\u0259k \u00f6z m\u00f6vcudlu\u011fumuzu t\u0259l\u0259b etm\u0259liyik&#8221;.<\/p>\n","protected":false},"excerpt":{"rendered":"<p>&#8220;Bu zirv\u0259 toplant\u0131s\u0131n\u0131n y\u00fcks\u0259k s\u0259viyy\u0259d\u0259 t\u0259\u015fkil edilm\u0259sin\u0259 g\u00f6r\u0259 Az\u0259rbaycana t\u0259\u015f\u0259kk\u00fcr edirik. Kuba il\u0259 Az\u0259rbaycan aras\u0131nda 27 ildir ki, ikit\u0259r\u0259fli m\u00fcnasib\u0259tl\u0259r m\u00f6vcuddur. Biz 11 min kilometr m\u0259saf\u0259ni q\u0259t ed\u0259r\u0259k m\u0259hz bu toplant\u0131da i\u015ftirak etm\u0259k \u00fc\u00e7\u00fcn g\u0259lmi\u015fik&#8221;. ARANTV.AZ\u00a0\u00a0Trend-\u0259 istinad\u0259n x\u0259b\u0259r verir ki, bunu Kuba Prezidenti Migel Diaz-Kanel Qo\u015fulmama H\u0259r\u0259kat\u0131na \u00fczv \u00f6lk\u0259l\u0259rin d\u00f6vl\u0259t v\u0259 h\u00f6kum\u0259t ba\u015f\u00e7\u0131lar\u0131n\u0131n Bak\u0131da ke\u00e7iril\u0259n XVIII Zirv\u0259 G\u00f6r\u00fc\u015f\u00fcnd\u0259 deyib. M.Kanel bildirib ki, d\u00fcnyada \u0259dal\u0259ti b\u0259rpa etm\u0259k \u00fc\u00e7\u00fcn birg\u0259 f\u0259aliyy\u0259t vacibdir: &#8220;Biz \u0259limizd\u0259n g\u0259l\u0259ni etm\u0259liyik ki, xalqlar\u0131m\u0131z\u0131 xilas ed\u0259k. M\u00fcst\u0259ml\u0259k\u0259\u00e7ilik siyas\u0259ti bizim s\u0259rv\u0259tl\u0259rimizin talan olunmas\u0131na s\u0259b\u0259b olub. \u0130mperialist q\u00fcvv\u0259l\u0259r bizim \u00f6lk\u0259l\u0259rimizi&hellip;<\/p>\n","protected":false},"author":2,"featured_media":89264,"comment_status":"closed","ping_status":"closed","sticky":false,"template":"","format":"standard","meta":{"om_disable_all_campaigns":false,"_monsterinsights_skip_tracking":false,"_monsterinsights_sitenote_active":false,"_monsterinsights_sitenote_note":"","_monsterinsights_sitenote_category":0},"categories":[4],"tags":[],"aioseo_notices":[],"gutentor_comment":0,"rttpg_featured_image_url":{"full":["https:\/\/arantv.az\/wp-content\/uploads\/2019\/10\/797168.jpg",800,600,false],"landscape":["https:\/\/arantv.az\/wp-content\/uploads\/2019\/10\/797168.jpg",800,600,false],"portraits":["https:\/\/arantv.az\/wp-content\/uploads\/2019\/10\/797168.jpg",800,600,false],"thumbnail":["https:\/\/arantv.az\/wp-content\/uploads\/2019\/10\/797168-150x150.jpg",150,150,true],"medium":["https:\/\/arantv.az\/wp-content\/uploads\/2019\/10\/797168-300x225.jpg",300,225,true],"large":["https:\/\/arantv.az\/wp-content\/uploads\/2019\/10\/797168.jpg",640,480,false],"1536x1536":["https:\/\/arantv.az\/wp-content\/uploads\/2019\/10\/797168.jpg",800,600,false],"2048x2048":["https:\/\/arantv.az\/wp-content\/uploads\/2019\/10\/797168.jpg",800,600,false],"post-thumbnail":["https:\/\/arantv.az\/wp-content\/uploads\/2019\/10\/797168-240x172.jpg",240,172,true],"advps-thumb-one":["https:\/\/arantv.az\/wp-content\/uploads\/2019\/10\/797168.jpg",800,600,false]},"rttpg_author":{"display_name":"V\u00fcsal Rafiqo\u011flu","author_link":"https:\/\/arantv.az\/?author=2"},"rttpg_comment":0,"rttpg_category":"<a href=\"https:\/\/arantv.az\/?cat=4\" rel=\"category\">Siyas\u0259t<\/a>","rttpg_excerpt":"&#8220;Bu zirv\u0259 toplant\u0131s\u0131n\u0131n y\u00fcks\u0259k s\u0259viyy\u0259d\u0259 t\u0259\u015fkil edilm\u0259sin\u0259 g\u00f6r\u0259 Az\u0259rbaycana t\u0259\u015f\u0259kk\u00fcr edirik. Kuba il\u0259 Az\u0259rbaycan aras\u0131nda 27 ildir ki, ikit\u0259r\u0259fli m\u00fcnasib\u0259tl\u0259r m\u00f6vcuddur. Biz 11 min kilometr m\u0259saf\u0259ni q\u0259t ed\u0259r\u0259k m\u0259hz bu toplant\u0131da i\u015ftirak etm\u0259k \u00fc\u00e7\u00fcn g\u0259lmi\u015fik&#8221;. ARANTV.AZ\u00a0\u00a0Trend-\u0259 istinad\u0259n x\u0259b\u0259r verir ki, bunu Kuba Prezidenti Migel Diaz-Kanel Qo\u015fulmama H\u0259r\u0259kat\u0131na \u00fczv \u00f6lk\u0259l\u0259rin d\u00f6vl\u0259t v\u0259 h\u00f6kum\u0259t ba\u015f\u00e7\u0131lar\u0131n\u0131n Bak\u0131da ke\u00e7iril\u0259n&hellip;","_links":{"self":[{"href":"https:\/\/arantv.az\/index.php?rest_route=\/wp\/v2\/posts\/89263"}],"collection":[{"href":"https:\/\/arantv.az\/index.php?rest_route=\/wp\/v2\/posts"}],"about":[{"href":"https:\/\/arantv.az\/index.php?rest_route=\/wp\/v2\/types\/post"}],"author":[{"embeddable":true,"href":"https:\/\/arantv.az\/index.php?rest_route=\/wp\/v2\/users\/2"}],"replies":[{"embeddable":true,"href":"https:\/\/arantv.az\/index.php?rest_route=%2Fwp%2Fv2%2Fcomments&post=89263"}],"version-history":[{"count":0,"href":"https:\/\/arantv.az\/index.php?rest_route=\/wp\/v2\/posts\/89263\/revisions"}],"wp:featuredmedia":[{"embeddable":true,"href":"https:\/\/arantv.az\/index.php?rest_route=\/wp\/v2\/media\/89264"}],"wp:attachment":[{"href":"https:\/\/arantv.az\/index.php?rest_route=%2Fwp%2Fv2%2Fmedia&parent=89263"}],"wp:term":[{"taxonomy":"category","embeddable":true,"href":"https:\/\/arantv.az\/index.php?rest_route=%2Fwp%2Fv2%2Fcategories&post=89263"},{"taxonomy":"post_tag","embeddable":true,"href":"https:\/\/arantv.az\/index.php?rest_route=%2Fwp%2Fv2%2Ftags&post=89263"}],"curies":[{"name":"wp","href":"https:\/\/api.w.org\/{rel}","templated":true}]}}