{"id":89368,"date":"2019-10-26T08:06:18","date_gmt":"2019-10-26T05:06:18","guid":{"rendered":"http:\/\/arantv.az\/?p=89368"},"modified":"2019-10-26T08:06:18","modified_gmt":"2019-10-26T05:06:18","slug":"mehriban-%c9%99liyeva-dovl%c9%99t-v%c9%99-hokum%c9%99t-bascilarinin-xanimlari-il%c9%99-fotolar","status":"publish","type":"post","link":"https:\/\/arantv.az\/?p=89368","title":{"rendered":"Mehriban \u018fliyeva d\u00f6vl\u0259t v\u0259 h\u00f6kum\u0259t ba\u015f\u00e7\u0131lar\u0131n\u0131n xan\u0131mlar\u0131 il\u0259 &#8211; Fotolar"},"content":{"rendered":"<div id=\"xeber_yazi\">\n<p><strong>Bak\u0131da ke\u00e7iril\u0259n Qo\u015fulmama H\u0259r\u0259kat\u0131n\u0131n XVIII Zirv\u0259 G\u00f6r\u00fc\u015f\u00fcnd\u0259 i\u015ftirak ed\u0259n d\u00f6vl\u0259t v\u0259 h\u00f6kum\u0259t ba\u015f\u00e7\u0131lar\u0131n\u0131n xan\u0131mlar\u0131 oktyabr\u0131n 25-d\u0259 Heyd\u0259r \u018fliyev M\u0259rk\u0259zind\u0259 olublar.<\/strong><\/p>\n<p><strong>ARANTV.AZ<\/strong> x\u0259b\u0259r verir ki, Az\u0259rbaycan Respublikas\u0131n\u0131n Birinci vitse-prezidenti Mehriban \u018fliyeva qonaqlarla g\u00f6r\u00fc\u015f\u00fcb.<\/p>\n<p>Qonaqlar \u0259vv\u0259lc\u0259 Heyd\u0259r \u018fliyev M\u0259rk\u0259zi il\u0259 tan\u0131\u015f olublar. Onlara m\u0259lumat verilib ki, M\u0259rk\u0259zin f\u0259aliyy\u0259ti Az\u0259rbaycan xalq\u0131n\u0131n \u00fcmummilli lideri Heyd\u0259r \u018fliyevin d\u00f6vl\u0259t\u00e7ilik f\u0259ls\u0259f\u0259sinin, az\u0259rbaycan\u00e7\u0131l\u0131q ideologiyas\u0131n\u0131n v\u0259 Ulu \u00d6nd\u0259rin irsinin d\u0259rind\u0259n \u00f6yr\u0259nilm\u0259sin\u0259 v\u0259 t\u0259dqiq edilm\u0259sin\u0259 y\u00f6n\u0259lib.<\/p>\n<p>&#8220;Az\u0259rbaycan incil\u0259ri&#8221; s\u0259rgisi il\u0259 tan\u0131\u015f olan qonaqlar\u0131n diqq\u0259tin\u0259 \u00e7atd\u0131r\u0131l\u0131b ki, bu s\u0259rgid\u0259 \u00f6lk\u0259mizin t\u00fck\u0259nm\u0259z t\u0259bii s\u0259rv\u0259tl\u0259ri, \u00e7ox\u0259srlik tarixi, m\u0259d\u0259ni irsi il\u0259 ba\u011fl\u0131 nadir eksponatlar n\u00fcmayi\u015f etdirilir. Burada q\u0259dim pe\u015f\u0259l\u0259rin, o c\u00fcml\u0259d\u0259n Az\u0259rbaycan xal\u00e7a\u00e7\u0131l\u0131q m\u0259kt\u0259binin nadir n\u00fcmun\u0259l\u0259ri s\u0259rgil\u0259nir, q\u0259dim \u00e7al\u011f\u0131 al\u0259tl\u0259rimiz orijinal \u015f\u0259kild\u0259 &#8211; s\u0259sli formada t\u0259qdim olunur. Az\u0259rbaycan milli geyiml\u0259rinin, q\u0259dim sikk\u0259l\u0259rin n\u00fcmayi\u015f etdirildiyi s\u0259rgiy\u0259 g\u0259l\u0259nl\u0259r burada m\u00fcxt\u0259lif dill\u0259rd\u0259 m\u00fcq\u0259dd\u0259s kitablar\u0131 da g\u00f6r\u0259 bil\u0259rl\u0259r.<\/p>\n<p>Sonra qonaqlar \u201cMusiqi al\u0259tl\u0259ri: birlik v\u0259 m\u00fcxt\u0259liflik\u201d s\u0259rgisin\u0259 d\u0259 baxd\u0131lar. Ekspozisiyada Heyd\u0259r \u018fliyev Fondunun m\u00fcxt\u0259lif m\u0259nb\u0259l\u0259rd\u0259n toplad\u0131\u011f\u0131 nadir kolleksiya \u2013 XVIII-XX \u0259srl\u0259r\u0259 aid 200-d\u0259k musiqi al\u0259ti n\u00fcmayi\u015f olunur. S\u0259rgid\u0259 Az\u0259rbaycan musiqi m\u0259d\u0259niyy\u0259ti tarixin\u0259 d\u0259 geni\u015f yer verilib. Burada 50-d\u0259k milli musiqi al\u0259ti yer al\u0131b. S\u0259rginin mu\u011fam ota\u011f\u0131nda Az\u0259rbaycan\u0131n tan\u0131nm\u0131\u015f xan\u0259nd\u0259l\u0259rinin ifalar\u0131ndan ibar\u0259t video\u00e7arxlar, ekspozisiyadak\u0131 monitorlarda is\u0259 UNESKO-nun Qeyri-Maddi M\u0259d\u0259ni \u0130rs \u00fczr\u0259 Reprezentativ Siyah\u0131s\u0131na daxil edilmi\u015f Az\u0259rbaycan mu\u011fam\u0131, as\u0327\u0131q s\u0259n\u0259ti, tar v\u0259 kaman\u00e7a ifa\u00e7\u0131l\u0131\u011f\u0131na aid musiqi n\u00fcmun\u0259l\u0259ri t\u0259qdim edilir. S\u0259rgid\u0259 h\u0259r bir musiqi al\u0259tini seyr etm\u0259kl\u0259 yana\u015f\u0131, onu dinl\u0259m\u0259k d\u0259 m\u00fcmk\u00fcnd\u00fcr.<\/p>\n<p>Daha sonra qonaqlar &#8220;Kukla inc\u0259s\u0259n\u0259td\u0259&#8221; s\u0259rgisi il\u0259 tan\u0131\u015f olublar. S\u0259rgid\u0259 d\u00fcnyan\u0131n m\u00fcxt\u0259lif \u00f6lk\u0259l\u0259rinin m\u00fc\u0259llifl\u0259rinin \u0259l i\u015fi olan 230 kukla n\u00fcmayi\u015f etdirilir. Ekspozisiyadak\u0131 s\u0259n\u0259t n\u00fcmun\u0259l\u0259rinin \u0259ks\u0259riyy\u0259ti t\u0259k n\u00fcsx\u0259d\u0259 haz\u0131rlan\u0131b v\u0259 y\u00fcks\u0259k b\u0259dii d\u0259y\u0259r\u0259 malikdir. H\u0259min \u0259s\u0259rl\u0259rin \u00e7oxu beyn\u0259lxalq kukla festivallar\u0131 v\u0259 biennalel\u0259rind\u0259 qalib olub. S\u0259rgid\u0259 \u00e7ini, ka\u011f\u0131z, plastik, taxta v\u0259 par\u00e7adan haz\u0131rlanan \u0259n\u0259n\u0259vi kuklalarla yana\u015f\u0131, m\u00fcasir texnologiyalardan istifad\u0259 olunaraq yarad\u0131lan modern kuklalar da t\u0259qdim edilir. S\u0259rgid\u0259 kuklalar 11 m\u00fcxt\u0259lif m\u00f6vzu \u00fczr\u0259 b\u00f6l\u00fcn\u00fcb. Bel\u0259 ki, ekspozisiyada geyim tarixi, yumoristik obrazlar, bayram simalar\u0131, \u0130\u00e7\u0259ri\u015f\u0259h\u0259r sakinl\u0259ri, na\u011f\u0131l q\u0259hr\u0259manlar\u0131, taxta kuklalar v\u0259 dig\u0259r m\u00f6vzularda eksponatlarla tan\u0131\u015f olmaq m\u00fcmk\u00fcnd\u00fcr. S\u0259rginin h\u0259r bir eksponat\u0131 il\u0259 tan\u0131\u015fl\u0131q, eyni zamanda, kukla s\u0259n\u0259tinin inc\u0259liyini, inki\u015faf tarixini izl\u0259m\u0259y\u0259 imkan yarad\u0131r.<\/p>\n<p>S\u0259rgil\u0259rl\u0259 tan\u0131\u015fl\u0131qdan sonra ke\u00e7iril\u0259n g\u00f6r\u00fc\u015fd\u0259 Qo\u015fulmama H\u0259r\u0259kat\u0131n\u0131n \u0259h\u0259miyy\u0259tin\u0259 toxunan Az\u0259rbaycan Respublikas\u0131n\u0131n Birinci vitse-prezidenti Mehriban \u018fliyeva dedi:<\/p>\n<p>&#8211; \u018fziz xan\u0131mlar, sizi salamlay\u0131ram. Qo\u015fulmama H\u0259r\u0259kat\u0131n\u0131n XVIII Zirv\u0259 G\u00f6r\u00fc\u015f\u00fcnd\u0259 i\u015ftirak etm\u0259k \u00fc\u00e7\u00fcn Az\u0259rbaycana xo\u015f g\u0259lmisiniz. \u0130nan\u0131ram ki, BMT-y\u0259 \u00fczv d\u00f6vl\u0259tl\u0259rin \u00fc\u00e7d\u0259iki hiss\u0259sini \u00f6z\u00fcnd\u0259 birl\u0259\u015fdir\u0259n Qo\u015fulmama H\u0259r\u0259kat\u0131n\u0131n Bak\u0131 Zirv\u0259si H\u0259r\u0259kat\u0131n g\u0259l\u0259c\u0259k inki\u015faf\u0131na v\u0259 \u00fczv d\u00f6vl\u0259tl\u0259rin m\u00fcnasib\u0259tl\u0259rinin h\u0259mr\u0259ylik v\u0259 qar\u015f\u0131l\u0131ql\u0131 anla\u015fma ruhunda m\u00f6hk\u0259ml\u0259nm\u0259sin\u0259 m\u00fch\u00fcm v\u0259 f\u0259rqli t\u00f6hf\u0259sini ver\u0259c\u0259kdir.<\/p>\n<p>Az\u0259rbaycan m\u00fcst\u0259qilliyini 1991-ci ild\u0259 b\u0259rpa etmi\u015fdir. \u00d6t\u0259n ill\u0259r \u0259rzind\u0259 b\u00fct\u00fcn \u00e7\u0259tinlikl\u0259r\u0259 baxmayaraq, \u00f6lk\u0259miz s\u00fcr\u0259tl\u0259 inki\u015faf edib, m\u00fcst\u0259qilliyini qoruyub saxlay\u0131b v\u0259 ictimai-siyasi h\u0259yat\u0131n b\u00fct\u00fcn sah\u0259l\u0259rind\u0259 b\u00f6y\u00fck nailiyy\u0259tl\u0259r qazan\u0131b. Az\u0259rbaycan d\u00fcnya birliyind\u0259 etibarl\u0131 t\u0259r\u0259fda\u015f v\u0259 m\u0259suliyy\u0259tli \u00fczv kimi tan\u0131n\u0131r.<\/p>\n<p>\u018fziz xan\u0131mlar, baxmayaraq ki, biz m\u00fcst\u0259qil \u00f6lk\u0259 kimi g\u0259ncik, lakin Az\u0259rbaycan q\u0259dim tarix\u0259 v\u0259 z\u0259ngin m\u0259d\u0259niyy\u0259t\u0259 malik olan \u00f6lk\u0259dir. \u018fsrl\u0259rboyu bu m\u0259kanda m\u00fcxt\u0259lif sivilizasiyalar\u0131n, dinl\u0259rin, mill\u0259tl\u0259rin n\u00fcmay\u0259nd\u0259l\u0259ri s\u00fclh v\u0259 qar\u015f\u0131l\u0131ql\u0131 h\u00f6rm\u0259t \u015f\u0259raitind\u0259 ya\u015fay\u0131b. Bu g\u00fcn d\u0259 Az\u0259rbaycan d\u00f6vl\u0259ti v\u0259 Az\u0259rbaycan xalq\u0131 bu \u0259n\u0259n\u0259l\u0259ri qoruyub saxlay\u0131r. S\u00fclh m\u0259d\u0259niyy\u0259tinin t\u0259bli\u011f, m\u0259d\u0259niyy\u0259tl\u0259raras\u0131 v\u0259 dinl\u0259raras\u0131 dialoqun t\u0259\u015fviq edilm\u0259sin\u0259 \u00f6lk\u0259mizd\u0259 x\u00fcsusi diqq\u0259tl\u0259 yana\u015f\u0131l\u0131r. T\u0259sad\u00fcfi deyil ki, son ill\u0259r Az\u0259rbaycan bu sah\u0259d\u0259 tan\u0131nm\u0131\u015f beyn\u0259lxalq platformaya \u00e7evrilib. Son ill\u0259r \u00f6lk\u0259mizd\u0259 bir s\u0131ra m\u00f6ht\u0259\u015f\u0259m, m\u00f6t\u0259b\u0259r beyn\u0259lxalq forumlar, g\u00f6r\u00fc\u015fl\u0259r, sammitl\u0259r ke\u00e7irilib. Qo\u015fulmama H\u0259r\u0259kat\u0131n\u0131n XVIII Zirv\u0259sinin m\u0259hz Az\u0259rbaycanda ke\u00e7irilm\u0259si bunun n\u00f6vb\u0259ti s\u00fcbutudur. G\u0259l\u0259n \u00fc\u00e7 il \u0259rzind\u0259 \u00f6lk\u0259miz Qo\u015fulmama H\u0259r\u0259kat\u0131na s\u0259drlik ed\u0259c\u0259k v\u0259 m\u0259n \u0259min\u0259m ki, bu ill\u0259r \u0259rzind\u0259 \u00f6z f\u0259aliyy\u0259tini m\u0259hz bu prinsipl\u0259r &#8211; \u0259m\u0259kda\u015fl\u0131q, t\u0259r\u0259fda\u015fl\u0131q, qar\u015f\u0131l\u0131ql\u0131 h\u00f6rm\u0259t, \u00f6lk\u0259l\u0259rin suverenliyin\u0259 v\u0259 \u0259razi b\u00fct\u00f6vl\u00fcy\u00fcn\u0259 d\u0259st\u0259k \u015f\u0259klind\u0259 h\u0259yata ke\u00e7ir\u0259c\u0259k.<\/p>\n<p>\u018fziz dostlar, \u0259ziz xan\u0131mlar, bu g\u00fcn g\u00f6r\u00fc\u015f ke\u00e7irdiyimiz Heyd\u0259r \u018fliyev M\u0259rk\u0259zi d\u00fcnya \u015f\u00f6hr\u0259tli memar Zaha Hadidin \u00f6lm\u0259z \u0259s\u0259ridir. M\u0259rk\u0259z bir t\u0259r\u0259fd\u0259n nadir memarl\u0131q abid\u0259sidir, dig\u0259r t\u0259r\u0259fd\u0259n m\u00fcasir Bak\u0131n\u0131n simas\u0131d\u0131r, simvoludur. Q\u0259rbl\u0259 \u015e\u0259rqin tarixini, memarl\u0131\u011f\u0131n\u0131, m\u0259d\u0259ni abid\u0259l\u0259rini \u00f6z\u00fcnd\u0259 birl\u0259\u015fdir\u0259n Bak\u0131 bu g\u00fcn d\u00fcnyan\u0131n \u0259n g\u00f6z\u0259l \u015f\u0259h\u0259rl\u0259rind\u0259n biridir. M\u0259n \u00fcmidvaram ki, siz vaxt tap\u0131b paytaxt\u0131m\u0131zla daha yax\u0131ndan tan\u0131\u015f olacaqs\u0131n\u0131z, insanlar\u0131m\u0131z\u0131n qonaqp\u0259rv\u0259rliyini hiss ed\u0259c\u0259ksiniz.<\/p>\n<p>\u018fziz xan\u0131mlar, bir daha siz\u0259 \u201cXo\u015f g\u0259lmisiniz!\u201d deyir\u0259m. T\u0259msil etdiyiniz \u00f6lk\u0259l\u0259r\u0259 v\u0259 xalqlara s\u00fclh v\u0259 \u0259min-amanl\u0131q arzulay\u0131ram. Sizin h\u0259r biriniz\u0259 m\u00f6hk\u0259m cansa\u011fl\u0131\u011f\u0131 v\u0259 u\u011furlar dil\u0259yir\u0259m.<\/p>\n<p>Sonda xatir\u0259 \u015f\u0259kli \u00e7\u0259kildi.<\/p>\n<p>&nbsp;<\/p>\n<\/div>\n<div class=\"site-left-rub-bosluq_orta\"><\/div>\n<p><a href=\"https:\/\/axsam.az\/showpic_el100.jpg?yol=L435u6vsz4ectsfWVOK%2BD4cMO1eq5ypWhRN23BicoG70dJt6VptLF7PFkQhVwJN4v%2FnGuD5%2FLccWBmlLaZKO0g%3D%3D\" target=\"_blank\" rel=\"noopener\"><img src=\"https:\/\/axsam.az\/showpic_el100.jpg?yol=L435u6vsz4ectsfWVOK%2BD4cMO1eq5ypWhRN23BicoG70dJt6VptLF7PFkQhVwJN4v%2FnGuD5%2FLccWBmlLaZKO0g%3D%3D\" border=\"0\" \/><\/a><\/p>\n<div><\/div>\n<p><a href=\"https:\/\/axsam.az\/showpic_el100.jpg?yol=aPlLTyETYubAmQfPDLJnLs5xOHlGOZlwBnNfyQA3g182XWFSGAhnGJFddaV%2BPQ2pLNai9ozacXQcLX2XKp9IUA%3D%3D\" target=\"_blank\" rel=\"noopener\"><img src=\"https:\/\/axsam.az\/showpic_el100.jpg?yol=aPlLTyETYubAmQfPDLJnLs5xOHlGOZlwBnNfyQA3g182XWFSGAhnGJFddaV%2BPQ2pLNai9ozacXQcLX2XKp9IUA%3D%3D\" border=\"0\" \/><\/a><\/p>\n<div><\/div>\n<p><a href=\"https:\/\/axsam.az\/showpic_el100.jpg?yol=4H5D8WGbzxjBpLEZODI%2BjyBVTTSwvGaDpqb4eq1Sx4N%2Fw9noeOuE%2BjuS9bs5YVTF0RL7XFHWVpkAD%2B7fek57uA%3D%3D\" target=\"_blank\" rel=\"noopener\"><img src=\"https:\/\/axsam.az\/showpic_el100.jpg?yol=4H5D8WGbzxjBpLEZODI%2BjyBVTTSwvGaDpqb4eq1Sx4N%2Fw9noeOuE%2BjuS9bs5YVTF0RL7XFHWVpkAD%2B7fek57uA%3D%3D\" border=\"0\" \/><\/a><\/p>\n<div><\/div>\n<p><a href=\"https:\/\/axsam.az\/showpic_el100.jpg?yol=Gr7Z7ozZgDjEwaygZgWCQQsEWkZr3LyOf7ajMUr4FiXT2Sqp4sZiJPJD1StzA42V24X4QxdIVIC7%2B0cT2GJEmQ%3D%3D\" target=\"_blank\" rel=\"noopener\"><img src=\"https:\/\/axsam.az\/showpic_el100.jpg?yol=Gr7Z7ozZgDjEwaygZgWCQQsEWkZr3LyOf7ajMUr4FiXT2Sqp4sZiJPJD1StzA42V24X4QxdIVIC7%2B0cT2GJEmQ%3D%3D\" border=\"0\" \/><\/a><\/p>\n<div><\/div>\n<p><a href=\"https:\/\/axsam.az\/showpic_el100.jpg?yol=uM6XEPZz5h%2FrVyveVl963LOtYn25EbN6FyJ3JJGXEO7zT%2F1jOKDr%2BG4rG1GX%2B%2BXVw6xuqwxZ5Bum8cXNi8XSWg%3D%3D\" target=\"_blank\" rel=\"noopener\"><img src=\"https:\/\/axsam.az\/showpic_el100.jpg?yol=uM6XEPZz5h%2FrVyveVl963LOtYn25EbN6FyJ3JJGXEO7zT%2F1jOKDr%2BG4rG1GX%2B%2BXVw6xuqwxZ5Bum8cXNi8XSWg%3D%3D\" border=\"0\" \/><\/a><\/p>\n<div><\/div>\n<p><a href=\"https:\/\/axsam.az\/showpic_el100.jpg?yol=xzvcHZE2Vg5ndMo3o%2FxA%2BWrt%2FeEqF%2BcSfpzpOmUihQ%2Fxg95DiYQD%2FZdkkwSTY%2BtSIUw0nfgSjJSvyYBhuhkt%2Fg%3D%3D\" target=\"_blank\" rel=\"noopener\"><img src=\"https:\/\/axsam.az\/showpic_el100.jpg?yol=xzvcHZE2Vg5ndMo3o%2FxA%2BWrt%2FeEqF%2BcSfpzpOmUihQ%2Fxg95DiYQD%2FZdkkwSTY%2BtSIUw0nfgSjJSvyYBhuhkt%2Fg%3D%3D\" border=\"0\" \/><\/a><\/p>\n<div><\/div>\n<p><a href=\"https:\/\/axsam.az\/showpic_el100.jpg?yol=N6gvgXZYyGMB6rpjwhB6Nxs5r8RFieCiOItY%2FbR9pAs3MvH8XkyhkO9YamQDbCIIjUdGKswNepFvQhep%2BdiTWw%3D%3D\" target=\"_blank\" rel=\"noopener\"><img src=\"https:\/\/axsam.az\/showpic_el100.jpg?yol=N6gvgXZYyGMB6rpjwhB6Nxs5r8RFieCiOItY%2FbR9pAs3MvH8XkyhkO9YamQDbCIIjUdGKswNepFvQhep%2BdiTWw%3D%3D\" border=\"0\" \/><\/a><\/p>\n<div><\/div>\n<p><a href=\"https:\/\/axsam.az\/showpic_el100.jpg?yol=QhJDroyP8wE4OZzxNV1thH6CBEvuKPxAYlKlCSEQrHd%2Fxn%2BKuC1DoYQCmVrE7eGjgV3f256p7IFHssklfMtjsQ%3D%3D\" target=\"_blank\" rel=\"noopener\"><img src=\"https:\/\/axsam.az\/showpic_el100.jpg?yol=QhJDroyP8wE4OZzxNV1thH6CBEvuKPxAYlKlCSEQrHd%2Fxn%2BKuC1DoYQCmVrE7eGjgV3f256p7IFHssklfMtjsQ%3D%3D\" border=\"0\" \/><\/a><\/p>\n<div><\/div>\n<p><a href=\"https:\/\/axsam.az\/showpic_el100.jpg?yol=A51A3QDMFj45xkocg77FeYdg4zrrk3OkvGlLP9I0uIBW%2FM%2Bl2CaCO9xE6tcq2CclFZpDdbRV96GNJFCTiqiQ%2Bg%3D%3D\" target=\"_blank\" rel=\"noopener\"><img src=\"https:\/\/axsam.az\/showpic_el100.jpg?yol=A51A3QDMFj45xkocg77FeYdg4zrrk3OkvGlLP9I0uIBW%2FM%2Bl2CaCO9xE6tcq2CclFZpDdbRV96GNJFCTiqiQ%2Bg%3D%3D\" border=\"0\" \/><\/a><\/p>\n","protected":false},"excerpt":{"rendered":"<p>Bak\u0131da ke\u00e7iril\u0259n Qo\u015fulmama H\u0259r\u0259kat\u0131n\u0131n XVIII Zirv\u0259 G\u00f6r\u00fc\u015f\u00fcnd\u0259 i\u015ftirak ed\u0259n d\u00f6vl\u0259t v\u0259 h\u00f6kum\u0259t ba\u015f\u00e7\u0131lar\u0131n\u0131n xan\u0131mlar\u0131 oktyabr\u0131n 25-d\u0259 Heyd\u0259r \u018fliyev M\u0259rk\u0259zind\u0259 olublar. ARANTV.AZ x\u0259b\u0259r verir ki, Az\u0259rbaycan Respublikas\u0131n\u0131n Birinci vitse-prezidenti Mehriban \u018fliyeva qonaqlarla g\u00f6r\u00fc\u015f\u00fcb. Qonaqlar \u0259vv\u0259lc\u0259 Heyd\u0259r \u018fliyev M\u0259rk\u0259zi il\u0259 tan\u0131\u015f olublar. Onlara m\u0259lumat verilib ki, M\u0259rk\u0259zin f\u0259aliyy\u0259ti Az\u0259rbaycan xalq\u0131n\u0131n \u00fcmummilli lideri Heyd\u0259r \u018fliyevin d\u00f6vl\u0259t\u00e7ilik f\u0259ls\u0259f\u0259sinin, az\u0259rbaycan\u00e7\u0131l\u0131q ideologiyas\u0131n\u0131n v\u0259 Ulu \u00d6nd\u0259rin irsinin d\u0259rind\u0259n \u00f6yr\u0259nilm\u0259sin\u0259 v\u0259 t\u0259dqiq edilm\u0259sin\u0259 y\u00f6n\u0259lib. &#8220;Az\u0259rbaycan incil\u0259ri&#8221; s\u0259rgisi il\u0259 tan\u0131\u015f olan qonaqlar\u0131n diqq\u0259tin\u0259 \u00e7atd\u0131r\u0131l\u0131b ki, bu s\u0259rgid\u0259 \u00f6lk\u0259mizin t\u00fck\u0259nm\u0259z t\u0259bii s\u0259rv\u0259tl\u0259ri, \u00e7ox\u0259srlik tarixi, m\u0259d\u0259ni irsi il\u0259 ba\u011fl\u0131 nadir eksponatlar&hellip;<\/p>\n","protected":false},"author":2,"featured_media":89369,"comment_status":"closed","ping_status":"closed","sticky":false,"template":"","format":"standard","meta":{"om_disable_all_campaigns":false,"_monsterinsights_skip_tracking":false,"_monsterinsights_sitenote_active":false,"_monsterinsights_sitenote_note":"","_monsterinsights_sitenote_category":0},"categories":[4],"tags":[],"aioseo_notices":[],"gutentor_comment":0,"rttpg_featured_image_url":{"full":["https:\/\/arantv.az\/wp-content\/uploads\/2019\/10\/186180_jd69flz8uo.jpg",942,669,false],"landscape":["https:\/\/arantv.az\/wp-content\/uploads\/2019\/10\/186180_jd69flz8uo.jpg",942,669,false],"portraits":["https:\/\/arantv.az\/wp-content\/uploads\/2019\/10\/186180_jd69flz8uo.jpg",942,669,false],"thumbnail":["https:\/\/arantv.az\/wp-content\/uploads\/2019\/10\/186180_jd69flz8uo-150x150.jpg",150,150,true],"medium":["https:\/\/arantv.az\/wp-content\/uploads\/2019\/10\/186180_jd69flz8uo-300x213.jpg",300,213,true],"large":["https:\/\/arantv.az\/wp-content\/uploads\/2019\/10\/186180_jd69flz8uo.jpg",640,455,false],"1536x1536":["https:\/\/arantv.az\/wp-content\/uploads\/2019\/10\/186180_jd69flz8uo.jpg",942,669,false],"2048x2048":["https:\/\/arantv.az\/wp-content\/uploads\/2019\/10\/186180_jd69flz8uo.jpg",942,669,false],"post-thumbnail":["https:\/\/arantv.az\/wp-content\/uploads\/2019\/10\/186180_jd69flz8uo-240x172.jpg",240,172,true],"advps-thumb-one":["https:\/\/arantv.az\/wp-content\/uploads\/2019\/10\/186180_jd69flz8uo-942x620.jpg",942,620,true]},"rttpg_author":{"display_name":"V\u00fcsal Rafiqo\u011flu","author_link":"https:\/\/arantv.az\/?author=2"},"rttpg_comment":0,"rttpg_category":"<a href=\"https:\/\/arantv.az\/?cat=4\" rel=\"category\">Siyas\u0259t<\/a>","rttpg_excerpt":"Bak\u0131da ke\u00e7iril\u0259n Qo\u015fulmama H\u0259r\u0259kat\u0131n\u0131n XVIII Zirv\u0259 G\u00f6r\u00fc\u015f\u00fcnd\u0259 i\u015ftirak ed\u0259n d\u00f6vl\u0259t v\u0259 h\u00f6kum\u0259t ba\u015f\u00e7\u0131lar\u0131n\u0131n xan\u0131mlar\u0131 oktyabr\u0131n 25-d\u0259 Heyd\u0259r \u018fliyev M\u0259rk\u0259zind\u0259 olublar. ARANTV.AZ x\u0259b\u0259r verir ki, Az\u0259rbaycan Respublikas\u0131n\u0131n Birinci vitse-prezidenti Mehriban \u018fliyeva qonaqlarla g\u00f6r\u00fc\u015f\u00fcb. Qonaqlar \u0259vv\u0259lc\u0259 Heyd\u0259r \u018fliyev M\u0259rk\u0259zi il\u0259 tan\u0131\u015f olublar. Onlara m\u0259lumat verilib ki, M\u0259rk\u0259zin f\u0259aliyy\u0259ti Az\u0259rbaycan xalq\u0131n\u0131n \u00fcmummilli lideri Heyd\u0259r \u018fliyevin d\u00f6vl\u0259t\u00e7ilik f\u0259ls\u0259f\u0259sinin, az\u0259rbaycan\u00e7\u0131l\u0131q&hellip;","_links":{"self":[{"href":"https:\/\/arantv.az\/index.php?rest_route=\/wp\/v2\/posts\/89368"}],"collection":[{"href":"https:\/\/arantv.az\/index.php?rest_route=\/wp\/v2\/posts"}],"about":[{"href":"https:\/\/arantv.az\/index.php?rest_route=\/wp\/v2\/types\/post"}],"author":[{"embeddable":true,"href":"https:\/\/arantv.az\/index.php?rest_route=\/wp\/v2\/users\/2"}],"replies":[{"embeddable":true,"href":"https:\/\/arantv.az\/index.php?rest_route=%2Fwp%2Fv2%2Fcomments&post=89368"}],"version-history":[{"count":0,"href":"https:\/\/arantv.az\/index.php?rest_route=\/wp\/v2\/posts\/89368\/revisions"}],"wp:featuredmedia":[{"embeddable":true,"href":"https:\/\/arantv.az\/index.php?rest_route=\/wp\/v2\/media\/89369"}],"wp:attachment":[{"href":"https:\/\/arantv.az\/index.php?rest_route=%2Fwp%2Fv2%2Fmedia&parent=89368"}],"wp:term":[{"taxonomy":"category","embeddable":true,"href":"https:\/\/arantv.az\/index.php?rest_route=%2Fwp%2Fv2%2Fcategories&post=89368"},{"taxonomy":"post_tag","embeddable":true,"href":"https:\/\/arantv.az\/index.php?rest_route=%2Fwp%2Fv2%2Ftags&post=89368"}],"curies":[{"name":"wp","href":"https:\/\/api.w.org\/{rel}","templated":true}]}}