{"id":89388,"date":"2019-10-26T08:17:51","date_gmt":"2019-10-26T05:17:51","guid":{"rendered":"http:\/\/arantv.az\/?p=89388"},"modified":"2019-10-26T08:17:51","modified_gmt":"2019-10-26T05:17:51","slug":"ilham-%c9%99liyev-v%c9%99-xanimi-dovl%c9%99t-v%c9%99-hokum%c9%99t-bascilarinin-s%c9%99r%c9%99fin%c9%99-veril%c9%99n-r%c9%99smi-ziyaf%c9%99td%c9%99-foto","status":"publish","type":"post","link":"https:\/\/arantv.az\/?p=89388","title":{"rendered":"\u0130lham \u018fliyev v\u0259 xan\u0131m\u0131 d\u00f6vl\u0259t v\u0259 h\u00f6kum\u0259t ba\u015f\u00e7\u0131lar\u0131n\u0131n \u015f\u0259r\u0259fin\u0259 veril\u0259n r\u0259smi ziyaf\u0259td\u0259 &#8211; FOTO"},"content":{"rendered":"<p>Oktyabr\u0131n 25-d\u0259 Az\u0259rbaycan Respublikas\u0131n\u0131n Prezidenti \u0130lham \u018fliyevin ad\u0131ndan Qo\u015fulmama H\u0259r\u0259kat\u0131n\u0131n Bak\u0131da ke\u00e7iril\u0259n XVIII Zirv\u0259 G\u00f6r\u00fc\u015f\u00fcnd\u0259 i\u015ftirak ed\u0259n d\u00f6vl\u0259t v\u0259 h\u00f6kum\u0259t ba\u015f\u00e7\u0131lar\u0131n\u0131n, n\u00fcmay\u0259nd\u0259 hey\u0259tl\u0259rinin r\u0259hb\u0259rl\u0259rinin \u015f\u0259r\u0259fin\u0259 r\u0259smi ziyaf\u0259t verilib.<\/p>\n<p><b>ARANTV.AZ\u00a0<\/b> x\u0259b\u0259r verir ki, Az\u0259rbaycan Respublikas\u0131n\u0131n Prezidenti \u0130lham \u018fliyev v\u0259 birinci xan\u0131m Mehriban \u018fliyeva ziyaf\u0259td\u0259 i\u015ftirak edibl\u0259r.<\/p>\n<p>D\u00f6vl\u0259timizin ba\u015f\u00e7\u0131s\u0131 r\u0259smi ziyaf\u0259td\u0259 \u00e7\u0131x\u0131\u015f etdi.<\/p>\n<div id=\"AdviadNativeVideo0\" class=\"AdviadNativeVideo\"><\/div>\n<p><strong><em>Prezident \u0130lham \u018fliyevin \u00e7\u0131x\u0131\u015f\u0131<\/em><\/strong><\/p>\n<p>-H\u00f6rm\u0259tli d\u00f6vl\u0259t v\u0259 h\u00f6kum\u0259t ba\u015f\u00e7\u0131lar\u0131.<\/p>\n<p>H\u00f6rm\u0259tli qonaqlar.<\/p>\n<p>Xan\u0131mlar v\u0259 c\u0259nablar.<\/p>\n<p>M\u0259n sizin ham\u0131n\u0131z\u0131 bir daha salamlay\u0131r, \u201cAz\u0259rbaycana xo\u015f g\u0259lmisiniz!\u201d deyir\u0259m.<\/p>\n<p>Zirv\u0259 G\u00f6r\u00fc\u015f\u00fcm\u00fcz\u00fcn birinci g\u00fcn\u00fc ba\u015fa \u00e7at\u0131r. Sabah i\u015fimizi davam etdir\u0259c\u0259yik. H\u0259r\u0259kata \u00fc\u00e7illik s\u0259drlik s\u0259lahiyy\u0259tl\u0259rinin yekdillikl\u0259 Az\u0259rbaycana verilm\u0259sin\u0259 g\u00f6r\u0259 b\u00fct\u00fcn \u00fczv d\u00f6vl\u0259tl\u0259r\u0259 t\u0259\u015f\u0259kk\u00fcr\u00fcm\u00fc bildirir\u0259m.<br \/>\nAz\u0259rbaycan \u00f6z prioritetl\u0259rini tarixi Bandunq prinsipl\u0259ri \u00fcz\u0259rind\u0259 quracaqd\u0131r. M\u0259qs\u0259dimiz \u00fczv d\u00f6vl\u0259tl\u0259rl\u0259 birg\u0259 Qo\u015fulmama H\u0259r\u0259kat\u0131n\u0131n beyn\u0259lxalq m\u00fcnasib\u0259tl\u0259r sistemind\u0259ki rolunu v\u0259 n\u00fcfuzunu daha da y\u00fcks\u0259ltm\u0259k, d\u00fcnyada s\u00fclh\u00fcn v\u0259 t\u0259hl\u00fck\u0259sizliyin m\u00f6hk\u0259ml\u0259nm\u0259sin\u0259, dayan\u0131ql\u0131 inki\u015fafa v\u0259 \u0259dal\u0259tin t\u0259min olunmas\u0131na t\u00f6hf\u0259l\u0259r verm\u0259kdir.<\/p>\n<p>B\u00fct\u00fcn \u00f6lk\u0259l\u0259rin suverenliyin\u0259, \u0259razi b\u00fct\u00f6vl\u00fcy\u00fcn\u0259 h\u00f6rm\u0259t, d\u00f6vl\u0259tl\u0259rin daxili i\u015fl\u0259rin\u0259 qar\u0131\u015fmama, qar\u015f\u0131l\u0131ql\u0131 maraqlar\u0131n qorunmas\u0131 v\u0259 \u0259m\u0259kda\u015fl\u0131\u011f\u0131n t\u0259\u015fviqi kimi prinsipl\u0259ri ehtiva ed\u0259n Bandunq prinsipl\u0259ri Az\u0259rbaycan\u0131n xarici siyas\u0259ti il\u0259 \u00fcst-\u00fcst\u0259 d\u00fc\u015f\u00fcr.<br \/>\nErm\u0259nistan-Az\u0259rbaycan Da\u011fl\u0131q Qaraba\u011f m\u00fcnaqi\u015f\u0259si il\u0259 \u0259laq\u0259dar Qo\u015fulmama H\u0259r\u0259kat\u0131n\u0131n s\u0259n\u0259dl\u0259rind\u0259 \u0259ks olunan, Az\u0259rbaycan\u0131n \u0259razi b\u00fct\u00f6vl\u00fcy\u00fcn\u00fc d\u0259st\u0259kl\u0259y\u0259n q\u0259rarlara g\u00f6r\u0259 t\u0259\u015f\u0259kk\u00fcr\u00fcm\u00fc bildirir\u0259m. Biz bu d\u0259st\u0259yi y\u00fcks\u0259k qiym\u0259tl\u0259ndiririk.<br \/>\n\u00d6lk\u0259mizin H\u0259r\u0259kata s\u0259drliyi d\u00f6vr\u00fcnd\u0259 \u00fczv d\u00f6vl\u0259tl\u0259r aras\u0131nda h\u0259mr\u0259ylik v\u0259 qar\u015f\u0131l\u0131ql\u0131 d\u0259st\u0259k m\u00fcnasib\u0259tl\u0259rinin t\u0259\u015fviqi prioritetimiz olacaqd\u0131r. Biz, h\u0259m\u00e7inin \u00fczv \u00f6lk\u0259l\u0259r aras\u0131nda m\u00f6vcud olan m\u0259s\u0259l\u0259l\u0259rin, yarana bil\u0259c\u0259k probleml\u0259rin h\u0259llin\u0259 k\u00f6m\u0259k g\u00f6st\u0259rm\u0259y\u0259 \u00e7al\u0131\u015faca\u011f\u0131q.<\/p>\n<p>BMT Ba\u015f Assambleyas\u0131ndan sonra \u00fczv d\u00f6vl\u0259tl\u0259rin say\u0131na g\u00f6r\u0259 \u0259n b\u00f6y\u00fck beyn\u0259lxalq t\u0259sisat olan Qo\u015fulmama H\u0259r\u0259kat\u0131n\u0131n bu iki g\u00fcn \u0259rzind\u0259 &#8211; bu g\u00fcn v\u0259 sabah Bak\u0131da ke\u00e7iril\u0259n Zirv\u0259 G\u00f6r\u00fc\u015f\u00fc d\u00fcnya miqyas\u0131nda \u0259n \u00f6n\u0259mli hadis\u0259dir.<br \/>\n\u00dcmid edir\u0259m ki, n\u00fcmay\u0259nd\u0259 hey\u0259tl\u0259rinin \u00fczvl\u0259ri imkan tap\u0131b paytaxt Bak\u0131 il\u0259 tan\u0131\u015f olacaqlar. Bak\u0131 d\u00fcnyan\u0131n \u0259n q\u0259dim \u015f\u0259h\u0259rl\u0259rind\u0259n biridir. \u018fn az\u0131 20 min il tarixi olan Qobustan petroqlifl\u0259ri, VI \u0259sr\u0259 aid olan Q\u0131z qalas\u0131, XII \u0259srd\u0259 in\u015fa edilmi\u015f \u0130\u00e7\u0259ri\u015f\u0259h\u0259r, Qala divarlar\u0131 v\u0259 \u015eirvan\u015fahlar Saray\u0131 kimi abid\u0259l\u0259rimiz UNESKO-nun \u00dcmumd\u00fcnya \u0130rs Siyah\u0131s\u0131na daxildir. \u00dc\u00e7 ay bundan \u0259vv\u0259l Bak\u0131da UNESKO-nun \u00dcmumd\u00fcnya \u0130rs Komit\u0259sinin 43-c\u00fc sessiyas\u0131nda q\u0259dim Az\u0259rbaycan \u015f\u0259h\u0259ri olan \u015e\u0259kinin tarixi m\u0259rk\u0259zi v\u0259 \u015e\u0259ki Xan Saray\u0131 \u00dcmumd\u00fcnya \u0130rs Siyah\u0131s\u0131na daxil edilmi\u015fdir.<\/p>\n<p>Az\u0259rbaycan q\u0259dim tarix\u0259, z\u0259ngin m\u0259d\u0259niyy\u0259t\u0259 malikdir. \u00d6lk\u0259mizd\u0259 m\u00f6vcud olan tarixi abid\u0259l\u0259r bunu \u0259yani \u015f\u0259kild\u0259 t\u0259sdiq edir. Az\u0259rbaycan \u0259razisind\u0259 eram\u0131zdan \u0259vv\u0259l birinci \u0259srd\u0259 yarad\u0131lm\u0131\u015f v\u0259 b\u00f6y\u00fck bir \u0259razini \u0259hat\u0259 etmi\u015f Qafqaz Albaniyas\u0131na aid \u00e7oxlu tarixi abid\u0259l\u0259rimiz m\u00f6vcuddur. Bel\u0259 abid\u0259l\u0259rd\u0259n biri d\u0259 \u015e\u0259ki rayonunun Ki\u015f k\u0259ndind\u0259ki alban m\u0259b\u0259didir.<\/p>\n<p>On \u00fc\u00e7 \u0259sr bundan \u0259vv\u0259l, 743-c\u00fc ild\u0259 in\u015fa olunmu\u015f \u015eamax\u0131 C\u00fcm\u0259 M\u0259scidi Qafqazda v\u0259 Yax\u0131n \u015e\u0259rqd\u0259 \u0259n q\u0259dim m\u0259scidl\u0259rd\u0259n biridir. Zaman-zaman t\u0259bii f\u0259lak\u0259tl\u0259rd\u0259n v\u0259 q\u0259sdl\u0259rd\u0259n z\u0259r\u0259r \u00e7\u0259kmi\u015f bu q\u0259dim m\u0259scidd\u0259 sonuncu d\u0259f\u0259 m\u0259nim S\u0259r\u0259ncam\u0131mla \u0259sasl\u0131 t\u0259mir v\u0259 b\u0259rpa i\u015fl\u0259ri apar\u0131lm\u0131\u015f, 2013-c\u00fc ild\u0259 m\u0259scidin a\u00e7\u0131l\u0131\u015f\u0131 olmu\u015fdur. Bak\u0131 yax\u0131nl\u0131\u011f\u0131nda at\u0259\u015fp\u0259r\u0259stliyin erk\u0259n orta \u0259srl\u0259r\u0259 aid At\u0259\u015fgah m\u0259b\u0259di m\u00f6vcuddur. Bizim dini v\u0259 etnik m\u00fcxt\u0259lifliyimiz b\u00f6y\u00fck s\u0259rv\u0259timizdir. Bu il biz q\u0259dim \u015eamax\u0131 \u015f\u0259h\u0259rind\u0259 d\u00fcnyaya g\u0259lmi\u015f b\u00f6y\u00fck Az\u0259rbaycan \u015fairi v\u0259 m\u00fct\u0259f\u0259kkiri \u0130mad\u0259ddin N\u0259siminin 650 illik yubileyini qeyd edirik. M\u0259nim S\u0259r\u0259ncam\u0131mla 2019-cu il Az\u0259rbaycanda \u201cN\u0259simi ili\u201d elan olunmu\u015fdur. Az\u0259rbaycan d\u00fcnya m\u0259d\u0259niyy\u0259tin\u0259 Nizami G\u0259nc\u0259vi, \u0130mad\u0259ddin N\u0259simi, M\u0259h\u0259mm\u0259d F\u00fczuli, b\u00f6y\u00fck s\u0259rk\u0259rd\u0259 v\u0259 \u015fair \u015eah \u0130smay\u0131l X\u0259tai v\u0259 dig\u0259r d\u00fchalar b\u0259x\u015f etmi\u015fdir. Onlar\u0131n \u0259s\u0259rl\u0259ri d\u00fcnya \u0259d\u0259biyyat\u0131n\u0131n incil\u0259ri s\u0131ras\u0131na daxildir.<\/p>\n<p>Bak\u0131 \u015f\u0259h\u0259ri m\u00fcnt\u0259z\u0259m olaraq sanball\u0131 beyn\u0259lxalq t\u0259dbirl\u0259r\u0259 ev sahibliyi edir. Bunlar\u0131n s\u0131ras\u0131nda \u00dcmumd\u00fcnya M\u0259d\u0259niyy\u0259tl\u0259raras\u0131 Dialoq Forumunu, D\u00fcnya Dini Liderl\u0259rinin Forumunu, BMT-nin Sivilizasiyalar Alyans\u0131n\u0131n Qlobal Forumunu qeyd etm\u0259k olar. 2008-ci ild\u0259n bizim t\u0259\u015f\u0259bb\u00fcs\u00fcm\u00fczl\u0259 h\u0259yata ke\u00e7iril\u0259n \u201cBak\u0131 Prosesi\u201d v\u0259 onun m\u0259ntiqi davam\u0131 olaraq t\u0259sis edilmi\u015f \u00dcmumd\u00fcnya M\u0259d\u0259niyy\u0259tl\u0259raras\u0131 Dialoq Forumu qlobal platforma kimi BMT Ba\u015f Assambleyas\u0131n\u0131n q\u0259tnam\u0259l\u0259ri il\u0259 d\u0259st\u0259kl\u0259nir. G\u0259l\u0259n ay is\u0259 \u00f6lk\u0259mizd\u0259 D\u00fcnya Dini Liderl\u0259rinin II Sammiti ke\u00e7iril\u0259c\u0259kdir. 2015-ci ild\u0259 Az\u0259rbaycanda ke\u00e7irilmi\u015f birinci Avropa Oyunlar\u0131nda, 2017-ci ild\u0259 \u00f6lk\u0259mizd\u0259 t\u0259\u015fkil olunmu\u015f IV \u0130slam H\u0259mr\u0259yliyi Oyunlar\u0131nda \u00fcmumilikd\u0259 Avropa v\u0259 m\u00fcs\u0259lman d\u00fcnyas\u0131n\u0131 t\u0259msil ed\u0259n 104 \u00f6lk\u0259d\u0259n idman\u00e7\u0131lar i\u015ftirak etmi\u015fl\u0259r. S\u00f6z d\u00fc\u015fm\u00fc\u015fk\u0259n, Az\u0259rbaycan komanda hesab\u0131nda Avropa Oyunlar\u0131nda ikinci yeri, \u0130slam H\u0259mr\u0259yliyi Oyunlar\u0131nda is\u0259 birinci yeri tutmu\u015fdur. \u0130dman Az\u0259rbaycan\u0131n d\u00f6vl\u0259t siyas\u0259tini t\u0259\u015fkil edir. Rioda ke\u00e7irilmi\u015f son yay Olimpiya Oyunlar\u0131nda \u00f6lk\u0259miz qazan\u0131lan medallar\u0131n say\u0131na g\u00f6r\u0259 d\u00fcnyada 14-c\u00fc, Avropa \u00f6lk\u0259l\u0259ri aras\u0131nda 7-ci, m\u00fcs\u0259lman al\u0259mind\u0259 is\u0259 1-ci yeri tutmu\u015fdur. Onu da deyim ki, h\u0259r il Bak\u0131 \u015f\u0259h\u0259ri 500 milyon tama\u015fa\u00e7\u0131s\u0131 olan Formula 1 yar\u0131\u015flar\u0131na da ev sahibliyi edir.<\/p>\n<p>H\u00f6rm\u0259tli qonaqlar, xan\u0131mlar v\u0259 c\u0259nablar.<\/p>\n<p>Bizim tarixi abid\u0259l\u0259rimizl\u0259 yana\u015f\u0131, g\u00f6z\u0259l t\u0259bi\u0259timiz, m\u00fclayim iqlimimiz, z\u0259ngin m\u0259tb\u0259ximiz v\u0259 \u0259n \u0259sas\u0131 is\u0259 qonaqp\u0259rv\u0259r xalq\u0131m\u0131z var. M\u00fcasir infrastruktura malik Bak\u0131 \u015f\u0259h\u0259ri is\u0259 d\u00fcnyan\u0131n \u0259n g\u00f6z\u0259l v\u0259 t\u0259hl\u00fck\u0259siz \u015f\u0259h\u0259rl\u0259rind\u0259n biridir. \u00dcmid edir\u0259m ki, n\u00fcmay\u0259nd\u0259 hey\u0259tl\u0259ri buradan \u0259n xo\u015f t\u0259\u0259ss\u00fcratlarla ayr\u0131laraq Bak\u0131ya bir daha qay\u0131tmaq ist\u0259y\u0259c\u0259kl\u0259r. \u0130nan\u0131ram ki, Bak\u0131 haqq\u0131nda q\u0259lbinizd\u0259 daim xo\u015f xatir\u0259l\u0259r qalacaqd\u0131r.<br \/>\nSa\u011f olun.<\/p>\n<p>R\u0259smi ziyaf\u0259t konsert proqram\u0131 il\u0259 davam edib.<\/p>\n<div class=\"gallery\">\n<div class=\"gallery-i\"><img src=\"https:\/\/assets.oxu.az\/uploads\/W1siZiIsIjIwMTkvMTAvMjYvMDIvMjQvMzEvYTdlNjJlZDItMzk4OS00OWRjLWFjOTUtY2YyOWU0OTAyNDYzLzIzNWRiMzZjODkyM2YyOS5qcGciXSxbInAiLCJlbmNvZGUiLCJqcGciLCItcXVhbGl0eSA4MCJdLFsicCIsInRodW1iIiwiNTkweDU5MFx1MDAzZSJdXQ?sha=dd879d7b9e3dbfe2\" alt=\"\" \/><\/p>\n<div class=\"gallery-i-caption\"><\/div>\n<\/div>\n<div class=\"gallery-i\"><img src=\"https:\/\/assets.oxu.az\/uploads\/W1siZiIsIjIwMTkvMTAvMjYvMDIvMjQvMzEvMDE5MGVlM2UtMTMyNy00NTJmLTliYTctYTE5NmQxZTU2NWZlLzI3NWRiMzZjOGM4NzRiZi5qcGciXSxbInAiLCJlbmNvZGUiLCJqcGciLCItcXVhbGl0eSA4MCJdLFsicCIsInRodW1iIiwiNTkweDU5MFx1MDAzZSJdXQ?sha=f4aff28905f8f0fc\" alt=\"\" \/><\/p>\n<div class=\"gallery-i-caption\"><\/div>\n<\/div>\n<div class=\"gallery-i\"><img src=\"https:\/\/assets.oxu.az\/uploads\/W1siZiIsIjIwMTkvMTAvMjYvMDIvMjQvMzEvNTE4YWZjMDUtODFjZS00MjQwLWI4ZDQtNWJmMGQ0ZDM2NjgyLzI3NWRiMzZjOTIyYWQ3Ni5qcGciXSxbInAiLCJlbmNvZGUiLCJqcGciLCItcXVhbGl0eSA4MCJdLFsicCIsInRodW1iIiwiNTkweDU5MFx1MDAzZSJdXQ?sha=804f635f5e287082\" alt=\"\" \/><\/p>\n<div class=\"gallery-i-caption\"><\/div>\n<\/div>\n<div class=\"gallery-i\"><img src=\"https:\/\/assets.oxu.az\/uploads\/W1siZiIsIjIwMTkvMTAvMjYvMDIvMjQvMzEvM2M2OTg5Y2YtZjY1ZS00ZTBlLTlkZDEtNTFkMjJiYmQ2YzM1LzQyNWRiMzZjODAzYjM5YS5qcGciXSxbInAiLCJlbmNvZGUiLCJqcGciLCItcXVhbGl0eSA4MCJdLFsicCIsInRodW1iIiwiNTkweDU5MFx1MDAzZSJdXQ?sha=a45e98218726dfbd\" alt=\"\" \/><\/p>\n<div class=\"gallery-i-caption\"><\/div>\n<\/div>\n<div class=\"gallery-i\"><img src=\"https:\/\/assets.oxu.az\/uploads\/W1siZiIsIjIwMTkvMTAvMjYvMDIvMjQvMzEvNjZjMTJjNmYtODI1Yi00NTA4LThjOTMtYzBjZjE4NmU1ZjhlLzc3NWRiMzZjODU2NjE3ZS5qcGciXSxbInAiLCJlbmNvZGUiLCJqcGciLCItcXVhbGl0eSA4MCJdLFsicCIsInRodW1iIiwiNTkweDU5MFx1MDAzZSJdXQ?sha=f94cd2690267769b\" alt=\"\" \/><\/p>\n<div class=\"gallery-i-caption\"><\/div>\n<\/div>\n<div class=\"gallery-i\"><img src=\"https:\/\/assets.oxu.az\/uploads\/W1siZiIsIjIwMTkvMTAvMjYvMDIvMjQvMzIvNjExMjc5ZTAtNjdlOC00NzFlLWFjMmItNGRkYTY1YzcxMTcyLzgwNWRiMzZjOGU5OGU3YyAoMSkuanBnIl0sWyJwIiwiZW5jb2RlIiwianBnIiwiLXF1YWxpdHkgODAiXSxbInAiLCJ0aHVtYiIsIjU5MHg1OTBcdTAwM2UiXV0?sha=05482d3d04898482\" alt=\"\" \/><\/p>\n<div class=\"gallery-i-caption\"><\/div>\n<\/div>\n<div class=\"gallery-i\"><img src=\"https:\/\/assets.oxu.az\/uploads\/W1siZiIsIjIwMTkvMTAvMjYvMDIvMjQvMzMvMWI5MzcwMmQtZmQ2MS00MTAxLTg2OTEtNmVjMTJmYTAwYmZkLzkwNWRiMzZjODM0ODRhNy5qcGciXSxbInAiLCJlbmNvZGUiLCJqcGciLCItcXVhbGl0eSA4MCJdLFsicCIsInRodW1iIiwiNTkweDU5MFx1MDAzZSJdXQ?sha=74444aa52cca8a5d\" alt=\"\" \/><\/div>\n<div>oxu.az<\/div>\n<\/div>\n","protected":false},"excerpt":{"rendered":"<p>Oktyabr\u0131n 25-d\u0259 Az\u0259rbaycan Respublikas\u0131n\u0131n Prezidenti \u0130lham \u018fliyevin ad\u0131ndan Qo\u015fulmama H\u0259r\u0259kat\u0131n\u0131n Bak\u0131da ke\u00e7iril\u0259n XVIII Zirv\u0259 G\u00f6r\u00fc\u015f\u00fcnd\u0259 i\u015ftirak ed\u0259n d\u00f6vl\u0259t v\u0259 h\u00f6kum\u0259t ba\u015f\u00e7\u0131lar\u0131n\u0131n, n\u00fcmay\u0259nd\u0259 hey\u0259tl\u0259rinin r\u0259hb\u0259rl\u0259rinin \u015f\u0259r\u0259fin\u0259 r\u0259smi ziyaf\u0259t verilib. ARANTV.AZ\u00a0 x\u0259b\u0259r verir ki, Az\u0259rbaycan Respublikas\u0131n\u0131n Prezidenti \u0130lham \u018fliyev v\u0259 birinci xan\u0131m Mehriban \u018fliyeva ziyaf\u0259td\u0259 i\u015ftirak edibl\u0259r. D\u00f6vl\u0259timizin ba\u015f\u00e7\u0131s\u0131 r\u0259smi ziyaf\u0259td\u0259 \u00e7\u0131x\u0131\u015f etdi. Prezident \u0130lham \u018fliyevin \u00e7\u0131x\u0131\u015f\u0131 -H\u00f6rm\u0259tli d\u00f6vl\u0259t v\u0259 h\u00f6kum\u0259t ba\u015f\u00e7\u0131lar\u0131. H\u00f6rm\u0259tli qonaqlar. Xan\u0131mlar v\u0259 c\u0259nablar. M\u0259n sizin ham\u0131n\u0131z\u0131 bir daha salamlay\u0131r, \u201cAz\u0259rbaycana xo\u015f g\u0259lmisiniz!\u201d deyir\u0259m. Zirv\u0259 G\u00f6r\u00fc\u015f\u00fcm\u00fcz\u00fcn birinci g\u00fcn\u00fc ba\u015fa \u00e7at\u0131r. Sabah i\u015fimizi davam etdir\u0259c\u0259yik. H\u0259r\u0259kata \u00fc\u00e7illik s\u0259drlik s\u0259lahiyy\u0259tl\u0259rinin yekdillikl\u0259&hellip;<\/p>\n","protected":false},"author":2,"featured_media":89389,"comment_status":"closed","ping_status":"closed","sticky":false,"template":"","format":"standard","meta":{"om_disable_all_campaigns":false,"_monsterinsights_skip_tracking":false,"_monsterinsights_sitenote_active":false,"_monsterinsights_sitenote_note":"","_monsterinsights_sitenote_category":0},"categories":[4],"tags":[],"aioseo_notices":[],"gutentor_comment":0,"rttpg_featured_image_url":{"full":["https:\/\/arantv.az\/wp-content\/uploads\/2019\/10\/425db36c803b39a.jpg",620,413,false],"landscape":["https:\/\/arantv.az\/wp-content\/uploads\/2019\/10\/425db36c803b39a.jpg",620,413,false],"portraits":["https:\/\/arantv.az\/wp-content\/uploads\/2019\/10\/425db36c803b39a.jpg",620,413,false],"thumbnail":["https:\/\/arantv.az\/wp-content\/uploads\/2019\/10\/425db36c803b39a-150x150.jpg",150,150,true],"medium":["https:\/\/arantv.az\/wp-content\/uploads\/2019\/10\/425db36c803b39a-300x200.jpg",300,200,true],"large":["https:\/\/arantv.az\/wp-content\/uploads\/2019\/10\/425db36c803b39a.jpg",620,413,false],"1536x1536":["https:\/\/arantv.az\/wp-content\/uploads\/2019\/10\/425db36c803b39a.jpg",620,413,false],"2048x2048":["https:\/\/arantv.az\/wp-content\/uploads\/2019\/10\/425db36c803b39a.jpg",620,413,false],"post-thumbnail":["https:\/\/arantv.az\/wp-content\/uploads\/2019\/10\/425db36c803b39a-240x172.jpg",240,172,true],"advps-thumb-one":["https:\/\/arantv.az\/wp-content\/uploads\/2019\/10\/425db36c803b39a.jpg",620,413,false]},"rttpg_author":{"display_name":"V\u00fcsal Rafiqo\u011flu","author_link":"https:\/\/arantv.az\/?author=2"},"rttpg_comment":0,"rttpg_category":"<a href=\"https:\/\/arantv.az\/?cat=4\" rel=\"category\">Siyas\u0259t<\/a>","rttpg_excerpt":"Oktyabr\u0131n 25-d\u0259 Az\u0259rbaycan Respublikas\u0131n\u0131n Prezidenti \u0130lham \u018fliyevin ad\u0131ndan Qo\u015fulmama H\u0259r\u0259kat\u0131n\u0131n Bak\u0131da ke\u00e7iril\u0259n XVIII Zirv\u0259 G\u00f6r\u00fc\u015f\u00fcnd\u0259 i\u015ftirak ed\u0259n d\u00f6vl\u0259t v\u0259 h\u00f6kum\u0259t ba\u015f\u00e7\u0131lar\u0131n\u0131n, n\u00fcmay\u0259nd\u0259 hey\u0259tl\u0259rinin r\u0259hb\u0259rl\u0259rinin \u015f\u0259r\u0259fin\u0259 r\u0259smi ziyaf\u0259t verilib. ARANTV.AZ\u00a0 x\u0259b\u0259r verir ki, Az\u0259rbaycan Respublikas\u0131n\u0131n Prezidenti \u0130lham \u018fliyev v\u0259 birinci xan\u0131m Mehriban \u018fliyeva ziyaf\u0259td\u0259 i\u015ftirak edibl\u0259r. D\u00f6vl\u0259timizin ba\u015f\u00e7\u0131s\u0131 r\u0259smi ziyaf\u0259td\u0259 \u00e7\u0131x\u0131\u015f etdi. Prezident \u0130lham \u018fliyevin \u00e7\u0131x\u0131\u015f\u0131&hellip;","_links":{"self":[{"href":"https:\/\/arantv.az\/index.php?rest_route=\/wp\/v2\/posts\/89388"}],"collection":[{"href":"https:\/\/arantv.az\/index.php?rest_route=\/wp\/v2\/posts"}],"about":[{"href":"https:\/\/arantv.az\/index.php?rest_route=\/wp\/v2\/types\/post"}],"author":[{"embeddable":true,"href":"https:\/\/arantv.az\/index.php?rest_route=\/wp\/v2\/users\/2"}],"replies":[{"embeddable":true,"href":"https:\/\/arantv.az\/index.php?rest_route=%2Fwp%2Fv2%2Fcomments&post=89388"}],"version-history":[{"count":0,"href":"https:\/\/arantv.az\/index.php?rest_route=\/wp\/v2\/posts\/89388\/revisions"}],"wp:featuredmedia":[{"embeddable":true,"href":"https:\/\/arantv.az\/index.php?rest_route=\/wp\/v2\/media\/89389"}],"wp:attachment":[{"href":"https:\/\/arantv.az\/index.php?rest_route=%2Fwp%2Fv2%2Fmedia&parent=89388"}],"wp:term":[{"taxonomy":"category","embeddable":true,"href":"https:\/\/arantv.az\/index.php?rest_route=%2Fwp%2Fv2%2Fcategories&post=89388"},{"taxonomy":"post_tag","embeddable":true,"href":"https:\/\/arantv.az\/index.php?rest_route=%2Fwp%2Fv2%2Ftags&post=89388"}],"curies":[{"name":"wp","href":"https:\/\/api.w.org\/{rel}","templated":true}]}}