{"id":89392,"date":"2019-10-26T08:19:28","date_gmt":"2019-10-26T05:19:28","guid":{"rendered":"http:\/\/arantv.az\/?p=89392"},"modified":"2019-10-26T08:19:28","modified_gmt":"2019-10-26T05:19:28","slug":"ilham-%c9%99liyev-qurbanqulu-berdim%c9%99h%c9%99mm%c9%99dov-il%c9%99-gorusub-yenil%c9%99nib-foto","status":"publish","type":"post","link":"https:\/\/arantv.az\/?p=89392","title":{"rendered":"\u0130lham \u018fliyev Qurbanqulu Berdim\u0259h\u0259mm\u0259dov il\u0259 g\u00f6r\u00fc\u015f\u00fcb &#8211; YEN\u0130L\u018fN\u0130B + FOTO"},"content":{"rendered":"<p><strong>20:27<\/strong><\/p>\n<p>Oktyabr\u0131n 25-d\u0259 Az\u0259rbaycan Respublikas\u0131n\u0131n Prezidenti \u0130lham \u018fliyevin T\u00fcrkm\u0259nistan Prezidenti Qurbanqulu Berdim\u0259h\u0259mm\u0259dov il\u0259 g\u00f6r\u00fc\u015f\u00fc olub.<\/p>\n<p><strong>ARANTV.AZ<\/strong> x\u0259b\u0259r verir ki, Prezident \u0130lham \u018fliyev\u00a0deyib:<\/p>\n<div id=\"AdviadNativeVideo0\" class=\"AdviadNativeVideo\"><\/div>\n<p>&#8211; H\u00f6rm\u0259tli Qurbanqulu M\u0259likquliyevi\u00e7, xo\u015f g\u0259lmisiniz.<\/p>\n<p>Sizi Az\u0259rbaycan torpa\u011f\u0131nda yenid\u0259n g\u00f6rm\u0259yim\u0259 \u015fadam. Bu yax\u0131nlarda Sizinl\u0259 T\u00fcrkm\u0259nistanda MDB D\u00f6vl\u0259t Ba\u015f\u00e7\u0131lar\u0131 \u015euras\u0131n\u0131n iclas\u0131 \u00e7\u0259r\u00e7iv\u0259sind\u0259 g\u00f6r\u00fc\u015fm\u00fc\u015f\u00fck. F\u00fcrs\u0259td\u0259n istifad\u0259 edib Sizi h\u0259min iclas\u0131n g\u00f6z\u0259l t\u0259\u015fkili m\u00fcnasib\u0259til\u0259 t\u0259brik etm\u0259k v\u0259 \u0259lb\u0259tt\u0259, A\u015fqabad haqq\u0131nda t\u0259\u0259ss\u00fcratlar\u0131m\u0131 bir daha b\u00f6l\u00fc\u015fm\u0259k ist\u0259rdim. M\u0259n Sizin \u00f6lk\u0259nizd\u0259 tez-tez oluram v\u0259 orada b\u00f6y\u00fck d\u0259yi\u015fiklikl\u0259ri g\u00f6r\u00fcr\u0259m. Bunu Siz\u0259 A\u015fqabadda da demi\u015fdim, indi d\u0259 dem\u0259k ist\u0259yir\u0259m. Bu, \u015f\u0259h\u0259rsalma v\u0259 \u015f\u0259h\u0259rin, onun infrastrukturunun m\u00fcasir dinamik inki\u015faf\u0131, v\u0259t\u0259nda\u015flar \u00fc\u00e7\u00fcn, sakinl\u0259r \u00fc\u00e7\u00fcn yax\u015f\u0131 \u015f\u0259rait yarad\u0131lmas\u0131 n\u00fcmun\u0259sidir.<\/p>\n<p>\u018flb\u0259tt\u0259, biz g\u00fcnd\u0259likd\u0259ki ikit\u0259r\u0259fli m\u0259s\u0259l\u0259l\u0259r bar\u0259d\u0259 bir daha fikir m\u00fcbadil\u0259si aparmaq imkan\u0131n\u0131 \u0259ld\u0259n ver\u0259 bilm\u0259rik. Biz m\u00fcnt\u0259z\u0259m olaraq g\u00f6r\u00fc\u015f\u00fcr\u00fck. Ke\u00e7\u0259n il Sizin \u00f6lk\u0259niz\u0259 r\u0259smi s\u0259f\u0259rimi, bundan \u0259vv\u0259lki g\u00f6r\u00fc\u015f\u00fcm\u00fcz\u00fc b\u00f6y\u00fck m\u0259mnuniyy\u0259tl\u0259 xat\u0131rlay\u0131ram. Bu g\u00fcn biz praktiki olaraq b\u00fct\u00fcn sah\u0259l\u0259ri \u0259hat\u0259 ed\u0259n ikit\u0259r\u0259fli inki\u015fafla ba\u011fl\u0131 m\u00fch\u00fcm m\u0259s\u0259l\u0259l\u0259ri m\u00fczakir\u0259 ed\u0259c\u0259yik.<\/p>\n<p>\u00d6lk\u0259l\u0259rimiz aras\u0131nda qarda\u015fl\u0131q, dostluq m\u00fcnasib\u0259tl\u0259rinin b\u00f6y\u00fck tarixi \u0259sas\u0131 var. Xalqlar\u0131m\u0131z \u00e7ox\u0259srlik tarix \u0259rzind\u0259 h\u0259mi\u015f\u0259 bir-birin\u0259 qarda\u015fl\u0131q m\u00fcnasib\u0259ti b\u0259sl\u0259yib. Biz d\u0259 bu \u0259n\u0259n\u0259l\u0259ri davam etdiririk. Buna g\u00f6r\u0259 Siz\u0259 bir daha s\u0259mimi q\u0259lbd\u0259n \u201cXo\u015f g\u0259lmisiniz!\u201d deyir\u0259m v\u0259 t\u0259\u015f\u0259kk\u00fcr edir\u0259m ki, T\u00fcrkm\u0259nistan Qo\u015fulmama H\u0259r\u0259kat\u0131n\u0131n Zirv\u0259 G\u00f6r\u00fc\u015f\u00fcnd\u0259 \u0259n y\u00fcks\u0259k s\u0259viyy\u0259d\u0259 i\u015ftirak edir.<\/p>\n<p>Prezident Qurbanqulu Berdim\u0259h\u0259mm\u0259dov\u00a0deyib:<\/p>\n<p>-H\u00f6rm\u0259tli \u0130lham Heyd\u0259r o\u011flu, T\u00fcrkm\u0259nistan\u0131n \u00fcnvan\u0131na s\u0259mimi \u00fcr\u0259k s\u00f6zl\u0259riniz\u0259 g\u00f6r\u0259 sa\u011f olun. M\u0259n d\u0259 Siz\u0259 t\u0259\u015f\u0259kk\u00fcr etm\u0259k ist\u0259rdim ki, m\u0259ni Qo\u015fulmama H\u0259r\u0259kat\u0131n\u0131n i\u015ftirak\u00e7\u0131s\u0131 olan \u00f6lk\u0259l\u0259rin XVIII Zirv\u0259 G\u00f6r\u00fc\u015f\u00fcn\u0259 d\u0259v\u0259t etmisiniz. M\u0259n b\u0259ri ba\u015fdan Sizi t\u0259brik etm\u0259k ist\u0259yir\u0259m. Zirv\u0259 G\u00f6r\u00fc\u015f\u00fc \u0259n y\u00fcks\u0259k v\u0259 m\u00fct\u0259\u015f\u0259kkil s\u0259viyy\u0259d\u0259 ke\u00e7ir. Bu m\u00fcnasib\u0259tl\u0259 Sizi t\u0259brik edir\u0259m. \u018flb\u0259tt\u0259, Zirv\u0259 G\u00f6r\u00fc\u015f\u00fcn\u00fcn mahiyy\u0259ti b\u00fct\u00fcn d\u00fcnyada sabitliyin, t\u0259hl\u00fck\u0259sizliyin v\u0259 s\u00fclh\u00fcn m\u00f6hk\u0259ml\u0259ndirilm\u0259sidir. Burada bizim iqtisadi m\u00fcnasib\u0259tl\u0259rimiz v\u0259 \u0259n ba\u015fl\u0131cas\u0131, dey\u0259rdim ki, humanitar v\u0259 beyn\u0259lxalq m\u0259s\u0259l\u0259l\u0259r m\u00fch\u00fcm rol oynay\u0131r. Y\u0259qin ki, h\u0259r bir d\u00f6vl\u0259td\u0259 m\u0259hz onun \u00f6z maraqlar\u0131 m\u00fch\u00fcm rol oynay\u0131r. Bu, h\u0259r\u0259kat \u00fczvl\u0259rinin bug\u00fcnk\u00fc \u00e7\u0131x\u0131\u015flar\u0131ndan da ayd\u0131n g\u00f6r\u00fcn\u00fcrd\u00fc. H\u0259r bir d\u00f6vl\u0259tin suverenliyi, \u0259razi b\u00fct\u00f6vl\u00fcy\u00fc y\u0259qin ki, \u00e7ox b\u00f6y\u00fck \u0259h\u0259miyy\u0259t k\u0259sb edir. Buna g\u00f6r\u0259 bildiyiniz kimi, biz d\u0259 bit\u0259r\u0259f \u00f6lk\u0259yik, T\u00fcrkm\u0259nistan neytrald\u0131r. Biz Sizin qon\u015fular\u0131n\u0131z, qarda\u015flar\u0131n\u0131z\u0131q. \u018flb\u0259tt\u0259, biz buna Birl\u0259\u015fmi\u015f Mill\u0259tl\u0259r T\u0259\u015fkilat\u0131n\u0131n Nizamnam\u0259si m\u00f6vqeyind\u0259n d\u0259 bax\u0131r\u0131q ki, he\u00e7 vaxt qar\u015f\u0131durma olmas\u0131n. B\u00fct\u00fcn bu m\u0259s\u0259l\u0259l\u0259ri, \u0259lb\u0259tt\u0259, siyasi, diplomatik vasit\u0259l\u0259rl\u0259 h\u0259ll etm\u0259k laz\u0131md\u0131r. Buna g\u00f6r\u0259 bu g\u00fcn b\u0259lk\u0259 d\u0259 b\u00fct\u00fcn beyn\u0259lxalq arena \u00fc\u00e7\u00fcn \u00e7ox vacib Zirv\u0259 G\u00f6r\u00fc\u015f\u00fcn\u00fcn u\u011furlu ke\u00e7irilm\u0259si m\u00fcnasib\u0259til\u0259 Sizi bir daha t\u0259brik etm\u0259k ist\u0259yir\u0259m.<\/p>\n<p>Bir s\u00f6z d\u0259 dem\u0259k ist\u0259rdim v\u0259 bu, kompliment deyil. Q\u0259dim X\u0259z\u0259rin sahilind\u0259ki Bak\u0131 h\u0259mi\u015f\u0259ki kimi g\u0259ncl\u0259\u015fir v\u0259 g\u00f6z\u0259ll\u0259\u015fir. Onun \u00f6z\u00fcn\u0259m\u0259xsus memarl\u0131\u011f\u0131 var. \u0130nsan burada g\u00f6rd\u00fckl\u0259rin\u0259 h\u0259r d\u0259f\u0259 sevinir. Buna g\u00f6r\u0259 \u00f6z ad\u0131mdan Sizi t\u0259brik etm\u0259k ist\u0259rdim ki, bu g\u00fcn m\u00fcasir Bak\u0131 daha da g\u00f6z\u0259ll\u0259\u015fir.<\/p>\n<p>Bizim ikit\u0259r\u0259fli m\u00fcnasib\u0259tl\u0259rimiz\u0259 g\u0259ldikd\u0259, Siz d\u0259 dediyiniz kimi, siyas\u0259t m\u0259s\u0259l\u0259sini, \u0259lb\u0259tt\u0259 ki, b\u0259rab\u0259r xat\u0131rlad\u0131q. \u0130qtisadi m\u0259s\u0259l\u0259l\u0259r\u0259 g\u0259ldikd\u0259, qeyd etm\u0259k ist\u0259rdim ki, onlar y\u00fcks\u0259l\u0259n x\u0259tt \u00fczr\u0259 inki\u015faf edir v\u0259 bel\u0259 d\u0259 olmal\u0131d\u0131r. Sevindirici hald\u0131r ki, enerji t\u0259hl\u00fck\u0259sizliyi m\u0259s\u0259l\u0259l\u0259rind\u0259 biz eyni m\u00f6vqed\u0259yik. \u00dcmumiyy\u0259tl\u0259, Siz\u0259 t\u0259\u015f\u0259kk\u00fcr edir\u0259m ki, bu g\u00fcn biz n\u0259qliyyat v\u0259 tranzit d\u0259hlizl\u0259rini n\u0259inki regionda, daha geni\u015f miqyasda birlikd\u0259 inki\u015faf etdiririk. Sevindiricidir ki, bizd\u0259 b\u00fct\u00fcn bu m\u0259s\u0259l\u0259l\u0259ri \u0130qtisadi \u018fm\u0259kda\u015fl\u0131q \u00fczr\u0259 H\u00f6kum\u0259tl\u0259raras\u0131 Komissiya \u0259laq\u0259l\u0259ndirir. Buna g\u00f6r\u0259 d\u0259v\u0259t \u00fc\u00e7\u00fcn Siz\u0259 bir daha t\u0259\u015f\u0259kk\u00fcr etm\u0259k, d\u00f6vl\u0259ti f\u0259aliyy\u0259tinizd\u0259 bundan sonra da u\u011furlar dil\u0259m\u0259k, \u0259n xo\u015f arzular\u0131m\u0131 bildirm\u0259k, qarda\u015f Az\u0259rbaycan xalq\u0131na firavanl\u0131q, xo\u015fb\u0259xtlik arzu etm\u0259k ist\u0259rdim. Bir daha sa\u011f olun.<\/p>\n<p>Prezident \u0130lham \u018fliyev:\u00a0Sa\u011f olun.<\/p>\n<p><strong>18:23<\/strong><\/p>\n<div id=\"selectedtext\">\n<p>Oktyabr\u0131n 25-d\u0259 Az\u0259rbaycan Respublikas\u0131n\u0131n Prezidenti \u0130lham \u018fliyevin T\u00fcrkm\u0259nistan Prezidenti Qurbanqulu Berdim\u0259h\u0259mm\u0259dov il\u0259 g\u00f6r\u00fc\u015f\u00fc olub.<\/p>\n<div>Bu bar\u0259d\u0259\u00a0<a href=\"https:\/\/azertag.az\/xeber\/Azerbaycan_Prezidenti_Ilham_Aliyevin_Turkmenistan_Prezidenti_Qurbanqulu_Berdimehemmedov_ile_gorusu_olub_YENILANACAK-1347543\" target=\"_blank\" rel=\"noopener\">AZ\u018fRTAC<\/a>\u00a0m\u0259lumat yay\u0131b.<\/div>\n<div class=\"gallery\">\n<div class=\"gallery-i\"><img src=\"https:\/\/assets.oxu.az\/uploads\/W1siZiIsIjIwMTkvMTAvMjUvMTgvMjEvMTUvNTRhNWVlNTItMDE5ZS00N2I5LTgwNjYtN2Y2ZDMzMWQ0YmNlL3R1cmttZW5pc3RhbiBwcmV6aWRlbnRpLmpwZyJdLFsicCIsImVuY29kZSIsImpwZyIsIi1xdWFsaXR5IDgwIl0sWyJwIiwidGh1bWIiLCI1OTB4NTkwXHUwMDNlIl1d?sha=3a1e8e47fbcf7c24\" alt=\"\" \/><\/p>\n<div class=\"gallery-i-caption\"><\/div>\n<\/div>\n<div class=\"gallery-i\"><img src=\"https:\/\/assets.oxu.az\/uploads\/W1siZiIsIjIwMTkvMTAvMjUvMTgvMjEvMTUvMzY2YjIzYzMtMTY0MC00MjgzLWJiZDAtMjYzNjlkYzliMzNhL3R1cmttZW5pc3RuMi5qcGciXSxbInAiLCJlbmNvZGUiLCJqcGciLCItcXVhbGl0eSA4MCJdLFsicCIsInRodW1iIiwiNTkweDU5MFx1MDAzZSJdXQ?sha=2669801d549dfd0c\" alt=\"\" \/><\/div>\n<\/div>\n<\/div>\n","protected":false},"excerpt":{"rendered":"<p>20:27 Oktyabr\u0131n 25-d\u0259 Az\u0259rbaycan Respublikas\u0131n\u0131n Prezidenti \u0130lham \u018fliyevin T\u00fcrkm\u0259nistan Prezidenti Qurbanqulu Berdim\u0259h\u0259mm\u0259dov il\u0259 g\u00f6r\u00fc\u015f\u00fc olub. ARANTV.AZ x\u0259b\u0259r verir ki, Prezident \u0130lham \u018fliyev\u00a0deyib: &#8211; H\u00f6rm\u0259tli Qurbanqulu M\u0259likquliyevi\u00e7, xo\u015f g\u0259lmisiniz. Sizi Az\u0259rbaycan torpa\u011f\u0131nda yenid\u0259n g\u00f6rm\u0259yim\u0259 \u015fadam. Bu yax\u0131nlarda Sizinl\u0259 T\u00fcrkm\u0259nistanda MDB D\u00f6vl\u0259t Ba\u015f\u00e7\u0131lar\u0131 \u015euras\u0131n\u0131n iclas\u0131 \u00e7\u0259r\u00e7iv\u0259sind\u0259 g\u00f6r\u00fc\u015fm\u00fc\u015f\u00fck. F\u00fcrs\u0259td\u0259n istifad\u0259 edib Sizi h\u0259min iclas\u0131n g\u00f6z\u0259l t\u0259\u015fkili m\u00fcnasib\u0259til\u0259 t\u0259brik etm\u0259k v\u0259 \u0259lb\u0259tt\u0259, A\u015fqabad haqq\u0131nda t\u0259\u0259ss\u00fcratlar\u0131m\u0131 bir daha b\u00f6l\u00fc\u015fm\u0259k ist\u0259rdim. M\u0259n Sizin \u00f6lk\u0259nizd\u0259 tez-tez oluram v\u0259 orada b\u00f6y\u00fck d\u0259yi\u015fiklikl\u0259ri g\u00f6r\u00fcr\u0259m. Bunu Siz\u0259 A\u015fqabadda da demi\u015fdim, indi d\u0259 dem\u0259k ist\u0259yir\u0259m. Bu, \u015f\u0259h\u0259rsalma v\u0259 \u015f\u0259h\u0259rin, onun infrastrukturunun&hellip;<\/p>\n","protected":false},"author":2,"featured_media":89393,"comment_status":"closed","ping_status":"closed","sticky":false,"template":"","format":"standard","meta":{"om_disable_all_campaigns":false,"_monsterinsights_skip_tracking":false,"_monsterinsights_sitenote_active":false,"_monsterinsights_sitenote_note":"","_monsterinsights_sitenote_category":0},"categories":[4],"tags":[],"aioseo_notices":[],"gutentor_comment":0,"rttpg_featured_image_url":{"full":["https:\/\/arantv.az\/wp-content\/uploads\/2019\/10\/turkmenistan-prezidenti.jpg",620,403,false],"landscape":["https:\/\/arantv.az\/wp-content\/uploads\/2019\/10\/turkmenistan-prezidenti.jpg",620,403,false],"portraits":["https:\/\/arantv.az\/wp-content\/uploads\/2019\/10\/turkmenistan-prezidenti.jpg",620,403,false],"thumbnail":["https:\/\/arantv.az\/wp-content\/uploads\/2019\/10\/turkmenistan-prezidenti-150x150.jpg",150,150,true],"medium":["https:\/\/arantv.az\/wp-content\/uploads\/2019\/10\/turkmenistan-prezidenti-300x195.jpg",300,195,true],"large":["https:\/\/arantv.az\/wp-content\/uploads\/2019\/10\/turkmenistan-prezidenti.jpg",620,403,false],"1536x1536":["https:\/\/arantv.az\/wp-content\/uploads\/2019\/10\/turkmenistan-prezidenti.jpg",620,403,false],"2048x2048":["https:\/\/arantv.az\/wp-content\/uploads\/2019\/10\/turkmenistan-prezidenti.jpg",620,403,false],"post-thumbnail":["https:\/\/arantv.az\/wp-content\/uploads\/2019\/10\/turkmenistan-prezidenti-240x172.jpg",240,172,true],"advps-thumb-one":["https:\/\/arantv.az\/wp-content\/uploads\/2019\/10\/turkmenistan-prezidenti.jpg",620,403,false]},"rttpg_author":{"display_name":"V\u00fcsal Rafiqo\u011flu","author_link":"https:\/\/arantv.az\/?author=2"},"rttpg_comment":0,"rttpg_category":"<a href=\"https:\/\/arantv.az\/?cat=4\" rel=\"category\">Siyas\u0259t<\/a>","rttpg_excerpt":"20:27 Oktyabr\u0131n 25-d\u0259 Az\u0259rbaycan Respublikas\u0131n\u0131n Prezidenti \u0130lham \u018fliyevin T\u00fcrkm\u0259nistan Prezidenti Qurbanqulu Berdim\u0259h\u0259mm\u0259dov il\u0259 g\u00f6r\u00fc\u015f\u00fc olub. ARANTV.AZ x\u0259b\u0259r verir ki, Prezident \u0130lham \u018fliyev\u00a0deyib: &#8211; H\u00f6rm\u0259tli Qurbanqulu M\u0259likquliyevi\u00e7, xo\u015f g\u0259lmisiniz. Sizi Az\u0259rbaycan torpa\u011f\u0131nda yenid\u0259n g\u00f6rm\u0259yim\u0259 \u015fadam. Bu yax\u0131nlarda Sizinl\u0259 T\u00fcrkm\u0259nistanda MDB D\u00f6vl\u0259t Ba\u015f\u00e7\u0131lar\u0131 \u015euras\u0131n\u0131n iclas\u0131 \u00e7\u0259r\u00e7iv\u0259sind\u0259 g\u00f6r\u00fc\u015fm\u00fc\u015f\u00fck. F\u00fcrs\u0259td\u0259n istifad\u0259 edib Sizi h\u0259min iclas\u0131n g\u00f6z\u0259l t\u0259\u015fkili m\u00fcnasib\u0259til\u0259 t\u0259brik&hellip;","_links":{"self":[{"href":"https:\/\/arantv.az\/index.php?rest_route=\/wp\/v2\/posts\/89392"}],"collection":[{"href":"https:\/\/arantv.az\/index.php?rest_route=\/wp\/v2\/posts"}],"about":[{"href":"https:\/\/arantv.az\/index.php?rest_route=\/wp\/v2\/types\/post"}],"author":[{"embeddable":true,"href":"https:\/\/arantv.az\/index.php?rest_route=\/wp\/v2\/users\/2"}],"replies":[{"embeddable":true,"href":"https:\/\/arantv.az\/index.php?rest_route=%2Fwp%2Fv2%2Fcomments&post=89392"}],"version-history":[{"count":0,"href":"https:\/\/arantv.az\/index.php?rest_route=\/wp\/v2\/posts\/89392\/revisions"}],"wp:featuredmedia":[{"embeddable":true,"href":"https:\/\/arantv.az\/index.php?rest_route=\/wp\/v2\/media\/89393"}],"wp:attachment":[{"href":"https:\/\/arantv.az\/index.php?rest_route=%2Fwp%2Fv2%2Fmedia&parent=89392"}],"wp:term":[{"taxonomy":"category","embeddable":true,"href":"https:\/\/arantv.az\/index.php?rest_route=%2Fwp%2Fv2%2Fcategories&post=89392"},{"taxonomy":"post_tag","embeddable":true,"href":"https:\/\/arantv.az\/index.php?rest_route=%2Fwp%2Fv2%2Ftags&post=89392"}],"curies":[{"name":"wp","href":"https:\/\/api.w.org\/{rel}","templated":true}]}}