{"id":89396,"date":"2019-10-26T08:20:29","date_gmt":"2019-10-26T05:20:29","guid":{"rendered":"http:\/\/arantv.az\/?p=89396"},"modified":"2019-10-26T08:20:29","modified_gmt":"2019-10-26T05:20:29","slug":"prezident-ilham-%c9%99liyevin-venesuela-prezidenti-nikolas-maduro-il%c9%99-gorusu-olub","status":"publish","type":"post","link":"https:\/\/arantv.az\/?p=89396","title":{"rendered":"Prezident \u0130lham \u018fliyevin Venesuela Prezidenti Nikolas Maduro il\u0259 g\u00f6r\u00fc\u015f\u00fc olub"},"content":{"rendered":"<p>Az\u0259rbaycan Respublikas\u0131n\u0131n Prezidenti \u0130lham \u018fliyev oktyabr\u0131n 25-d\u0259 Venesuela Bolivar Respublikas\u0131n\u0131n Prezidenti Nikolas Maduro il\u0259 g\u00f6r\u00fc\u015f\u00fcb.<\/p>\n<p><strong>ARANTV.AZ<\/strong> x\u0259b\u0259r verir ki, Prezident Nikolas Maduro Qo\u015fulmama H\u0259r\u0259kat\u0131na \u00fczv \u00f6lk\u0259l\u0259rin d\u00f6vl\u0259t v\u0259 h\u00f6kum\u0259t ba\u015f\u00e7\u0131lar\u0131n\u0131n XVIII Zirv\u0259 G\u00f6r\u00fc\u015f\u00fcn\u00fcn y\u00fcks\u0259k s\u0259viyy\u0259d\u0259 t\u0259\u015fkil oldundu\u011funu qeyd etdi v\u0259 Prezident \u0130lham \u018fliyev\u0259 bu Zirv\u0259 G\u00f6r\u00fc\u015f\u00fcn\u0259 s\u0259drliyin\u0259 g\u00f6r\u0259 minn\u0259tdarl\u0131\u011f\u0131n\u0131 ifad\u0259 etdi.<\/p>\n<div id=\"AdviadNativeVideo0\" class=\"AdviadNativeVideo\"><\/div>\n<p>S\u00f6hb\u0259t zaman\u0131 Az\u0259rbaycan\u0131n Qo\u015fulmama H\u0259r\u0259kat\u0131na u\u011furla s\u0259drlik ed\u0259c\u0259yin\u0259 \u0259minlik ifad\u0259 olundu.<\/p>\n<p>G\u00f6r\u00fc\u015fd\u0259 Bandunq Prinsipl\u0259rinin d\u00f6vl\u0259tl\u0259raras\u0131 m\u00fcnasib\u0259tl\u0259rd\u0259 m\u00fch\u00fcm rolu x\u00fcsusi qeyd olundu v\u0259 bu prinsipl\u0259r \u0259sas\u0131nda Qo\u015fulmama H\u0259r\u0259kat\u0131n\u0131n beyn\u0259lxalq s\u00fclh v\u0259 t\u0259hl\u00fck\u0259sizliy\u0259 t\u00f6hf\u0259 verdiyi vur\u011fuland\u0131. Bandunq Prinsipl\u0259ri, x\u00fcsusil\u0259 d\u00f6vl\u0259tl\u0259rin m\u00fcst\u0259qilliyi, suverenliyi, \u0259razi b\u00fct\u00f6vl\u00fcy\u00fc v\u0259 onlar\u0131n daxili i\u015fl\u0259rin\u0259 qar\u0131\u015f\u0131lmamas\u0131n\u0131n beyn\u0259lxalq m\u00fcnasib\u0259tl\u0259rin t\u0259m\u0259l prinsipl\u0259ri olmas\u0131n\u0131n vacibliyi bildirildi.<\/p>\n<p>S\u00f6hb\u0259t zaman\u0131, h\u0259m\u00e7inin Qo\u015fulmama H\u0259r\u0259kat\u0131 \u00e7\u0259r\u00e7iv\u0259sind\u0259 \u00fczv d\u00f6vl\u0259tl\u0259r aras\u0131nda h\u0259mr\u0259yliyin, qar\u015f\u0131l\u0131ql\u0131 d\u0259st\u0259yin v\u0259 \u0259m\u0259kda\u015fl\u0131\u011f\u0131n g\u00fccl\u0259ndirilm\u0259sinin \u00f6n\u0259mi bildirildi.az\u0259rtac<\/p>\n","protected":false},"excerpt":{"rendered":"<p>Az\u0259rbaycan Respublikas\u0131n\u0131n Prezidenti \u0130lham \u018fliyev oktyabr\u0131n 25-d\u0259 Venesuela Bolivar Respublikas\u0131n\u0131n Prezidenti Nikolas Maduro il\u0259 g\u00f6r\u00fc\u015f\u00fcb. ARANTV.AZ x\u0259b\u0259r verir ki, Prezident Nikolas Maduro Qo\u015fulmama H\u0259r\u0259kat\u0131na \u00fczv \u00f6lk\u0259l\u0259rin d\u00f6vl\u0259t v\u0259 h\u00f6kum\u0259t ba\u015f\u00e7\u0131lar\u0131n\u0131n XVIII Zirv\u0259 G\u00f6r\u00fc\u015f\u00fcn\u00fcn y\u00fcks\u0259k s\u0259viyy\u0259d\u0259 t\u0259\u015fkil oldundu\u011funu qeyd etdi v\u0259 Prezident \u0130lham \u018fliyev\u0259 bu Zirv\u0259 G\u00f6r\u00fc\u015f\u00fcn\u0259 s\u0259drliyin\u0259 g\u00f6r\u0259 minn\u0259tdarl\u0131\u011f\u0131n\u0131 ifad\u0259 etdi. S\u00f6hb\u0259t zaman\u0131 Az\u0259rbaycan\u0131n Qo\u015fulmama H\u0259r\u0259kat\u0131na u\u011furla s\u0259drlik ed\u0259c\u0259yin\u0259 \u0259minlik ifad\u0259 olundu. G\u00f6r\u00fc\u015fd\u0259 Bandunq Prinsipl\u0259rinin d\u00f6vl\u0259tl\u0259raras\u0131 m\u00fcnasib\u0259tl\u0259rd\u0259 m\u00fch\u00fcm rolu x\u00fcsusi qeyd olundu v\u0259 bu prinsipl\u0259r \u0259sas\u0131nda Qo\u015fulmama H\u0259r\u0259kat\u0131n\u0131n beyn\u0259lxalq s\u00fclh v\u0259 t\u0259hl\u00fck\u0259sizliy\u0259 t\u00f6hf\u0259 verdiyi vur\u011fuland\u0131. Bandunq Prinsipl\u0259ri, x\u00fcsusil\u0259 d\u00f6vl\u0259tl\u0259rin m\u00fcst\u0259qilliyi,&hellip;<\/p>\n","protected":false},"author":2,"featured_media":89397,"comment_status":"closed","ping_status":"closed","sticky":false,"template":"","format":"standard","meta":{"om_disable_all_campaigns":false,"_monsterinsights_skip_tracking":false,"_monsterinsights_sitenote_active":false,"_monsterinsights_sitenote_note":"","_monsterinsights_sitenote_category":0},"categories":[4],"tags":[],"aioseo_notices":[],"gutentor_comment":0,"rttpg_featured_image_url":{"full":["https:\/\/arantv.az\/wp-content\/uploads\/2019\/10\/maduro.jpg",620,417,false],"landscape":["https:\/\/arantv.az\/wp-content\/uploads\/2019\/10\/maduro.jpg",620,417,false],"portraits":["https:\/\/arantv.az\/wp-content\/uploads\/2019\/10\/maduro.jpg",620,417,false],"thumbnail":["https:\/\/arantv.az\/wp-content\/uploads\/2019\/10\/maduro-150x150.jpg",150,150,true],"medium":["https:\/\/arantv.az\/wp-content\/uploads\/2019\/10\/maduro-300x202.jpg",300,202,true],"large":["https:\/\/arantv.az\/wp-content\/uploads\/2019\/10\/maduro.jpg",620,417,false],"1536x1536":["https:\/\/arantv.az\/wp-content\/uploads\/2019\/10\/maduro.jpg",620,417,false],"2048x2048":["https:\/\/arantv.az\/wp-content\/uploads\/2019\/10\/maduro.jpg",620,417,false],"post-thumbnail":["https:\/\/arantv.az\/wp-content\/uploads\/2019\/10\/maduro-240x172.jpg",240,172,true],"advps-thumb-one":["https:\/\/arantv.az\/wp-content\/uploads\/2019\/10\/maduro.jpg",620,417,false]},"rttpg_author":{"display_name":"V\u00fcsal Rafiqo\u011flu","author_link":"https:\/\/arantv.az\/?author=2"},"rttpg_comment":0,"rttpg_category":"<a href=\"https:\/\/arantv.az\/?cat=4\" rel=\"category\">Siyas\u0259t<\/a>","rttpg_excerpt":"Az\u0259rbaycan Respublikas\u0131n\u0131n Prezidenti \u0130lham \u018fliyev oktyabr\u0131n 25-d\u0259 Venesuela Bolivar Respublikas\u0131n\u0131n Prezidenti Nikolas Maduro il\u0259 g\u00f6r\u00fc\u015f\u00fcb. ARANTV.AZ x\u0259b\u0259r verir ki, Prezident Nikolas Maduro Qo\u015fulmama H\u0259r\u0259kat\u0131na \u00fczv \u00f6lk\u0259l\u0259rin d\u00f6vl\u0259t v\u0259 h\u00f6kum\u0259t ba\u015f\u00e7\u0131lar\u0131n\u0131n XVIII Zirv\u0259 G\u00f6r\u00fc\u015f\u00fcn\u00fcn y\u00fcks\u0259k s\u0259viyy\u0259d\u0259 t\u0259\u015fkil oldundu\u011funu qeyd etdi v\u0259 Prezident \u0130lham \u018fliyev\u0259 bu Zirv\u0259 G\u00f6r\u00fc\u015f\u00fcn\u0259 s\u0259drliyin\u0259 g\u00f6r\u0259 minn\u0259tdarl\u0131\u011f\u0131n\u0131 ifad\u0259 etdi. S\u00f6hb\u0259t zaman\u0131 Az\u0259rbaycan\u0131n Qo\u015fulmama&hellip;","_links":{"self":[{"href":"https:\/\/arantv.az\/index.php?rest_route=\/wp\/v2\/posts\/89396"}],"collection":[{"href":"https:\/\/arantv.az\/index.php?rest_route=\/wp\/v2\/posts"}],"about":[{"href":"https:\/\/arantv.az\/index.php?rest_route=\/wp\/v2\/types\/post"}],"author":[{"embeddable":true,"href":"https:\/\/arantv.az\/index.php?rest_route=\/wp\/v2\/users\/2"}],"replies":[{"embeddable":true,"href":"https:\/\/arantv.az\/index.php?rest_route=%2Fwp%2Fv2%2Fcomments&post=89396"}],"version-history":[{"count":0,"href":"https:\/\/arantv.az\/index.php?rest_route=\/wp\/v2\/posts\/89396\/revisions"}],"wp:featuredmedia":[{"embeddable":true,"href":"https:\/\/arantv.az\/index.php?rest_route=\/wp\/v2\/media\/89397"}],"wp:attachment":[{"href":"https:\/\/arantv.az\/index.php?rest_route=%2Fwp%2Fv2%2Fmedia&parent=89396"}],"wp:term":[{"taxonomy":"category","embeddable":true,"href":"https:\/\/arantv.az\/index.php?rest_route=%2Fwp%2Fv2%2Fcategories&post=89396"},{"taxonomy":"post_tag","embeddable":true,"href":"https:\/\/arantv.az\/index.php?rest_route=%2Fwp%2Fv2%2Ftags&post=89396"}],"curies":[{"name":"wp","href":"https:\/\/api.w.org\/{rel}","templated":true}]}}